{"id":1271293,"date":"2026-08-31T06:33:17","date_gmt":"2026-08-31T06:33:17","guid":{"rendered":"https:\/\/www.europesays.com\/de\/1271293\/"},"modified":"2026-08-31T06:33:17","modified_gmt":"2026-08-31T06:33:17","slug":"dresdner-juniordoktor-faellt-aus-oiger","status":"publish","type":"post","link":"https:\/\/www.europesays.com\/de\/1271293\/","title":{"rendered":"Dresdner \u201eJuniordoktor\u201c f\u00e4llt aus &#8211; Oiger"},"content":{"rendered":"<p>\t<a href=\"https:\/\/www.europesays.com\/de\/wp-content\/uploads\/2026\/08\/Mikroskop-Forschung-IMG_20230515_173531.webp\"><img loading=\"lazy\" decoding=\"async\" class=\"size-full wp-image-197964\" src=\"https:\/\/www.europesays.com\/de\/wp-content\/uploads\/2026\/08\/Mikroskop-Forschung-IMG_20230515_173531.webp\" alt=\"Mikroskop in einem Mikroskop in einem biomedizinischen Labor in Breslau. Foto: Heiko Weckbrodt\" width=\"1200\" height=\"675\"  \/><\/a>Foto: Heiko Weckbrodt<br \/>\nF\u00fcr 2027 plant Stadt einen Neustart<\/p>\n<p><strong>Dresden<\/strong>, 31.08.26. Das Dresdner Bildungs-F\u00f6rderprogramm f\u00fcr die Forscher von morgen, der \u201e<a href=\"https:\/\/www.juniordoktor.de\/\" rel=\"nofollow noopener\" target=\"_blank\">Juniordoktor<\/a>\u201c f\u00e4llt in diesem Jahr aus Geld- und Personalmangel aus. Im kommenden Jahr soll es aber eine Neuauflage geben. Das geht aus einer Antwort auf eine Oiger-Anfrage hervor. \u201eF\u00fcr den Juniordoktor laufen gerade Gespr\u00e4che, dass er n\u00e4chstes Jahr wieder angeboten werden kann\u201c, hei\u00dft es aus der Stadtverwaltung. \u201ePersonal und Finanzierung haben es dieses Jahr nicht zugelassen.\u201c<\/p>\n<p>Experimentier- und Bildungsprogramm in Instituten f\u00fcr Forscher von morgen<\/p>\n<p>Hintergrund: Um ihren Status als Wissenschaftsstadt zu halten und auszubauen, zudem f\u00fcr gen\u00fcgend Nachwuchs in der Forschung zu sorgen, hatten Dresden, seine Institute und Unternehmen in den vergangenen Dekaden mehrere Programme aufgelegt. Dazu geh\u00f6ren die allj\u00e4hrliche Wissenschaftsnacht, <a href=\"https:\/\/oiger.de\/2014\/10\/16\/srz-dresden-30-feier\/30911\" rel=\"nofollow noopener\" target=\"_blank\">das Sch\u00fclerrechenzentrum \u2013 damals von Robotron initiiert \u2013<\/a>, die \u201eKinderuniversit\u00e4t\u201c der TU und eben auch der \u201e<a href=\"https:\/\/oiger.de\/2015\/01\/20\/dresdner-kinder-schweben-juniordoktor-entgegen\/41837\" rel=\"nofollow noopener\" target=\"_blank\">Juniordoktor<\/a>\u201c. Kinder und Jugendliche der Klassenstufen 3 bis 12 konnten im Zuge dieses au\u00dferschulischen Bildungsprogramms <a href=\"https:\/\/www.juniordoktor.de\/veranstalter-uebersicht\" rel=\"nofollow noopener\" target=\"_blank\">unter anderem Institute der Uni, der HTW, von Fraunhofer, Helmholtz und Leibniz sowie das Barkhausen-Institut<\/a> besuchen. Dort wurden sie von f\u00fchrenden Experten in den neuesten Stand verschiedener Fachdisziplinen eingef\u00fchrt. Danach absolvierten sie eigene kleine Experimente und andere Forschungsaufgaben. Daf\u00fcr bekamen sie dann jeweils einen Stempel <a href=\"https:\/\/www.juniordoktor.de\/pass\" rel=\"nofollow noopener\" target=\"_blank\">in einen Pass<\/a>. Wer am Ende des Schuljahres genug Stempel hatte, bekam den Titel \u201eJuniordoktor\u201c als ideelle Gratifikation verliehen. Insgesamt konnten neugierige Forscher in spe unter rund 100 Veranstaltungen pro Durchgang w\u00e4hlen.<\/p>\n<p>Dieses Konzept galt und gilt als vorbildhaft f\u00fcr eine langfristige F\u00f6rderung von wissenschaftlich-technischem Nachwuchs. Es bindet aber bei den Organisatoren in Stadtverwaltung, Instituten und Institutsverb\u00fcnden eben auch Ressourcen. Und die sind Dresden \u2013 zumindest ein St\u00fcck weit \u2013 ausgegangen. \u201eAktuell findet keine neue Staffel statt\u201c, hei\u00dft es dazu auf der Anmeldeseite. \u201eHinter den Kulissen t\u00fcfteln wir schon kr\u00e4ftig an neuen Ideen\u2026mit frischen Ideen, spannenden Schwerpunkten.\u201c<\/p>\n<p>Autor: <a href=\"https:\/\/oiger.de\/heiko-weckbrodt\" rel=\"nofollow noopener\" target=\"_blank\">Heiko Weckbrodt<\/a><\/p>\n<p>Quellen: LHD, Oiger-Archiv, juniordoktor.de<\/p>\n","protected":false},"excerpt":{"rendered":"Foto: Heiko Weckbrodt F\u00fcr 2027 plant Stadt einen Neustart Dresden, 31.08.26. Das Dresdner Bildungs-F\u00f6rderprogramm f\u00fcr die Forscher von&hellip;\n","protected":false},"author":2,"featured_media":1271294,"comment_status":"","ping_status":"","sticky":false,"template":"","format":"standard","meta":{"footnotes":"","_share_on_mastodon":"0"},"categories":[1835],"tags":[752,3364,29,2386,597,30,262603,4795,94916,859,1978,13852,193],"class_list":["post-1271293","post","type-post","status-publish","format-standard","has-post-thumbnail","category-dresden","tag-bildung","tag-de","tag-deutschland","tag-dresden","tag-forschung","tag-germany","tag-juniordoktor","tag-mint","tag-nachwuchsfoerderung","tag-sachsen","tag-schueler","tag-tu-dresden","tag-wissenschaft"],"share_on_mastodon":{"url":"","error":""},"_links":{"self":[{"href":"https:\/\/www.europesays.com\/de\/wp-json\/wp\/v2\/posts\/1271293","targetHints":{"allow":["GET"]}}],"collection":[{"href":"https:\/\/www.europesays.com\/de\/wp-json\/wp\/v2\/posts"}],"about":[{"href":"https:\/\/www.europesays.com\/de\/wp-json\/wp\/v2\/types\/post"}],"author":[{"embeddable":true,"href":"https:\/\/www.europesays.com\/de\/wp-json\/wp\/v2\/users\/2"}],"replies":[{"embeddable":true,"href":"https:\/\/www.europesays.com\/de\/wp-json\/wp\/v2\/comments?post=1271293"}],"version-history":[{"count":0,"href":"https:\/\/www.europesays.com\/de\/wp-json\/wp\/v2\/posts\/1271293\/revisions"}],"wp:featuredmedia":[{"embeddable":true,"href":"https:\/\/www.europesays.com\/de\/wp-json\/wp\/v2\/media\/1271294"}],"wp:attachment":[{"href":"https:\/\/www.europesays.com\/de\/wp-json\/wp\/v2\/media?parent=1271293"}],"wp:term":[{"taxonomy":"category","embeddable":true,"href":"https:\/\/www.europesays.com\/de\/wp-json\/wp\/v2\/categories?post=1271293"},{"taxonomy":"post_tag","embeddable":true,"href":"https:\/\/www.europesays.com\/de\/wp-json\/wp\/v2\/tags?post=1271293"}],"curies":[{"name":"wp","href":"https:\/\/api.w.org\/{rel}","templated":true}]}}