{"id":1271312,"date":"2026-08-31T06:49:17","date_gmt":"2026-08-31T06:49:17","guid":{"rendered":"https:\/\/www.europesays.com\/de\/1271312\/"},"modified":"2026-08-31T06:49:17","modified_gmt":"2026-08-31T06:49:17","slug":"duesseldorf-wersten-mercedes-ueberschlaegt-sich-fahrer-schwer-verletzt","status":"publish","type":"post","link":"https:\/\/www.europesays.com\/de\/1271312\/","title":{"rendered":"D\u00fcsseldorf-Wersten: Mercedes \u00fcberschl\u00e4gt sich \u2013 Fahrer schwer verletzt"},"content":{"rendered":"<p>Schwerer Unfall in Wersten <\/p>\n<p>Mercedes \u00fcberschl\u00e4gt sich \u2013 zwei Verletzte<\/p>\n<p>31.08.2026 &#8211; 08:37 UhrLesedauer: 1 Min.<\/p>\n<p><a href=\"#focus-0\" class=\"transition-colors block text-current relative\" data-sctrack=\"FocusGalleryImage.Reference\"><img fetchpriority=\"high\" data-testid=\"Opener.Image\"   loading=\"eager\" src=\"https:\/\/www.europesays.com\/de\/wp-content\/uploads\/2026\/08\/1788158956_191_image.jpg\" alt=\"urn:newsml:dpa.com:20090101:251225-935-1040204\" title=\"urn:newsml:dpa.com:20090101:251225-935-1040204\" width=\"800\" height=\"450\" class=\"bg-[url:var(--lqipURL)] bg-cover bg-center flex h-full w-full max-w-full\" style=\"--lqipURL:url('https:\/\/images.t-online.de\/2026\/08\/LDjPhi4XYISR\/0x75:800x450\/fit-in\/150x0\/filters:blur(25)\/image.jpg')\" decoding=\"async\"\/><img loading=\"lazy\" src=\"https:\/\/duesseldorf.t-online.de\/s\/paper\/_next\/static\/media\/zoom-in.f7dae02f.svg\" alt=\"Vergr\u00f6\u00dfern des Bildes\" title=\"Vergr\u00f6\u00dfern des Bildes\" class=\"block h-[calc(var(--height)_\/_16_*_1rem)] w-[calc(var(--width)_\/_16_*_1rem)] max-w-none absolute right-8 bottom-8 rounded-4 bg-snow p-8\" style=\"--width:32;--height:32\" decoding=\"async\"\/><\/a><\/p>\n<p>Absperrband der Polizei mit Blaulicht (Symbolbild): Nach einem Unfall in Wersten ermittelt die Polizei. Stand der Fahrer unter Alkohol- und Drogeneinfluss? (Quelle: David Young\/dpa)<\/p>\n<p><img loading=\"lazy\" src=\"https:\/\/duesseldorf.t-online.de\/s\/paper\/_next\/static\/media\/audio-volume.6689034c.svg\" alt=\"\" title=\"\" class=\"block h-[calc(var(--height)_\/_16_*_1rem)] w-[calc(var(--width)_\/_16_*_1rem)] max-w-none group-hover:brightness-0 group-hover:invert\" style=\"--width:16;--height:16\" decoding=\"async\"\/>Vorlesen<\/p>\n<p>Aktuelle Zeit:0:00Gesamtdauer:0:00<\/p>\n<p>1x<img loading=\"lazy\" src=\"https:\/\/duesseldorf.t-online.de\/s\/paper\/_next\/static\/media\/font-sizes.32942e33.svg\" alt=\"\" title=\"\" class=\"block h-[calc(var(--height)_\/_16_*_1rem)] w-[calc(var(--width)_\/_16_*_1rem)] max-w-none group-hover:hidden group-aria-expanded:hidden\" style=\"--width:16;--height:16\" decoding=\"async\"\/><img loading=\"lazy\" src=\"https:\/\/duesseldorf.t-online.de\/s\/paper\/_next\/static\/media\/font-sizes-dark-mode.e382645c.svg\" alt=\"\" title=\"\" class=\"block h-[calc(var(--height)_\/_16_*_1rem)] w-[calc(var(--width)_\/_16_*_1rem)] max-w-none hidden group-hover:block group-aria-expanded:block\" style=\"--width:16;--height:16\" decoding=\"async\"\/><img loading=\"lazy\" src=\"https:\/\/duesseldorf.t-online.de\/s\/paper\/_next\/static\/media\/sharing-menu-icon.1eb71368.svg\" alt=\"\" title=\"\" class=\"block h-[calc(var(--height)_\/_16_*_1rem)] w-[calc(var(--width)_\/_16_*_1rem)] max-w-none group-hover:brightness-0 group-hover:invert\" style=\"--width:16;--height:16\" decoding=\"async\"\/>Artikel teilen<\/p>\n<p class=\"font-bold text-18 leading-17 user-text-lg:text-22 user-text-xl:text-24\">In den fr\u00fchen Morgenstunden verliert ein Fahrer in D\u00fcsseldorf-Wersten die Kontrolle \u00fcber sein Fahrzeug. Was folgt, hinterl\u00e4sst ein weitr\u00e4umiges Tr\u00fcmmerfeld.<\/p>\n<p class=\"text-18 leading-17 user-text-lg:text-22 user-text-xl:text-24\">Ein 33-j\u00e4hriger D\u00fcsseldorfer hat in der Nacht zu Montag mit seinem Mercedes in D\u00fcsseldorf-Wersten einen Unfall verursacht, bei dem er und seine 29-j\u00e4hrige Beifahrerin verletzt wurden. Das Fahrzeug \u00fcberschlug sich mehrfach, riss einen Baum um und zerst\u00f6rte eine Werbetafel. Das geht aus einer Mitteilung der Polizei D\u00fcsseldorf hervor.<\/p>\n<p class=\"text-18 leading-17 user-text-lg:text-22 user-text-xl:text-24\">Nach ersten Ermittlungen fuhr der Mann gegen 3.50 Uhr von der Autobahn A 46 an der Anschlussstelle Wersten ab und wollte auf die K\u00f6lner Landstra\u00dfe in Richtung Innenstadt abbiegen. Mutma\u00dflich wegen deutlich \u00fcberh\u00f6hter Geschwindigkeit verlor er auf nasser Fahrbahn die Kontrolle. Der Wagen wurde aus der Kurve getragen, touchierte zun\u00e4chst die erh\u00f6hte Betonrampe einer Haltestelle und \u00fcberschlug sich daraufhin mehrfach. Anschlie\u00dfend prallte er gegen einen Baum, der durch die Wucht des Aufpralls am Stamm vollst\u00e4ndig abgetrennt wurde. Das Fahrzeug schleuderte weiter und riss eine an der Stra\u00dfe stehende Werbetafel in zwei Teile.<\/p>\n<p class=\"text-18 leading-17 user-text-lg:text-22 user-text-xl:text-24\">Rettungskr\u00e4fte mussten beide Insassen aus dem Wrack befreien. Die 29-j\u00e4hrige Beifahrerin kam mit leichten Verletzungen ins Krankenhaus, der Fahrer mit schweren. Lebensgefahr bestand f\u00fcr keinen der beiden. An einem am Stra\u00dfenrand geparkten Kleinwagen entstand durch herumfliegende Tr\u00fcmmerteile geringer Sachschaden.<\/p>\n<p>D\u00fcsseldorf: Stand der Fahrer unter Alkohol- und Drogeneinfluss?<\/p>\n<p class=\"text-18 leading-17 user-text-lg:text-22 user-text-xl:text-24\">Die K\u00f6lner Landstra\u00dfe war in Fahrtrichtung Innenstadt w\u00e4hrend der Rettungs- und Bergungsarbeiten vollst\u00e4ndig gesperrt. Kurz nach 6 Uhr konnte der Verkehr wieder flie\u00dfen.<\/p>\n<p class=\"text-18 leading-17 user-text-lg:text-22 user-text-xl:text-24\">Beim Fahrer besteht der Verdacht des Alkohol- und Drogenkonsums. Die Polizei entnahm mehrere Blutproben. Die Ermittlungen dauern an.<\/p>\n","protected":false},"excerpt":{"rendered":"Schwerer Unfall in Wersten Mercedes \u00fcberschl\u00e4gt sich \u2013 zwei Verletzte 31.08.2026 &#8211; 08:37 UhrLesedauer: 1 Min. Absperrband der&hellip;\n","protected":false},"author":2,"featured_media":1271313,"comment_status":"","ping_status":"","sticky":false,"template":"","format":"standard","meta":{"footnotes":"","_share_on_mastodon":"0"},"categories":[1831],"tags":[722,17161,1950,3364,29,14868,3405,514,30,3467,377,2779,1209,176,121,15206,1284,180531],"class_list":["post-1271312","post","type-post","status-publish","format-standard","has-post-thumbnail","category-duesseldorf","tag-722","tag-17161","tag-blaulicht","tag-de","tag-deutschland","tag-drogeneinfluss","tag-duesseldorf","tag-fahrzeug","tag-germany","tag-landeshauptstadt","tag-mercedes-benz","tag-morgenstund","tag-nordrhein-westfalen","tag-nrw","tag-polizei","tag-truemmerfeld","tag-unfall","tag-werst"],"share_on_mastodon":{"url":"","error":""},"_links":{"self":[{"href":"https:\/\/www.europesays.com\/de\/wp-json\/wp\/v2\/posts\/1271312","targetHints":{"allow":["GET"]}}],"collection":[{"href":"https:\/\/www.europesays.com\/de\/wp-json\/wp\/v2\/posts"}],"about":[{"href":"https:\/\/www.europesays.com\/de\/wp-json\/wp\/v2\/types\/post"}],"author":[{"embeddable":true,"href":"https:\/\/www.europesays.com\/de\/wp-json\/wp\/v2\/users\/2"}],"replies":[{"embeddable":true,"href":"https:\/\/www.europesays.com\/de\/wp-json\/wp\/v2\/comments?post=1271312"}],"version-history":[{"count":0,"href":"https:\/\/www.europesays.com\/de\/wp-json\/wp\/v2\/posts\/1271312\/revisions"}],"wp:featuredmedia":[{"embeddable":true,"href":"https:\/\/www.europesays.com\/de\/wp-json\/wp\/v2\/media\/1271313"}],"wp:attachment":[{"href":"https:\/\/www.europesays.com\/de\/wp-json\/wp\/v2\/media?parent=1271312"}],"wp:term":[{"taxonomy":"category","embeddable":true,"href":"https:\/\/www.europesays.com\/de\/wp-json\/wp\/v2\/categories?post=1271312"},{"taxonomy":"post_tag","embeddable":true,"href":"https:\/\/www.europesays.com\/de\/wp-json\/wp\/v2\/tags?post=1271312"}],"curies":[{"name":"wp","href":"https:\/\/api.w.org\/{rel}","templated":true}]}}