{"id":1271314,"date":"2026-08-31T06:50:14","date_gmt":"2026-08-31T06:50:14","guid":{"rendered":"https:\/\/www.europesays.com\/de\/1271314\/"},"modified":"2026-08-31T06:50:14","modified_gmt":"2026-08-31T06:50:14","slug":"pol-aa-rems-murr-kreis-einbrueche-unfaelle-und-unfallflucht-auseinandersetzung-am","status":"publish","type":"post","link":"https:\/\/www.europesays.com\/de\/1271314\/","title":{"rendered":"POL-AA: Rems-Murr-Kreis: Einbr\u00fcche, Unf\u00e4lle und Unfallflucht, Auseinandersetzung am &#8230;"},"content":{"rendered":"<p class=\"date\">31.08.2026 \u2013 08:24<\/p>\n<p class=\"customer\">\n                        <a class=\"story-customer\" title=\"weiter zum newsroom von Polizeipr\u00e4sidium Aalen\" href=\"https:\/\/www.presseportal.de\/blaulicht\/nr\/110969\" rel=\"nofollow noopener\" target=\"_blank\">Polizeipr\u00e4sidium Aalen<\/a>\n                    <\/p>\n<p><a data-category=\"citylink-story-view\" data-action=\"click\" data-label=\"Citylink in Meldungsansicht\" class=\"story-city event-trigger\" href=\"https:\/\/www.presseportal.de\/regional\/Aalen\" title=\"News aus Aalen \" rel=\"nofollow noopener\" target=\"_blank\">Aalen<\/a> (ots)<\/p>\n<p>Fellbach: Weg beschmiert<\/p>\n<p>Bereits am Mittwoch, 26.08. wurde der Polizei gemeldet, dass unbekannte T\u00e4ter den Stra\u00dfenbelag eines Weges im Bereich der Stettener Stra\u00dfe zun\u00e4chst mit einem Hakenkreuz beschmiert hatten. Wiederum andere unbekannte T\u00e4ter machten das Hakenkreuz mit Farbe unkenntlich und hinterlie\u00dfen zus\u00e4tzlich den Schriftzug &#8222;FCK NZI&#8220; auf dem Weg. Das Polizeirevier Fellbach bittet dazu um Zeugenhinweise unter der Rufnummer 0711 57720.<\/p>\n<p>Fellbach: Wohnungseinbruch<\/p>\n<p>Unbekannte T\u00e4ter hebelten in der Nacht von Samstag auf Sonntag die Eingangst\u00fcr einer Wohnung in der Schwabstra\u00dfe auf. Im Inneren durchw\u00fchlten die Unbekannten s\u00e4mtliche R\u00e4umlichkeiten und entwendeten Schmuck und Bargeld von noch unbekanntem Wert. Zudem entstand ein Sachschaden von etwa 1.000 Euro. Das Polizeirevier Fellbach f\u00fchrt die Ermittlungen und bittet um Zeugenhinweise unter der Rufnummer 0711 57720.<\/p>\n<p>Fellbach: Auseinandersetzung am Bahnhof<\/p>\n<p>Am Sonntag gegen 01 Uhr sprach ein unbekannter T\u00e4ter einen 27-j\u00e4hrigen Mann am Bussteig des Bahnhofs Fellbach an. Pl\u00f6tzlich griff der Unbekannte unerwartet an das Ohr des 27-J\u00e4hrigen und nahm den dort getragenen einzelnen Ohrh\u00f6rer aus dem Ohr. Als der 27-J\u00e4hrige seinen Airpod zur\u00fcckforderte, zeigte der Unbekannte eine Waffe, welche er im Hosenbund stecken hatte und schlug dem 27-J\u00e4hrigen ins Gesicht. Unerwartet schwenkte die Stimmung des T\u00e4ters um. Er gab den Ohrh\u00f6rer zur\u00fcck und entschuldigte sich bei dem 27-j\u00e4hrigen Mann. Der unbekannte T\u00e4ter wird als etwa 20-30 Jahre alt und sehr schlank beschrieben. Er trug ein wei\u00dfes lang\u00e4rmliges Oberteil und hatte kurze blonde Haare. Das Polizeirevier Fellbach bittet zur Tat und zum unbekannten T\u00e4ter um Zeugenhinweise. Hinweisgeber werden gebeten, sich unter der Telefonnummer 0711 57720 bei der Polizei zu melden.<\/p>\n<p>Waiblingen: Unfallflucht<\/p>\n<p>Am Samstag in der Zeit zwischen 14:30 Uhr und 19:00 Uhr besch\u00e4digte ein bisher unbekannter Autofahrer in der Taubenstra\u00dfe einen geparkten KIA und fuhr anschlie\u00dfend unerlaubt weiter. Der Schaden am geparkten Pkw wird auf 1500 Euro gesch\u00e4tzt. Hinweise zum gefl\u00fcchteten Autofahrer nimmt das Polizeirevier Waiblingen unter der Telefonnummer 07151 950422 entgegen.<\/p>\n<p>Schorndorf-Oberberken: Stra\u00dfe mit Bank blockiert &#8211; Zeugen gesucht<\/p>\n<p>In der Nacht auf Sonntag zwischen Mitternacht und 2 Uhr schafften bisher unbekannte Personen das Mitfahrb\u00e4nkle im Bereich der dortigen Bushaltestelle in der Wangener Stra\u00dfe mittig auf die Fahrbahn, sodass beide Fahrspuren teilweise blockiert waren. Gl\u00fccklicherweise erkannten zwei Autofahrer die Gefahr rechtzeitig und stellten die Bank wieder neben die Fahrbahn, sodass niemand gesch\u00e4digt wurde. Das Polizeirevier Schorndorf hat die Ermittlungen aufgenommen und bittet unter der Telefonnummer 07181 2040 um Zeugenhinweise.<\/p>\n<p>Urbach: Gegen Mauer geprallt<\/p>\n<p>Eine 86 Jahre alte Suzuki-Fahrerin befuhr am Sonntagabend gegen 18:20 Uhr die Lerchenstra\u00dfe und kam im Bereich der Einm\u00fcndung zur B\u00e4renhofstra\u00dfe nach rechts von der Stra\u00dfe ab und kollidierte mit einer dortigen Mauer. Die Fahrerin und ihre 87 Jahre alte Mitfahrerin wurden beim Unfall leicht verletzt. Der entstandene Schaden wird auf 10.000 Euro gesch\u00e4tzt.<\/p>\n<p>Welzheim: Betrunkener Radfahrer beleidigt Polizisten<\/p>\n<p>Ein 67 Jahre alter Radfahrer wurde am Sonntagabend gegen 23:15 Uhr in der Brunnenstra\u00dfe einer Verkehrskontrolle unterzogen, nachdem er zuvor durch seine \u00e4u\u00dferst unsichere Fahrweise aufgefallen war. Ein Atemalkoholtest bei dem Mann ergab einen Wert von rund 2,4 Promille, weshalb ihm eine Blutprobe entnommen wurde. Auf dem Weg ins Krankenhaus beleidigte er die Polizisten mehrfach. Er muss nun mit entsprechenden Anzeigen rechnen.<\/p>\n<p class=\"contact-headline\">R\u00fcckfragen bitte an:<\/p>\n<p class=\"contact-text\">Polizeipr\u00e4sidium Aalen<br \/>Stabsstelle \u00d6ffentlichkeitsarbeit<br \/>B\u00f6hmerwaldstra\u00dfe 20<br \/>73431 Aalen<br \/>Telefon: 07361 580105<br \/>E-Mail: <a href=\"https:\/\/www.presseportal.de\/blaulicht\/pm\/110969\/mailto:aalen.pp.sts.oe@polizei.bwl.de\" class=\"uri-mailto\" rel=\"nofollow noopener\" target=\"_blank\">aalen.pp.sts.oe@polizei.bwl.de<\/a><br \/><a target=\"_blank\" class=\"uri-ext outbound\" rel=\"noopener nofollow\" href=\"https:\/\/www.polizei-bw.de\/\">https:\/\/www.polizei-bw.de\/<\/a><\/p>\n<p class=\"originator\">Original-Content von: Polizeipr\u00e4sidium Aalen, \u00fcbermittelt durch news aktuell<\/p>\n","protected":false},"excerpt":{"rendered":"31.08.2026 \u2013 08:24 Polizeipr\u00e4sidium Aalen Aalen (ots) Fellbach: Weg beschmiert Bereits am Mittwoch, 26.08. wurde der Polizei gemeldet,&hellip;\n","protected":false},"author":2,"featured_media":1266941,"comment_status":"","ping_status":"","sticky":false,"template":"","format":"standard","meta":{"footnotes":"","_share_on_mastodon":"0"},"categories":[1830],"tags":[1634,6187,3364,29,30,177,121,178,180,179,181,1441],"class_list":["post-1271314","post","type-post","status-publish","format-standard","has-post-thumbnail","category-stuttgart","tag-baden-wuerttemberg","tag-bw","tag-de","tag-deutschland","tag-germany","tag-kriminalitt","tag-polizei","tag-presse","tag-pressemeldung","tag-pressemitteilung","tag-pressemitteilungen","tag-stuttgart"],"share_on_mastodon":{"url":"https:\/\/pubeurope.com\/@de\/117188796595790532","error":""},"_links":{"self":[{"href":"https:\/\/www.europesays.com\/de\/wp-json\/wp\/v2\/posts\/1271314","targetHints":{"allow":["GET"]}}],"collection":[{"href":"https:\/\/www.europesays.com\/de\/wp-json\/wp\/v2\/posts"}],"about":[{"href":"https:\/\/www.europesays.com\/de\/wp-json\/wp\/v2\/types\/post"}],"author":[{"embeddable":true,"href":"https:\/\/www.europesays.com\/de\/wp-json\/wp\/v2\/users\/2"}],"replies":[{"embeddable":true,"href":"https:\/\/www.europesays.com\/de\/wp-json\/wp\/v2\/comments?post=1271314"}],"version-history":[{"count":0,"href":"https:\/\/www.europesays.com\/de\/wp-json\/wp\/v2\/posts\/1271314\/revisions"}],"wp:featuredmedia":[{"embeddable":true,"href":"https:\/\/www.europesays.com\/de\/wp-json\/wp\/v2\/media\/1266941"}],"wp:attachment":[{"href":"https:\/\/www.europesays.com\/de\/wp-json\/wp\/v2\/media?parent=1271314"}],"wp:term":[{"taxonomy":"category","embeddable":true,"href":"https:\/\/www.europesays.com\/de\/wp-json\/wp\/v2\/categories?post=1271314"},{"taxonomy":"post_tag","embeddable":true,"href":"https:\/\/www.europesays.com\/de\/wp-json\/wp\/v2\/tags?post=1271314"}],"curies":[{"name":"wp","href":"https:\/\/api.w.org\/{rel}","templated":true}]}}