{"id":1271350,"date":"2026-08-31T07:14:19","date_gmt":"2026-08-31T07:14:19","guid":{"rendered":"https:\/\/www.europesays.com\/de\/1271350\/"},"modified":"2026-08-31T07:14:19","modified_gmt":"2026-08-31T07:14:19","slug":"tennis-novak-dokovic-scheidet-in-erster-runde-der-us-open-aus","status":"publish","type":"post","link":"https:\/\/www.europesays.com\/de\/1271350\/","title":{"rendered":"Tennis: Novak \u0110okovi\u0107 scheidet in erster Runde der US Open aus"},"content":{"rendered":"<p class=\"paragraph article__item\">Tennis-Superstar <a href=\"https:\/\/www.zeit.de\/thema\/novak-dokovic\" target=\"_blank\" rel=\"nofollow noopener\">Novak \u0110okovi\u0107<\/a>  hat sein Auftaktspiel gegen den argentinischen Au\u00dfenseiter Mariano Navone verloren und ist aus den <a href=\"https:\/\/www.zeit.de\/thema\/us-open\" target=\"_blank\" rel=\"nofollow noopener\">US Open<\/a> ausgeschieden. W\u00e4hrend des Matches \u00fcbergab er sich mehrmals am Rande des Platzes. \u0110okovi\u0107  verlor das Spiel mit 6:7 (5:7), 7:5, 6:4, 2:6, 1:6. Gegen Ende der Partie stand er zeitweise mit Tr\u00e4nen in den Augen auf dem Platz im Arthur Ashe Stadion.\n<\/p>\n<p class=\"paragraph article__item\">Von Beginn an machte \u0110okovi\u0107  einen k\u00f6rperlich geschw\u00e4chten Eindruck, er st\u00fctze nach langen Punkten immer wieder die H\u00e4nde auf die Knie und atmete schwer. Nach dem 1:1 Ausgleich ging er im dritten und vierten Satz mehrere Male an den Rand des Platzes und \u00fcbergab sich. Zudem hatte er muskul\u00e4re Beschwerden und lie\u00df sich am unteren R\u00fccken behandeln. Der 39-j\u00e4hrige Serbe ist beim Grand-Slam-Turnier in <a href=\"https:\/\/www.zeit.de\/thema\/new-york\" target=\"_blank\" rel=\"nofollow noopener\">New York<\/a> noch nie in der ersten Runde ausgeschieden.\n<\/p>\n<p>                                    Auch in Cincinnati k\u00f6rperliche Beschwerden            <\/p>\n<p class=\"paragraph article__item\">Nach der Partie zeigte sich der 25-j\u00e4hrige Sieger Navone, die Nummer 49 der Weltrangliste, gl\u00fccklich. Der Sieg \u00bbbedeutet mir viel. Es war echt schwer, ich habe hier gegen den Gr\u00f6\u00dften auf diesem Platz gespielt.\u00ab\n<\/p>\n<p class=\"paragraph article__item\">Schon im Vorbereitungsturnier in Cincinnati hatte \u0110okovi\u0107 k\u00f6rperliche Beschwerden. \u00bbEs ist einfach ein gesundheitliches<br \/>\nProblem, das mich seit ein paar Jahren plagt\u00ab, sagte er vor zwei Wochen. Auch dort schied er in der ersten Runde aus.\n<\/p>\n<p class=\"paragraph article__item\">\u0110okovi\u0107  hofft weiter auf einen 25. Grand-Slam-Titel, seine Chancen werden im fortgeschrittenen Alter immer geringer. Vor drei Jahren holte der erfolgreichste m\u00e4nnliche Tennisprofi der Geschichte <a href=\"https:\/\/www.zeit.de\/sport\/2023-09\/tennis-us-open-novak-djokovic-sieger-daniil-medwedew\" target=\"_blank\" rel=\"nofollow noopener\">seinen bislang letzten Grand-Slam-Sieg<\/a>.\n<\/p>\n<p>            Venus Williams scheitert im Einzel            <\/p>\n<p class=\"paragraph article__item\">Ebenfalls in der ersten Runde gescheitert ist die siebenmalige Grand-Slam-Siegerin Venus Williams. Die 46-J\u00e4hrige US-Amerikanerin verlor gegen ihre Landsfrau Sofia Kenin 2:6, 6:7 (6:8). Seit 2021 hat es die US-Open-Siegerin von 2000 und 2001 nicht mehr in die zweite Runde eines Major-Turniers geschafft.\n<\/p>\n<p class=\"paragraph article__item\">Im Doppel tritt Venus Williams mit ihrer Schwester Serena an. Diese hat auf den Start im Einzel verzichtet.\u00a0\n<\/p>\n<p>Mehr zum Thema<\/p>\n<p>                <a href=\"https:\/\/www.zeit.de\/zeit-magazin\/2026\/37\/jannik-sinner-tennis-italien-maschine-carlos-alcaraz\" data-ct-label=\"Jannik Sinner: Allerliebster Jannik\" data-uuid=\"01d0d7c0-cd06-4e71-8e36-692fee9740c0\" rel=\"nofollow noopener\" target=\"_blank\"><\/p>\n<p>        Z+ (abopflichtiger Inhalt);<\/p>\n<p>    Jannik Sinner:<br \/>\n                        Allerliebster Jannik<\/p>\n<p>                <\/a><\/p>\n<p>                <a href=\"https:\/\/www.zeit.de\/sport\/2026-06\/alexander-zverev-french-open-karriere\" data-ct-label=\"Alexander Zverev: Gefunden, wonach er gesucht hat\" data-uuid=\"687d79c2-863a-49bc-9c8c-5e59113e531d\" rel=\"nofollow noopener\" target=\"_blank\"><\/p>\n<p>                        Alexander Zverev:<br \/>\n                        Gefunden, wonach er gesucht hat<\/p>\n<p>                <\/a><\/p>\n<p>                <a href=\"https:\/\/www.zeit.de\/sport\/2026-07\/serena-williams-wimbledon-tennis-comeback-niederlage\" data-ct-label=\"Serena Williams: Raus mit Applaus\" data-uuid=\"ce56782f-7e2b-46e8-bab3-0b135bbd28d1\" rel=\"nofollow noopener\" target=\"_blank\"><\/p>\n<p>        Z+ (abopflichtiger Inhalt);<\/p>\n<p>    Serena Williams:<br \/>\n                        Raus mit Applaus<\/p>\n<p>                <\/a><\/p>\n","protected":false},"excerpt":{"rendered":"Tennis-Superstar Novak \u0110okovi\u0107 hat sein Auftaktspiel gegen den argentinischen Au\u00dfenseiter Mariano Navone verloren und ist aus den US&hellip;\n","protected":false},"author":2,"featured_media":1271351,"comment_status":"","ping_status":"","sticky":false,"template":"","format":"standard","meta":{"footnotes":"","_share_on_mastodon":"0"},"categories":[136],"tags":[64279,29,30,13008,265,4206,64177],"class_list":["post-1271350","post","type-post","status-publish","format-standard","has-post-thumbnail","category-sport","tag-auftaktspiel","tag-deutschland","tag-germany","tag-novak-djokovic","tag-sport","tag-tennis","tag-us-open"],"share_on_mastodon":{"url":"https:\/\/pubeurope.com\/@de\/117188890818194467","error":""},"_links":{"self":[{"href":"https:\/\/www.europesays.com\/de\/wp-json\/wp\/v2\/posts\/1271350","targetHints":{"allow":["GET"]}}],"collection":[{"href":"https:\/\/www.europesays.com\/de\/wp-json\/wp\/v2\/posts"}],"about":[{"href":"https:\/\/www.europesays.com\/de\/wp-json\/wp\/v2\/types\/post"}],"author":[{"embeddable":true,"href":"https:\/\/www.europesays.com\/de\/wp-json\/wp\/v2\/users\/2"}],"replies":[{"embeddable":true,"href":"https:\/\/www.europesays.com\/de\/wp-json\/wp\/v2\/comments?post=1271350"}],"version-history":[{"count":0,"href":"https:\/\/www.europesays.com\/de\/wp-json\/wp\/v2\/posts\/1271350\/revisions"}],"wp:featuredmedia":[{"embeddable":true,"href":"https:\/\/www.europesays.com\/de\/wp-json\/wp\/v2\/media\/1271351"}],"wp:attachment":[{"href":"https:\/\/www.europesays.com\/de\/wp-json\/wp\/v2\/media?parent=1271350"}],"wp:term":[{"taxonomy":"category","embeddable":true,"href":"https:\/\/www.europesays.com\/de\/wp-json\/wp\/v2\/categories?post=1271350"},{"taxonomy":"post_tag","embeddable":true,"href":"https:\/\/www.europesays.com\/de\/wp-json\/wp\/v2\/tags?post=1271350"}],"curies":[{"name":"wp","href":"https:\/\/api.w.org\/{rel}","templated":true}]}}