{"id":1271364,"date":"2026-08-31T07:25:19","date_gmt":"2026-08-31T07:25:19","guid":{"rendered":"https:\/\/www.europesays.com\/de\/1271364\/"},"modified":"2026-08-31T07:25:19","modified_gmt":"2026-08-31T07:25:19","slug":"aachen-logistisch-wichtige-stadt-bereitet-konzept-fuer-kriegsfall-vor","status":"publish","type":"post","link":"https:\/\/www.europesays.com\/de\/1271364\/","title":{"rendered":"Aachen: Logistisch wichtige Stadt bereitet Konzept f\u00fcr Kriegsfall vor"},"content":{"rendered":"<p>&#8222;Aachen sofort im Ausnahmezustand&#8220; <\/p>\n<p>Konzept verfasst: Stadt bereitet sich auf Kriegsfall vor<\/p>\n<p>28.08.2026Lesedauer: 2 Min.<\/p>\n<p><a href=\"#focus-0\" class=\"transition-colors block text-current relative\" data-sctrack=\"FocusGalleryImage.Reference\"><img fetchpriority=\"high\" data-testid=\"Opener.Image\"   loading=\"eager\" src=\"https:\/\/www.europesays.com\/de\/wp-content\/uploads\/2026\/08\/1788161118_221_image.jpg\" alt=\"Soldaten-Uniformen in einer Kaserne in Aachen (Archivbild): Neues Konzept im Kriegsfall.\" title=\"Soldaten-Uniformen in einer Kaserne in Aachen (Archivbild): Neues Konzept im Kriegsfall.\" width=\"4238\" height=\"2384\" class=\"bg-[url:var(--lqipURL)] bg-cover bg-center flex h-full w-full max-w-full\" style=\"--lqipURL:url('https:\/\/images.t-online.de\/2026\/08\/i7m9G7WX8ZA3\/0x268:4238x2384\/fit-in\/150x0\/filters:blur(25)\/image.jpg')\" decoding=\"async\"\/><img loading=\"lazy\" src=\"https:\/\/aachen.t-online.de\/s\/paper\/_next\/static\/media\/zoom-in.f7dae02f.svg\" alt=\"Vergr\u00f6\u00dfern des Bildes\" title=\"Vergr\u00f6\u00dfern des Bildes\" class=\"block h-[calc(var(--height)_\/_16_*_1rem)] w-[calc(var(--width)_\/_16_*_1rem)] max-w-none absolute right-8 bottom-8 rounded-4 bg-snow p-8\" style=\"--width:32;--height:32\" decoding=\"async\"\/><\/a><\/p>\n<p>Soldaten-Uniformen in einer Kaserne in Aachen (Archivbild): Neues Konzept im Kriegsfall. (Quelle: imago stock&amp;people)<\/p>\n<p><img loading=\"lazy\" src=\"https:\/\/aachen.t-online.de\/s\/paper\/_next\/static\/media\/audio-volume.6689034c.svg\" alt=\"\" title=\"\" class=\"block h-[calc(var(--height)_\/_16_*_1rem)] w-[calc(var(--width)_\/_16_*_1rem)] max-w-none group-hover:brightness-0 group-hover:invert\" style=\"--width:16;--height:16\" decoding=\"async\"\/>Vorlesen<\/p>\n<p>Aktuelle Zeit:0:00Gesamtdauer:0:00<\/p>\n<p>1x<img loading=\"lazy\" src=\"https:\/\/aachen.t-online.de\/s\/paper\/_next\/static\/media\/font-sizes.32942e33.svg\" alt=\"\" title=\"\" class=\"block h-[calc(var(--height)_\/_16_*_1rem)] w-[calc(var(--width)_\/_16_*_1rem)] max-w-none group-hover:hidden group-aria-expanded:hidden\" style=\"--width:16;--height:16\" decoding=\"async\"\/><img loading=\"lazy\" src=\"https:\/\/aachen.t-online.de\/s\/paper\/_next\/static\/media\/font-sizes-dark-mode.e382645c.svg\" alt=\"\" title=\"\" class=\"block h-[calc(var(--height)_\/_16_*_1rem)] w-[calc(var(--width)_\/_16_*_1rem)] max-w-none hidden group-hover:block group-aria-expanded:block\" style=\"--width:16;--height:16\" decoding=\"async\"\/><img loading=\"lazy\" src=\"https:\/\/aachen.t-online.de\/s\/paper\/_next\/static\/media\/sharing-menu-icon.1eb71368.svg\" alt=\"\" title=\"\" class=\"block h-[calc(var(--height)_\/_16_*_1rem)] w-[calc(var(--width)_\/_16_*_1rem)] max-w-none group-hover:brightness-0 group-hover:invert\" style=\"--width:16;--height:16\" decoding=\"async\"\/>Artikel teilen<\/p>\n<p class=\"font-bold text-18 leading-17 user-text-lg:text-22 user-text-xl:text-24\">Im Kriegsfall w\u00e4re Aachen ein logistisch wichtiger Dreh- und Angelpunkt f\u00fcr die Bundeswehr. Mit einem umfassenden Konzept will sich die Stadt darauf vorbereiten.<\/p>\n<p class=\"text-18 leading-17 user-text-lg:text-22 user-text-xl:text-24\">Die Stadt Aachen will sich laut einem Bericht der &#8222;Aachener Zeitung&#8220; mit einem umfassenden Konzept auf den Kriegsfall vorbereiten. Das Konzept mit dem Namen &#8222;Aachen wehrhaft und handlungsf\u00e4hig&#8220; wurde demnach von Oberb\u00fcrgermeister Michael Ziemons <a href=\"https:\/\/www.t-online.de\/nachrichten\/deutschland\/id_100447778\/panzer-auf-der-a2-wie-deutschland-sich-auf-den-kriegsfall-vorbereitet.html\" class=\"transition-colors cursor-pointer no-underline md:hover:text-magenta md:focus:text-magenta border-b border-solid border-current text-salemsfur md:hover:border-magenta\" data-tracking=\"{&quot;action&quot;:&quot;click&quot;,&quot;category&quot;:&quot;intextLink&quot;,&quot;label&quot;:&quot;https:\/\/www.t-online.de\/nachrichten\/deutschland\/id_100447778\/panzer-auf-der-a2-wie-deutschland-sich-auf-den-kriegsfall-vorbereitet.html&quot;}\" data-sctrack=\"BodyAnchor\" rel=\"nofollow noopener\" target=\"_blank\">auf Basis des geheimen Strategiepapiers &#8222;Operation Deutschland&#8220; der Bundeswehr verfasst.<\/a><\/p>\n<p class=\"text-18 leading-17 user-text-lg:text-22 user-text-xl:text-24\">Dabei geht es um den Schutz und Aufbau wichtiger Infrastruktur, die Zusammenarbeit mit L\u00e4ndern, Kommunen und der Wirtschaft und die Verlegung von Truppen durch Deutschland. Im Falle eines Angriffs Russlands auf europ\u00e4ische Staaten w\u00e4re Aachen ein wichtiger Dreh- und Angelpunkt. Die Stadt wird als eine der wenigen St\u00e4dte im Operationspapier der Bundeswehr genannt.<\/p>\n<ul class=\"text-18 leading-17 block pl-24 *:pb-16 *:before:inline-block *:before:size-8 *:before:bg-magenta *:before:mt-0 *:before:mr-12 *:before:mb-2 *:before:-ml-[20px]\">\n<li><strong class=\"font-bold\">Geheimdienstchefs warnen vor Russland<\/strong>: <a href=\"https:\/\/aachen.t-online.de\/region\/aachen\/id_100606712\/bunker-in-aachen-so-steht-es-um-die-bunkeranlagen-in-der-stadt.html\" class=\"transition-colors cursor-pointer no-underline md:hover:text-magenta md:focus:text-magenta border-b border-solid border-current text-salemsfur md:hover:border-magenta\" data-tracking=\"{&quot;action&quot;:&quot;click&quot;,&quot;category&quot;:&quot;intextLink&quot;,&quot;label&quot;:&quot;\/region\/aachen\/id_100606712\/bunker-in-aachen-so-steht-es-um-die-bunkeranlagen-in-der-stadt.html&quot;}\" data-sctrack=\"BodyAnchor\" rel=\"nofollow noopener\" target=\"_blank\">Wie es um die Bunkeranlagen in Aachen steht<\/a><\/li>\n<li><strong class=\"font-bold\">\u00d6ffentlichkeitsfahndung:<\/strong> <a href=\"https:\/\/aachen.t-online.de\/region\/aachen\/id_101394408\/linnich-staatsschutz-fahndet-nach-unbekanntem-an-nato-bunker.html\" class=\"transition-colors cursor-pointer no-underline md:hover:text-magenta md:focus:text-magenta border-b border-solid border-current text-salemsfur md:hover:border-magenta\" data-tracking=\"{&quot;action&quot;:&quot;click&quot;,&quot;category&quot;:&quot;intextLink&quot;,&quot;label&quot;:&quot;\/region\/aachen\/id_101394408\/linnich-staatsschutz-fahndet-nach-unbekanntem-an-nato-bunker.html&quot;}\" data-sctrack=\"BodyAnchor\" rel=\"nofollow noopener\" target=\"_blank\">Staatsschutz fahndet nach Unbekanntem an NATO-Bunker<\/a><\/li>\n<\/ul>\n<p class=\"text-18 leading-17 user-text-lg:text-22 user-text-xl:text-24\">Aachens Oberb\u00fcrgermeister betonte gegen\u00fcber der &#8222;Aachener Zeitung&#8220;, dass die Ma\u00dfnahmen notwendig seien, da die Stadt bislang nicht gut auf das Szenario vorbereitet sei. &#8222;Wenn im Baltikum etwas passiert, w\u00fcrde man das in Krefeld und M\u00f6nchengladbach kaum sp\u00fcren, in Aachen aber schon&#8220;, so Ziemons. &#8222;Wenn es einen Angriff auf eine Stadt im Baltikum g\u00e4be, dann w\u00e4re Aachen sofort im Ausnahmezustand&#8220;.<\/p>\n<p>Aachen bereitet sich auf Kriegsfall vor \u2013 Kritik von Ziemons<\/p>\n<p class=\"text-18 leading-17 user-text-lg:text-22 user-text-xl:text-24\">Das Konzept &#8222;Aachen wehrhaft und handlungsf\u00e4hig&#8220; soll im Fr\u00fchjahr 2027 abgestimmt sein. Darin geht es vor allem um die Aufrechterhaltung wichtiger Verwaltungsfunktionen und der Energieversorgung, etwa an Tankstellen. Auch die Hauptverkehrswege und die Standfestigkeit der Br\u00fccken in Aachen sind ein Thema, ebenso der Zivilschutz. Aktuell ist in der Region kein einziger Bunker funktionsf\u00e4hig. &#8222;Mit alldem m\u00fcssen wir bis sp\u00e4testens 2029 fertig sein&#8220;, sagte Ziemons.<\/p>\n<p class=\"text-18 leading-17 user-text-lg:text-22 user-text-xl:text-24\"><a href=\"https:\/\/aachen.t-online.de\/region\/aachen\/id_101404636\/neue-kaserne-in-aachen-ob-ziemons-aeussert-sich-zu-plaenen-der-bundeswehr.html\" class=\"transition-colors cursor-pointer no-underline md:hover:text-magenta md:focus:text-magenta border-b border-solid border-current text-salemsfur md:hover:border-magenta\" data-tracking=\"{&quot;action&quot;:&quot;click&quot;,&quot;category&quot;:&quot;intextLink&quot;,&quot;label&quot;:&quot;\/region\/aachen\/id_101404636\/neue-kaserne-in-aachen-ob-ziemons-aeussert-sich-zu-plaenen-der-bundeswehr.html&quot;}\" data-sctrack=\"BodyAnchor\" rel=\"nofollow noopener\" target=\"_blank\">Daneben kritisierte der Oberb\u00fcrgermeister den geplanten Ausbau der Dr.-Leo-L\u00f6wenstein-Kaserne Richtung Beverau<\/a>, \u00fcber den die &#8222;Aachener Zeitung&#8220; berichtet hatte. Die Gr\u00fcnfl\u00e4chen dort sind wichtig f\u00fcr das Stadtklima, es handelt sich um ein Kaltluftentstehungsgebiet. Mit der Stadt sei dazu nie konkret gesprochen worden, so Ziemons. Man wolle aber versuchen, alle Umweltaspekte einzubringen.<\/p>\n<p class=\"text-18 leading-17 user-text-lg:text-22 user-text-xl:text-24\">Das Bundesverteidigungsministerium hat in dem Fall aber durch Gesetzes\u00e4nderungen auf Landesebene die Entscheidungshoheit. &#8222;Wir sind raus, auf unserem eigenen Stadtgebiet&#8220;, sagte der Oberb\u00fcrgermeister dazu.<\/p>\n","protected":false},"excerpt":{"rendered":"&#8222;Aachen sofort im Ausnahmezustand&#8220; Konzept verfasst: Stadt bereitet sich auf Kriegsfall vor 28.08.2026Lesedauer: 2 Min. Soldaten-Uniformen in einer&hellip;\n","protected":false},"author":2,"featured_media":1271365,"comment_status":"","ping_status":"","sticky":false,"template":"","format":"standard","meta":{"footnotes":"","_share_on_mastodon":"0"},"categories":[1853],"tags":[1424,252565,9113,14979,685,3364,29,548,663,3934,30,13,114666,44477,14,15,1209,307,12],"class_list":["post-1271364","post","type-post","status-publish","format-standard","has-post-thumbnail","category-aachen","tag-aachen","tag-angelpunkt","tag-ausnahmezustand","tag-baltikum","tag-bundeswehr","tag-de","tag-deutschland","tag-eu","tag-europa","tag-europe","tag-germany","tag-headlines","tag-kriegsfall","tag-michael-ziemon","tag-nachrichten","tag-news","tag-nordrhein-westfalen","tag-russland","tag-schlagzeilen"],"share_on_mastodon":{"url":"https:\/\/pubeurope.com\/@de\/117188937316441084","error":""},"_links":{"self":[{"href":"https:\/\/www.europesays.com\/de\/wp-json\/wp\/v2\/posts\/1271364","targetHints":{"allow":["GET"]}}],"collection":[{"href":"https:\/\/www.europesays.com\/de\/wp-json\/wp\/v2\/posts"}],"about":[{"href":"https:\/\/www.europesays.com\/de\/wp-json\/wp\/v2\/types\/post"}],"author":[{"embeddable":true,"href":"https:\/\/www.europesays.com\/de\/wp-json\/wp\/v2\/users\/2"}],"replies":[{"embeddable":true,"href":"https:\/\/www.europesays.com\/de\/wp-json\/wp\/v2\/comments?post=1271364"}],"version-history":[{"count":0,"href":"https:\/\/www.europesays.com\/de\/wp-json\/wp\/v2\/posts\/1271364\/revisions"}],"wp:featuredmedia":[{"embeddable":true,"href":"https:\/\/www.europesays.com\/de\/wp-json\/wp\/v2\/media\/1271365"}],"wp:attachment":[{"href":"https:\/\/www.europesays.com\/de\/wp-json\/wp\/v2\/media?parent=1271364"}],"wp:term":[{"taxonomy":"category","embeddable":true,"href":"https:\/\/www.europesays.com\/de\/wp-json\/wp\/v2\/categories?post=1271364"},{"taxonomy":"post_tag","embeddable":true,"href":"https:\/\/www.europesays.com\/de\/wp-json\/wp\/v2\/tags?post=1271364"}],"curies":[{"name":"wp","href":"https:\/\/api.w.org\/{rel}","templated":true}]}}