{"id":1271366,"date":"2026-08-31T07:26:22","date_gmt":"2026-08-31T07:26:22","guid":{"rendered":"https:\/\/www.europesays.com\/de\/1271366\/"},"modified":"2026-08-31T07:26:22","modified_gmt":"2026-08-31T07:26:22","slug":"kreuzfahrt-in-kiel-britannia-und-mein-schiff-7-steuern-heute-hafen-an","status":"publish","type":"post","link":"https:\/\/www.europesays.com\/de\/1271366\/","title":{"rendered":"Kreuzfahrt in Kiel: Britannia und Mein Schiff 7 steuern heute Hafen an"},"content":{"rendered":"<p>Kieler Hafen <\/p>\n<p>Zwei Kreuzfahrtriesen laufen ein \u2013 ein besonderer Besuch<\/p>\n<p>31.08.2026 &#8211; 08:16 UhrLesedauer: 1 Min.<\/p>\n<p><a href=\"#focus-0\" class=\"transition-colors block text-current relative\" data-sctrack=\"FocusGalleryImage.Reference\"><img fetchpriority=\"high\" data-testid=\"Opener.Image\"   loading=\"eager\" src=\"https:\/\/www.europesays.com\/de\/wp-content\/uploads\/2026\/08\/15-022025-xjrdrx-wirtschaft-reise-kreuzfahrt-in-teneriffa-v-l-mein-schiff-7-in-teneriffa-teneriffa-1.jpeg\" alt=\"imago images 1059015841\" title=\"imago images 1059015841\" width=\"5000\" height=\"2813\" class=\"bg-[url:var(--lqipURL)] bg-cover bg-center flex h-full w-full max-w-full\" style=\"--lqipURL:url('https:\/\/images.t-online.de\/2026\/08\/RHCKmBeS2J-x\/0x260:5000x2813\/fit-in\/150x0\/filters:blur(25)\/15-022025-xjrdrx-wirtschaft-reise-kreuzfahrt-in-teneriffa-v-l-mein-schiff-7-in-teneriffa-teneriffa-15-02-2025-xjrdrx-economy-travel-cruise-in-tenerife-v-l-mein-schiff-7-in-tenerife-tenerife.jpg')\" decoding=\"async\"\/><img loading=\"lazy\" src=\"https:\/\/www.t-online.de\/s\/paper\/_next\/static\/media\/zoom-in.f7dae02f.svg\" alt=\"Vergr\u00f6\u00dfern des Bildes\" title=\"Vergr\u00f6\u00dfern des Bildes\" class=\"block h-[calc(var(--height)_\/_16_*_1rem)] w-[calc(var(--width)_\/_16_*_1rem)] max-w-none absolute right-8 bottom-8 rounded-4 bg-snow p-8\" style=\"--width:32;--height:32\" decoding=\"async\"\/><\/a><\/p>\n<p>Die &#8222;Mein Schiff 7&#8220; (Archivbild): Zusammen mit der &#8222;Britannia&#8220; geh\u00f6rt sie am Montag zu den beiden Kreuzfahrtriesen im Kieler Hafen. (Quelle: IMAGO\/Jerry Andre\/imago)<\/p>\n<p><img loading=\"lazy\" src=\"https:\/\/www.t-online.de\/s\/paper\/_next\/static\/media\/audio-volume.6689034c.svg\" alt=\"\" title=\"\" class=\"block h-[calc(var(--height)_\/_16_*_1rem)] w-[calc(var(--width)_\/_16_*_1rem)] max-w-none group-hover:brightness-0 group-hover:invert\" style=\"--width:16;--height:16\" decoding=\"async\"\/>Vorlesen<\/p>\n<p>Aktuelle Zeit:0:00Gesamtdauer:0:00<\/p>\n<p>1x<img loading=\"lazy\" src=\"https:\/\/www.t-online.de\/s\/paper\/_next\/static\/media\/font-sizes.32942e33.svg\" alt=\"\" title=\"\" class=\"block h-[calc(var(--height)_\/_16_*_1rem)] w-[calc(var(--width)_\/_16_*_1rem)] max-w-none group-hover:hidden group-aria-expanded:hidden\" style=\"--width:16;--height:16\" decoding=\"async\"\/><img loading=\"lazy\" src=\"https:\/\/www.t-online.de\/s\/paper\/_next\/static\/media\/font-sizes-dark-mode.e382645c.svg\" alt=\"\" title=\"\" class=\"block h-[calc(var(--height)_\/_16_*_1rem)] w-[calc(var(--width)_\/_16_*_1rem)] max-w-none hidden group-hover:block group-aria-expanded:block\" style=\"--width:16;--height:16\" decoding=\"async\"\/><img loading=\"lazy\" src=\"https:\/\/www.t-online.de\/s\/paper\/_next\/static\/media\/sharing-menu-icon.1eb71368.svg\" alt=\"\" title=\"\" class=\"block h-[calc(var(--height)_\/_16_*_1rem)] w-[calc(var(--width)_\/_16_*_1rem)] max-w-none group-hover:brightness-0 group-hover:invert\" style=\"--width:16;--height:16\" decoding=\"async\"\/>Artikel teilen<\/p>\n<p class=\"font-bold text-18 leading-17 user-text-lg:text-22 user-text-xl:text-24\">Britannia und Mein Schiff 7 werden heute gleichzeitig in Kiel erwartet. Beide sind mehr als 300 Meter lang und sollen um 17 Uhr wieder ablegen.<\/p>\n<p class=\"text-18 leading-17 user-text-lg:text-22 user-text-xl:text-24\">Gleich zwei Kreuzfahrtschiffe jenseits der 300-Meter-Marke steuern am Montag den Kieler Hafen an. Neben der bereits eingelaufenen &#8222;Mein Schiff 7&#8220; wird die &#8222;Britannia&#8220; erwartet \u2013 f\u00fcr sie ist es laut derzeitiger Kreuzfahrerliste des Kieler Hafens ein besonderer Besuch.<\/p>\n<p class=\"text-18 leading-17 user-text-lg:text-22 user-text-xl:text-24\">Die 315,75 Meter lange &#8222;Mein Schiff 7&#8220; ist bereits um 6.30 Uhr am Ostseekai eingetroffen. Sie kam aus Visby und soll Kiel um 17 Uhr in Richtung Riga wieder verlassen.<\/p>\n<p>&#8222;Britannia&#8220; kommt aus Southampton<\/p>\n<p class=\"text-18 leading-17 user-text-lg:text-22 user-text-xl:text-24\">Noch gr\u00f6\u00dfer ist das zweite Schiff: Die &#8222;Britannia&#8220; misst 329,8 Meter. Ihre Ankunft im Ostuferhafen ist f\u00fcr 8 Uhr vorgesehen. Das Schiff kommt aus Southampton und soll ebenfalls um 17 Uhr ablegen \u2013 n\u00e4chstes Ziel ist Tallinn.<\/p>\n<p class=\"text-18 leading-17 user-text-lg:text-22 user-text-xl:text-24\">Damit liegen am Montag mehrere Stunden lang zwei Kreuzfahrtriesen gleichzeitig an unterschiedlichen Terminals der Stadt.<\/p>\n<p class=\"text-18 leading-17 user-text-lg:text-22 user-text-xl:text-24\">Besonders macht den Besuch die &#8222;Britannia&#8220;: In der derzeit verf\u00fcgbaren Kreuzfahrerliste des Port of Kiel taucht das Schiff f\u00fcr das gesamte Jahr 2026 nur an diesem 31. August auf. F\u00fcr die &#8222;Mein Schiff 7&#8220; sind dagegen zahlreiche weitere Kiel-Termine eingetragen.<\/p>\n","protected":false},"excerpt":{"rendered":"Kieler Hafen Zwei Kreuzfahrtriesen laufen ein \u2013 ein besonderer Besuch 31.08.2026 &#8211; 08:16 UhrLesedauer: 1 Min. Die &#8222;Mein&hellip;\n","protected":false},"author":2,"featured_media":1271367,"comment_status":"","ping_status":"","sticky":false,"template":"","format":"standard","meta":{"footnotes":"","_share_on_mastodon":"0"},"categories":[1852],"tags":[722,3364,29,548,663,3934,30,13,4949,30915,29905,14,15,26227,6402,12,1971,72778,38411],"class_list":["post-1271366","post","type-post","status-publish","format-standard","has-post-thumbnail","category-kiel","tag-722","tag-de","tag-deutschland","tag-eu","tag-europa","tag-europe","tag-germany","tag-headlines","tag-kiel","tag-kreuzfahrtriese","tag-mein-schiff","tag-nachrichten","tag-news","tag-riga","tag-schiff","tag-schlagzeilen","tag-schleswig-holstein","tag-southampton","tag-visby"],"share_on_mastodon":{"url":"https:\/\/pubeurope.com\/@de\/117188938642416921","error":""},"_links":{"self":[{"href":"https:\/\/www.europesays.com\/de\/wp-json\/wp\/v2\/posts\/1271366","targetHints":{"allow":["GET"]}}],"collection":[{"href":"https:\/\/www.europesays.com\/de\/wp-json\/wp\/v2\/posts"}],"about":[{"href":"https:\/\/www.europesays.com\/de\/wp-json\/wp\/v2\/types\/post"}],"author":[{"embeddable":true,"href":"https:\/\/www.europesays.com\/de\/wp-json\/wp\/v2\/users\/2"}],"replies":[{"embeddable":true,"href":"https:\/\/www.europesays.com\/de\/wp-json\/wp\/v2\/comments?post=1271366"}],"version-history":[{"count":0,"href":"https:\/\/www.europesays.com\/de\/wp-json\/wp\/v2\/posts\/1271366\/revisions"}],"wp:featuredmedia":[{"embeddable":true,"href":"https:\/\/www.europesays.com\/de\/wp-json\/wp\/v2\/media\/1271367"}],"wp:attachment":[{"href":"https:\/\/www.europesays.com\/de\/wp-json\/wp\/v2\/media?parent=1271366"}],"wp:term":[{"taxonomy":"category","embeddable":true,"href":"https:\/\/www.europesays.com\/de\/wp-json\/wp\/v2\/categories?post=1271366"},{"taxonomy":"post_tag","embeddable":true,"href":"https:\/\/www.europesays.com\/de\/wp-json\/wp\/v2\/tags?post=1271366"}],"curies":[{"name":"wp","href":"https:\/\/api.w.org\/{rel}","templated":true}]}}