{"id":1271368,"date":"2026-08-31T07:27:16","date_gmt":"2026-08-31T07:27:16","guid":{"rendered":"https:\/\/www.europesays.com\/de\/1271368\/"},"modified":"2026-08-31T07:27:16","modified_gmt":"2026-08-31T07:27:16","slug":"mitten-in-der-nacht-in-chemnitzer-elfgeschosser-feuerwehr-reisst-mieter-aus-dem-schlaf","status":"publish","type":"post","link":"https:\/\/www.europesays.com\/de\/1271368\/","title":{"rendered":"Mitten in der Nacht in Chemnitzer Elfgeschosser: Feuerwehr rei\u00dft Mieter aus dem Schlaf"},"content":{"rendered":"<p class=\"text text--s\">\n\t\t\t\tFreie Presse bei Google bevorzugen\n\t\t\t<\/p>\n<p class=\"bold\">\n\t\t\t\t\t\t\t\t\t\tDer Einsatz ging offenbar auf einen technischen Defekt zur\u00fcck. Ein Mieter musste ins Krankenhaus.\t\t\t\t<\/p>\n<p>\t\t\t\t Schrecksekunde mitten in der Nacht zu Montag im Chemnitzer Heckertgebiet: Gegen drei Uhr r\u00fcckten Feuerwehren und Rettungsdienst zu einem elfgeschossigen Wohnhaus an die Max-Sch\u00e4ller-Stra\u00dfe im Stadtteil Morgenleite aus. Der Grund: In einem der oberen Stockwerke des unweit des S\u00fcdrings gelegenen Wohnhauses war ein Blue-Ray-Player hei\u00df gelaufen&#8230;<\/p>\n<p>\t\t<img decoding=\"async\" loading=\"lazy\" class=\"fp-plus-logo\" src=\"https:\/\/www.freiepresse.de\/img\/fpplus.svg\" alt=\"Freie Presse plus Logo\"\/><\/p>\n<p>6 Wochen gratis lesen.<\/p>\n<p> Alle Artikel im Web und in der App frei<\/p>\n<p> Zugriff auf die digitale Zeitung<\/p>\n<p> T\u00e4glicher Newsletter f\u00fcr Ihre Region<\/p>\n<p>Sie haben bereits ein Digitalabo?<\/p>\n","protected":false},"excerpt":{"rendered":"Freie Presse bei Google bevorzugen Der Einsatz ging offenbar auf einen technischen Defekt zur\u00fcck. Ein Mieter musste ins&hellip;\n","protected":false},"author":2,"featured_media":1271369,"comment_status":"","ping_status":"","sticky":false,"template":"","format":"standard","meta":{"footnotes":"","_share_on_mastodon":"0"},"categories":[1851],"tags":[23561,2770,3364,29,548,663,3934,30,13,14,15,859,12],"class_list":["post-1271368","post","type-post","status-publish","format-standard","has-post-thumbnail","category-chemnitz","tag-braende-havarien-hilfeleistungen","tag-chemnitz","tag-de","tag-deutschland","tag-eu","tag-europa","tag-europe","tag-germany","tag-headlines","tag-nachrichten","tag-news","tag-sachsen","tag-schlagzeilen"],"share_on_mastodon":{"url":"https:\/\/pubeurope.com\/@de\/117188944218514435","error":""},"_links":{"self":[{"href":"https:\/\/www.europesays.com\/de\/wp-json\/wp\/v2\/posts\/1271368","targetHints":{"allow":["GET"]}}],"collection":[{"href":"https:\/\/www.europesays.com\/de\/wp-json\/wp\/v2\/posts"}],"about":[{"href":"https:\/\/www.europesays.com\/de\/wp-json\/wp\/v2\/types\/post"}],"author":[{"embeddable":true,"href":"https:\/\/www.europesays.com\/de\/wp-json\/wp\/v2\/users\/2"}],"replies":[{"embeddable":true,"href":"https:\/\/www.europesays.com\/de\/wp-json\/wp\/v2\/comments?post=1271368"}],"version-history":[{"count":0,"href":"https:\/\/www.europesays.com\/de\/wp-json\/wp\/v2\/posts\/1271368\/revisions"}],"wp:featuredmedia":[{"embeddable":true,"href":"https:\/\/www.europesays.com\/de\/wp-json\/wp\/v2\/media\/1271369"}],"wp:attachment":[{"href":"https:\/\/www.europesays.com\/de\/wp-json\/wp\/v2\/media?parent=1271368"}],"wp:term":[{"taxonomy":"category","embeddable":true,"href":"https:\/\/www.europesays.com\/de\/wp-json\/wp\/v2\/categories?post=1271368"},{"taxonomy":"post_tag","embeddable":true,"href":"https:\/\/www.europesays.com\/de\/wp-json\/wp\/v2\/tags?post=1271368"}],"curies":[{"name":"wp","href":"https:\/\/api.w.org\/{rel}","templated":true}]}}