{"id":1271370,"date":"2026-08-31T07:28:18","date_gmt":"2026-08-31T07:28:18","guid":{"rendered":"https:\/\/www.europesays.com\/de\/1271370\/"},"modified":"2026-08-31T07:28:18","modified_gmt":"2026-08-31T07:28:18","slug":"tierheim-braunschweig-herzkranker-kater-sucht-zuhause-ohne-viel-trubel","status":"publish","type":"post","link":"https:\/\/www.europesays.com\/de\/1271370\/","title":{"rendered":"Tierheim Braunschweig: Herzkranker Kater sucht Zuhause ohne viel Trubel"},"content":{"rendered":"<p>Freundlich und verschmust <\/p>\n<p>Herzkranker Kater sucht Zuhause ohne viel Trubel<\/p>\n<p>31.08.2026 &#8211; 09:17 UhrLesedauer: 1 Min.<\/p>\n<p><a href=\"#focus-0\" class=\"transition-colors block text-current relative\" data-sctrack=\"FocusGalleryImage.Reference\"><img fetchpriority=\"high\" data-testid=\"Opener.Image\"   loading=\"eager\" src=\"https:\/\/www.europesays.com\/de\/wp-content\/uploads\/2026\/08\/kater-stewart-er-gibt-sich-im-tierheim-braunschweig-freundlich-und-verschmust.jpg\" alt=\"Kater Stewart: Er gibt sich im Tierheim Braunschweig freundlich und verschmust.\" title=\"Kater Stewart: Er gibt sich im Tierheim Braunschweig freundlich und verschmust.\" width=\"3442\" height=\"1936\" class=\"bg-[url:var(--lqipURL)] bg-cover bg-center flex h-full w-full max-w-full\" style=\"--lqipURL:url('https:\/\/images.t-online.de\/2026\/08\/I6MwIsPtFC06\/0x303:3442x1936\/fit-in\/150x0\/filters:blur(25)\/kater-stewart-er-gibt-sich-im-tierheim-braunschweig-freundlich-und-verschmust.jpg')\" decoding=\"async\"\/><img loading=\"lazy\" src=\"https:\/\/braunschweig.t-online.de\/s\/paper\/_next\/static\/media\/zoom-in.f7dae02f.svg\" alt=\"Vergr\u00f6\u00dfern des Bildes\" title=\"Vergr\u00f6\u00dfern des Bildes\" class=\"block h-[calc(var(--height)_\/_16_*_1rem)] w-[calc(var(--width)_\/_16_*_1rem)] max-w-none absolute right-8 bottom-8 rounded-4 bg-snow p-8\" style=\"--width:32;--height:32\" decoding=\"async\"\/><\/a><\/p>\n<p>Kater Stewart: Er gibt sich im Tierheim Braunschweig freundlich und verschmust. (Quelle: Tierschutz Braunschweig)<\/p>\n<p><img loading=\"lazy\" src=\"https:\/\/braunschweig.t-online.de\/s\/paper\/_next\/static\/media\/audio-volume.6689034c.svg\" alt=\"\" title=\"\" class=\"block h-[calc(var(--height)_\/_16_*_1rem)] w-[calc(var(--width)_\/_16_*_1rem)] max-w-none group-hover:brightness-0 group-hover:invert\" style=\"--width:16;--height:16\" decoding=\"async\"\/>Vorlesen<\/p>\n<p>Aktuelle Zeit:0:00Gesamtdauer:0:00<\/p>\n<p>1x<img loading=\"lazy\" src=\"https:\/\/braunschweig.t-online.de\/s\/paper\/_next\/static\/media\/font-sizes.32942e33.svg\" alt=\"\" title=\"\" class=\"block h-[calc(var(--height)_\/_16_*_1rem)] w-[calc(var(--width)_\/_16_*_1rem)] max-w-none group-hover:hidden group-aria-expanded:hidden\" style=\"--width:16;--height:16\" decoding=\"async\"\/><img loading=\"lazy\" src=\"https:\/\/braunschweig.t-online.de\/s\/paper\/_next\/static\/media\/font-sizes-dark-mode.e382645c.svg\" alt=\"\" title=\"\" class=\"block h-[calc(var(--height)_\/_16_*_1rem)] w-[calc(var(--width)_\/_16_*_1rem)] max-w-none hidden group-hover:block group-aria-expanded:block\" style=\"--width:16;--height:16\" decoding=\"async\"\/><img loading=\"lazy\" src=\"https:\/\/braunschweig.t-online.de\/s\/paper\/_next\/static\/media\/sharing-menu-icon.1eb71368.svg\" alt=\"\" title=\"\" class=\"block h-[calc(var(--height)_\/_16_*_1rem)] w-[calc(var(--width)_\/_16_*_1rem)] max-w-none group-hover:brightness-0 group-hover:invert\" style=\"--width:16;--height:16\" decoding=\"async\"\/>Artikel teilen<\/p>\n<p class=\"font-bold text-18 leading-17 user-text-lg:text-22 user-text-xl:text-24\">Kater Stewart wurde einst einsam aufgefunden. Der freundliche Vierbeiner ist gesundheitlich angeschlagen. Er ben\u00f6tigt ein Zuhause mit viel Ruhe.<\/p>\n<p class=\"text-18 leading-17 user-text-lg:text-22 user-text-xl:text-24\">Im Braunschweiger <a href=\"https:\/\/www.t-online.de\/themen\/tierheim-braunschweig\/\" class=\"transition-colors cursor-pointer no-underline md:hover:text-magenta md:focus:text-magenta border-b border-solid border-current text-salemsfur md:hover:border-magenta\" data-tracking=\"{&quot;action&quot;:&quot;click&quot;,&quot;category&quot;:&quot;intextLink&quot;,&quot;label&quot;:&quot;https:\/\/www.t-online.de\/themen\/tierheim-braunschweig\/&quot;}\" data-sctrack=\"BodyAnchor\" rel=\"nofollow noopener\" target=\"_blank\">Tierheim<\/a> zeigt sich Kater Stewart freundlich und verschmust. Er war einst alleine aufgefunden worden und schlie\u00dflich in die Einrichtung gekommen. Dort sucht man seitdem ein neues Zuhause f\u00fcr den Vierbeiner. Er sei ein &#8222;netter Kerl&#8220;, schreibt das Tierheim \u00fcber ihn.<\/p>\n<ul class=\"text-18 leading-17 block pl-24 *:pb-16 *:before:inline-block *:before:size-8 *:before:bg-magenta *:before:mt-0 *:before:mr-12 *:before:mb-2 *:before:-ml-[20px]\">\n<li><strong class=\"font-bold\">Hund Camo sucht Zuhause:<\/strong> <a href=\"https:\/\/braunschweig.t-online.de\/region\/braunschweig\/id_101397024\/tierheim-braunschweig-hund-camo-sucht-zuhause-fuer-ihn-gelten-auflagen.html\" class=\"transition-colors cursor-pointer no-underline md:hover:text-magenta md:focus:text-magenta border-b border-solid border-current text-salemsfur md:hover:border-magenta\" data-tracking=\"{&quot;action&quot;:&quot;click&quot;,&quot;category&quot;:&quot;intextLink&quot;,&quot;label&quot;:&quot;\/region\/braunschweig\/id_101397024\/tierheim-braunschweig-hund-camo-sucht-zuhause-fuer-ihn-gelten-auflagen.html&quot;}\" data-sctrack=\"BodyAnchor\" rel=\"nofollow noopener\" target=\"_blank\">Doch f\u00fcr ihn gelten Auflagen<\/a><\/li>\n<li><strong class=\"font-bold\">Katze &#8222;Elara&#8220; verlor ein Auge:<\/strong> <a href=\"https:\/\/braunschweig.t-online.de\/region\/braunschweig\/id_101412124\/wolfsburg-katze-elara-verlor-auge-jetzt-soll-alles-neu-beginnen.html\" class=\"transition-colors cursor-pointer no-underline md:hover:text-magenta md:focus:text-magenta border-b border-solid border-current text-salemsfur md:hover:border-magenta\" data-tracking=\"{&quot;action&quot;:&quot;click&quot;,&quot;category&quot;:&quot;intextLink&quot;,&quot;label&quot;:&quot;\/region\/braunschweig\/id_101412124\/wolfsburg-katze-elara-verlor-auge-jetzt-soll-alles-neu-beginnen.html&quot;}\" data-sctrack=\"BodyAnchor\" rel=\"nofollow noopener\" target=\"_blank\">Jetzt soll ihr Leben neu beginnen<\/a><\/li>\n<\/ul>\n<p class=\"text-18 leading-17 user-text-lg:text-22 user-text-xl:text-24\">Allerdings hat Stewart regelm\u00e4\u00dfig auch mit seiner Gesundheit zu k\u00e4mpfen. Laut der Braunschweiger Einrichtung leide der Kater an hypertropher Kardiomyopathie (HCM), einer Erkrankung des Herzens sowie an einem eosinophilen Granulom, einer Autoimmunerkrankung, die Entz\u00fcndungen im Bereich des Mauls verursacht.<\/p>\n<p class=\"text-18 leading-17 user-text-lg:text-22 user-text-xl:text-24\">Die potenziellen neuen Besitzer m\u00fcssen sich deshalb darauf einstellen, mit Stewart regelm\u00e4\u00dfig den Tierarzt zu besuchen und die entsprechenden Kosten aufzubringen. Bei den Behandlungen benehme sich Stewart gut. Er sei ein &#8222;dankbarer Patient, der seinen Menschen viel Zuneigung gibt&#8220;, schreibt das Tierheim.<\/p>\n<p>Wer will Kater Stewart?<\/p>\n<p class=\"text-18 leading-17 user-text-lg:text-22 user-text-xl:text-24\">In seinem neuen Zuhause sollte er lieber alleine gehalten werden. Artgenossen m\u00f6ge er nicht so gerne, hei\u00dft es. Au\u00dferdem bevorzugt er ein Leben abseits des gro\u00dfen Trubels. Sein neuer Haushalt sollte also eher ruhig sein.<\/p>\n<p class=\"text-18 leading-17 user-text-lg:text-22 user-text-xl:text-24\">Wer sich f\u00fcr Kater Stewart interessiert, kann sich per E-Mail unter tierschutz-bs@t-online.de oder per Telefon unter der Nummer 0531\/50 00 07 beim Tierheim melden. Weitere Informationen und Eindr\u00fccke gibt es <a href=\"https:\/\/www.tierschutz-braunschweig.de\/tierheim\/vermittlung\/anzeige\/detail\/hunde\/2884.html?tx_animalmarket_animalmarket%5Bpage%5D=1&amp;cHash=0c1977fb66fd5de66bd5ddeefe885d5e\" target=\"_blank\" rel=\"nofollow noopener\" class=\"transition-colors cursor-pointer no-underline md:hover:text-magenta md:focus:text-magenta border-b border-solid border-current text-salemsfur md:hover:border-magenta\" data-tracking=\"{&quot;action&quot;:&quot;click&quot;,&quot;category&quot;:&quot;intextLink&quot;,&quot;label&quot;:&quot;https:\/\/www.tierschutz-braunschweig.de\/tierheim\/vermittlung\/anzeige\/detail\/hunde\/2884.html?tx_animalmarket_animalmarket%5Bpage%5D=1&amp;cHash=0c1977fb66fd5de66bd5ddeefe885d5e&quot;}\" data-sctrack=\"BodyAnchor\">auf der Internetseite<\/a> des Tierheims.<\/p>\n","protected":false},"excerpt":{"rendered":"Freundlich und verschmust Herzkranker Kater sucht Zuhause ohne viel Trubel 31.08.2026 &#8211; 09:17 UhrLesedauer: 1 Min. Kater Stewart:&hellip;\n","protected":false},"author":2,"featured_media":1271371,"comment_status":"","ping_status":"","sticky":false,"template":"","format":"standard","meta":{"footnotes":"","_share_on_mastodon":"0"},"categories":[1850],"tags":[6429,3364,29,548,663,3934,30,13,604,2485,14,15,1411,12,2486,5645,6729,608],"class_list":["post-1271370","post","type-post","status-publish","format-standard","has-post-thumbnail","category-braunschweig","tag-braunschweig","tag-de","tag-deutschland","tag-eu","tag-europa","tag-europe","tag-germany","tag-headlines","tag-hund","tag-katze","tag-nachrichten","tag-news","tag-niedersachsen","tag-schlagzeilen","tag-tierheim","tag-tierschicksal","tag-tiervermittlung","tag-vierbeiner"],"share_on_mastodon":{"url":"https:\/\/pubeurope.com\/@de\/117188949114662111","error":""},"_links":{"self":[{"href":"https:\/\/www.europesays.com\/de\/wp-json\/wp\/v2\/posts\/1271370","targetHints":{"allow":["GET"]}}],"collection":[{"href":"https:\/\/www.europesays.com\/de\/wp-json\/wp\/v2\/posts"}],"about":[{"href":"https:\/\/www.europesays.com\/de\/wp-json\/wp\/v2\/types\/post"}],"author":[{"embeddable":true,"href":"https:\/\/www.europesays.com\/de\/wp-json\/wp\/v2\/users\/2"}],"replies":[{"embeddable":true,"href":"https:\/\/www.europesays.com\/de\/wp-json\/wp\/v2\/comments?post=1271370"}],"version-history":[{"count":0,"href":"https:\/\/www.europesays.com\/de\/wp-json\/wp\/v2\/posts\/1271370\/revisions"}],"wp:featuredmedia":[{"embeddable":true,"href":"https:\/\/www.europesays.com\/de\/wp-json\/wp\/v2\/media\/1271371"}],"wp:attachment":[{"href":"https:\/\/www.europesays.com\/de\/wp-json\/wp\/v2\/media?parent=1271370"}],"wp:term":[{"taxonomy":"category","embeddable":true,"href":"https:\/\/www.europesays.com\/de\/wp-json\/wp\/v2\/categories?post=1271370"},{"taxonomy":"post_tag","embeddable":true,"href":"https:\/\/www.europesays.com\/de\/wp-json\/wp\/v2\/tags?post=1271370"}],"curies":[{"name":"wp","href":"https:\/\/api.w.org\/{rel}","templated":true}]}}