{"id":1271378,"date":"2026-08-31T07:35:17","date_gmt":"2026-08-31T07:35:17","guid":{"rendered":"https:\/\/www.europesays.com\/de\/1271378\/"},"modified":"2026-08-31T07:35:17","modified_gmt":"2026-08-31T07:35:17","slug":"innere-klarheit-finden-focusing-workshop-im-heinrich-pesch-haus-ludwigshafen","status":"publish","type":"post","link":"https:\/\/www.europesays.com\/de\/1271378\/","title":{"rendered":"Innere Klarheit finden: \u201eFocusing\u201c-Workshop im Heinrich-Pesch-Haus &#8211; Ludwigshafen"},"content":{"rendered":"<p class=\"rhp-dpa-teaser\"><b>Eine Spannung, die sich nicht recht erkl\u00e4ren l\u00e4sst: Mit Hintergrundgef\u00fchlen wie diesen besch\u00e4ftigt sich ein \u201eFocusing\u201c-Auffrischungstag im Heinrich-Pesch-Haus.<\/b><\/p>\n<p>Die Katholische Akademie Rhein-Neckar l\u00e4dt f\u00fcr Samstag, 19. September, 10 bis 17 Uhr, \u201eFocusing\u201c-Erfahrene dazu ein, sich wieder mit der eigenen K\u00f6rperwahrnehmung zu verbinden. Bei \u201eFocusing\u201c handelt es sich um eine Methode der K\u00f6rper- und Selbstwahrnehmung, bei der man auf ein k\u00f6rperlich gesp\u00fcrtes Gef\u00fchl \u201elauscht\u201c, um innere Klarheit und L\u00f6sungen zu finden. Im Zentrum des Workshops steht laut Mitteilung ein Satz, der viele Menschen bewegt: \u201eIch will gesehen werden.\u201c Dieses Bed\u00fcrfnis melde sich h\u00e4ufig als Spannung, Frust, R\u00fcckzug oder Sehnsucht. Der Workshop nehme diese Hintergrundgef\u00fchle in den Blick, bei einem selbst, bei anderen Menschen und in Gruppen. Kurze theoretische Impulse wechselten sich mit praktischen \u00dcbungen und Austausch ab. Die Teilnehmenden lernten dabei, starke Spannungen wahrzunehmen und achtsam zu begleiten. <\/p>\n<p>Der von Ulrike Gentner, stellvertretende Direktorin am Heinrich-Pesch-Haus sowie \u201eFocusing\u201c-Beraterin und Ausbilderin f\u00fcr Geistliche Begleitung, geleitete Kurs richtet sich an Menschen, die bereits einen \u201eFocusing\u201c-Einf\u00fchrungskurs oder eine Grundausbildung absolviert haben. Der Workshop kann vor Ort im Heinrich-Pesch-Haus in der Frankenthaler Stra\u00dfe 229 (West) besucht oder online von zu Hause aus verfolgt werden. Die Teilnahme kostet inklusive Verpflegung 145 Euro (online: 115 Euro). Anmeldungen sind per E-Mail an <a href=\"https:\/\/www.rheinpfalz.de\/lokal\/mailto:anmeldung@hph.kirche.org\" rel=\"nofollow noopener\" target=\"_blank\">anmeldung@hph.kirche.org<\/a>  oder im Netz unter <a href=\"https:\/\/heinrich-pesch-haus.de\/veranstaltungen\/\" rel=\"nofollow noopener\" target=\"_blank\">www.heinrich-pesch-haus.de\/veranstaltungen<\/a>  m\u00f6glich.\u00a0<img decoding=\"async\" src=\"https:\/\/www.rheinpfalz.de\/pu_rhp\/images\/rheinpfalz-r-logo.svg\" alt=\"\"\/><\/p>\n","protected":false},"excerpt":{"rendered":"Eine Spannung, die sich nicht recht erkl\u00e4ren l\u00e4sst: Mit Hintergrundgef\u00fchlen wie diesen besch\u00e4ftigt sich ein \u201eFocusing\u201c-Auffrischungstag im Heinrich-Pesch-Haus.&hellip;\n","protected":false},"author":2,"featured_media":1271379,"comment_status":"","ping_status":"","sticky":false,"template":"","format":"standard","meta":{"footnotes":"","_share_on_mastodon":"0"},"categories":[1845],"tags":[1634,3364,29,548,663,3934,30,13,262610,50653,25476,2096,14,15,26921,5206,12,111899],"class_list":["post-1271378","post","type-post","status-publish","format-standard","has-post-thumbnail","category-mannheim","tag-baden-wuerttemberg","tag-de","tag-deutschland","tag-eu","tag-europa","tag-europe","tag-germany","tag-headlines","tag-hintergrundgefuehl","tag-klarheit","tag-ludwigshafen","tag-mannheim","tag-nachrichten","tag-news","tag-pesch","tag-rhein","tag-schlagzeilen","tag-web"],"share_on_mastodon":{"url":"https:\/\/pubeurope.com\/@de\/117188975000083532","error":""},"_links":{"self":[{"href":"https:\/\/www.europesays.com\/de\/wp-json\/wp\/v2\/posts\/1271378","targetHints":{"allow":["GET"]}}],"collection":[{"href":"https:\/\/www.europesays.com\/de\/wp-json\/wp\/v2\/posts"}],"about":[{"href":"https:\/\/www.europesays.com\/de\/wp-json\/wp\/v2\/types\/post"}],"author":[{"embeddable":true,"href":"https:\/\/www.europesays.com\/de\/wp-json\/wp\/v2\/users\/2"}],"replies":[{"embeddable":true,"href":"https:\/\/www.europesays.com\/de\/wp-json\/wp\/v2\/comments?post=1271378"}],"version-history":[{"count":0,"href":"https:\/\/www.europesays.com\/de\/wp-json\/wp\/v2\/posts\/1271378\/revisions"}],"wp:featuredmedia":[{"embeddable":true,"href":"https:\/\/www.europesays.com\/de\/wp-json\/wp\/v2\/media\/1271379"}],"wp:attachment":[{"href":"https:\/\/www.europesays.com\/de\/wp-json\/wp\/v2\/media?parent=1271378"}],"wp:term":[{"taxonomy":"category","embeddable":true,"href":"https:\/\/www.europesays.com\/de\/wp-json\/wp\/v2\/categories?post=1271378"},{"taxonomy":"post_tag","embeddable":true,"href":"https:\/\/www.europesays.com\/de\/wp-json\/wp\/v2\/tags?post=1271378"}],"curies":[{"name":"wp","href":"https:\/\/api.w.org\/{rel}","templated":true}]}}