{"id":1271388,"date":"2026-08-31T07:41:11","date_gmt":"2026-08-31T07:41:11","guid":{"rendered":"https:\/\/www.europesays.com\/de\/1271388\/"},"modified":"2026-08-31T07:41:11","modified_gmt":"2026-08-31T07:41:11","slug":"bielefeld-leiht-europa-league-erfahrenen-stuermer-aus","status":"publish","type":"post","link":"https:\/\/www.europesays.com\/de\/1271388\/","title":{"rendered":"Bielefeld leiht Europa-League-erfahrenen St\u00fcrmer aus"},"content":{"rendered":"<p>Min kommt aus der Eredivisie<\/p>\n<p>Wie <a href=\"https:\/\/www.fussballdaten.de\/vereine\/arminia-bielefeld\/\" target=\"_blank\" rel=\"nofollow noopener\">Arminia Bielefeld<\/a> offiziell best\u00e4tigt, wird <a href=\"https:\/\/www.fussballdaten.de\/person\/david-min\/\" target=\"_blank\" rel=\"nofollow noopener\">David Min<\/a> f\u00fcr die laufende Spielzeit vom niederl\u00e4ndischen Erstligisten <a href=\"https:\/\/www.fussballdaten.de\/vereine\/fc-utrecht\/\" target=\"_blank\" rel=\"nofollow noopener\">FC Utrecht<\/a> ausgeliehen. Der 27-J\u00e4hrige bringt bereits umfangreiche Erfahrung aus der Eredivisie mit.<\/p>\n<p class=\"mb20 mt30\">F\u00fcr RKC Waalwijk und den FC Utrecht absolvierte der Mittelst\u00fcrmer insgesamt 86 Erstligaspiele. Dabei erzielte Min 18 Tore und bereitete zwei weitere Treffer vor. Zus\u00e4tzlich kam er zehnmal in der UEFA Europa League zum Einsatz, jeweils f\u00fcnfmal in der Qualifikation und in der Gruppenphase.<\/p>\n<p>Bielefeld setzt auf seine Physis<\/p>\n<p class=\"mb20 mt30\">Sport-Gesch\u00e4ftsf\u00fchrer Michael Mutzel erkl\u00e4rte bei der Vorstellung, dass Arminia den Angreifer bereits seit l\u00e4ngerer Zeit beobachtet habe. Besonders seine Physis, seine Qualit\u00e4ten im Ballbesitz und seine Arbeit gegen den Ball h\u00e4tten die Verantwortlichen \u00fcberzeugt.<\/p>\n<p class=\"mb20 mt30\">Auch David Min selbst zeigte sich nach dem Wechsel zufrieden. Die Verantwortlichen h\u00e4tten ihm fr\u00fch vermittelt, welchen Plan der Verein mit ihm verfolge und welche Spielidee vorgesehen sei. Nun freut sich der 27-J\u00e4hrige auf das Training mit seiner neuen Mannschaft und seinen ersten Einsatz vor den Bielefelder Fans.<\/p>\n","protected":false},"excerpt":{"rendered":"Min kommt aus der Eredivisie Wie Arminia Bielefeld offiziell best\u00e4tigt, wird David Min f\u00fcr die laufende Spielzeit vom&hellip;\n","protected":false},"author":2,"featured_media":1271389,"comment_status":"","ping_status":"","sticky":false,"template":"","format":"standard","meta":{"footnotes":"","_share_on_mastodon":"0"},"categories":[1841],"tags":[1605,299,3364,29,262611,7847,347,30,104340,1209,9095],"class_list":["post-1271388","post","type-post","status-publish","format-standard","has-post-thumbnail","category-bielefeld","tag-bielefeld","tag-bundesliga","tag-de","tag-deutschland","tag-europa-league-erfahrenen","tag-football","tag-fussball","tag-germany","tag-leiht","tag-nordrhein-westfalen","tag-stuermer"],"share_on_mastodon":{"url":"https:\/\/pubeurope.com\/@de\/117188996980134609","error":""},"_links":{"self":[{"href":"https:\/\/www.europesays.com\/de\/wp-json\/wp\/v2\/posts\/1271388","targetHints":{"allow":["GET"]}}],"collection":[{"href":"https:\/\/www.europesays.com\/de\/wp-json\/wp\/v2\/posts"}],"about":[{"href":"https:\/\/www.europesays.com\/de\/wp-json\/wp\/v2\/types\/post"}],"author":[{"embeddable":true,"href":"https:\/\/www.europesays.com\/de\/wp-json\/wp\/v2\/users\/2"}],"replies":[{"embeddable":true,"href":"https:\/\/www.europesays.com\/de\/wp-json\/wp\/v2\/comments?post=1271388"}],"version-history":[{"count":0,"href":"https:\/\/www.europesays.com\/de\/wp-json\/wp\/v2\/posts\/1271388\/revisions"}],"wp:featuredmedia":[{"embeddable":true,"href":"https:\/\/www.europesays.com\/de\/wp-json\/wp\/v2\/media\/1271389"}],"wp:attachment":[{"href":"https:\/\/www.europesays.com\/de\/wp-json\/wp\/v2\/media?parent=1271388"}],"wp:term":[{"taxonomy":"category","embeddable":true,"href":"https:\/\/www.europesays.com\/de\/wp-json\/wp\/v2\/categories?post=1271388"},{"taxonomy":"post_tag","embeddable":true,"href":"https:\/\/www.europesays.com\/de\/wp-json\/wp\/v2\/tags?post=1271388"}],"curies":[{"name":"wp","href":"https:\/\/api.w.org\/{rel}","templated":true}]}}