{"id":1271390,"date":"2026-08-31T07:42:16","date_gmt":"2026-08-31T07:42:16","guid":{"rendered":"https:\/\/www.europesays.com\/de\/1271390\/"},"modified":"2026-08-31T07:42:16","modified_gmt":"2026-08-31T07:42:16","slug":"fuer-unternehmen-wuppertal-institut-fuer-klima-umwelt-energie","status":"publish","type":"post","link":"https:\/\/www.europesays.com\/de\/1271390\/","title":{"rendered":"F\u00fcr Unternehmen &#8211; Wuppertal Institut f\u00fcr Klima, Umwelt, Energie"},"content":{"rendered":"<p>Wer Strategien nur verordnet, verliert seine Belegschaft. Zukunftsf\u00e4higkeit entsteht dort, wo Analysen verst\u00e4ndlich vermittelt werden und aus Betroffenen Beteiligte werden. Die Wissenschaftler*innen des Wuppertal Instituts betrachten Unternehmen deshalb nicht isoliert von Au\u00dfen. Sie begleiten Unternehmen dabei, Ergebnisse und Strategien so im Betrieb zu kommunizieren, dass Motivation und Akzeptanz bei den Mitarbeitenden wachsen.<\/p>\n<p>Ebenso wichtig ist der Blick nach au\u00dfen: Wenn Nutzer*innen, Haushalte und Partner*innen fr\u00fchzeitig an Ver\u00e4nderungen mitwirken, steigt nicht nur das Vertrauen in das unternehmerische Handeln. Sie erhalten auch direkte Einblicke in die Marktanforderungen der Zukunft und entwickeln passgenaue L\u00f6sungen \u2013 etwa als Produkt-Dienstleistungs-Systeme \u2013 mit echtem Mehrwert.<\/p>\n<p>Die Forschungsleistungen in diesem Themenfeld umfassen die Entwicklung und Umsetzung von stakeholderspezifischen, innovativen Kommunikationsformaten (intern\/extern), die Entwicklung und Begleitung von Lernr\u00e4umen im Unternehmen, die wissenschaftliche Begleitung von unternehmensinternen Bildungs- und Kompetenzaufbauprozessen sowie die Unterst\u00fctzung des Change Managements inklusive begleitender Kommunikation.<\/p>\n<p>Ein Beispiel der hier genannten Leistungen ist die langj\u00e4hrige Zusammenarbeit zwischen dem Wuppertal Institut und der Autostadt in Wolfsburg. Im Rahmen der Zusammenarbeit wurde die <a href=\"https:\/\/die-region.de\/leben-freizeit\/kultur\/die-ausstellung-level-green-in-der-autostadt\/\" target=\"_blank\" rel=\"noreferrer nofollow noopener\">Ausstellung LEVEL GREEN<\/a> konzipiert und im Jahr 2007 er\u00f6ffnet; seither wird sie kontinuierlich weiterentwickelt. Im Rahmen dessen werden wissenschaftliche Erkenntnisse aus der Nachhaltigkeitsforschung f\u00fcr eine breite Zielgruppe \u2013 wie Familien, Gesch\u00e4ftspartner*innen, Autoabholer und viele mehr \u2013 erlebbar gemacht, die Anregungen f\u00fcr einen nachhaltigen Lebensstil schaffen k\u00f6nnen. Dar\u00fcber hinaus erm\u00f6glicht die Ausstellung Einblicke in die Umsetzung von Nachhaltigkeit im unternehmerischen Kontext bei der Autostadt und Volkswagen.<\/p>\n<p>Zudem fanden in diesem Kontext weitere wissenschaftliche Studien und Interventionen statt, wie etwa ein Experiment zur Zahlungsbereitschaft von nachhaltig produzierten Lebensmitteln namens <a href=\"https:\/\/wupperinst.org\/a\/wi\/a\/s\/ad\/2791\/\" target=\"_blank\" rel=\"nofollow noopener\">&#8222;Pay What You Want&#8220;<\/a> oder die wissenschaftliche Begleitung der Kampagne GUT ESSEN.<\/p>\n","protected":false},"excerpt":{"rendered":"Wer Strategien nur verordnet, verliert seine Belegschaft. Zukunftsf\u00e4higkeit entsteht dort, wo Analysen verst\u00e4ndlich vermittelt werden und aus Betroffenen&hellip;\n","protected":false},"author":2,"featured_media":329526,"comment_status":"","ping_status":"","sticky":false,"template":"","format":"standard","meta":{"footnotes":"","_share_on_mastodon":"0"},"categories":[1840],"tags":[3364,29,1149,4781,19165,30,1563,19164,4507,1209,19166,19162,19160,19163,19161,383,601,4418,19159],"class_list":["post-1271390","post","type-post","status-publish","format-standard","has-post-thumbnail","category-wuppertal","tag-de","tag-deutschland","tag-energie","tag-energieeffizienz","tag-ernst-ulrich-von-weizsaecker","tag-germany","tag-klima","tag-manfred-fischedick","tag-nachhaltigkeit","tag-nordrhein-westfalen","tag-peter-hennicke","tag-ressourceneffizienz","tag-stoffstroeme","tag-sustainability","tag-transition-forschung","tag-umwelt","tag-verkehr","tag-wuppertal","tag-wuppertal-institut"],"share_on_mastodon":{"url":"https:\/\/pubeurope.com\/@de\/117189001028582412","error":""},"_links":{"self":[{"href":"https:\/\/www.europesays.com\/de\/wp-json\/wp\/v2\/posts\/1271390","targetHints":{"allow":["GET"]}}],"collection":[{"href":"https:\/\/www.europesays.com\/de\/wp-json\/wp\/v2\/posts"}],"about":[{"href":"https:\/\/www.europesays.com\/de\/wp-json\/wp\/v2\/types\/post"}],"author":[{"embeddable":true,"href":"https:\/\/www.europesays.com\/de\/wp-json\/wp\/v2\/users\/2"}],"replies":[{"embeddable":true,"href":"https:\/\/www.europesays.com\/de\/wp-json\/wp\/v2\/comments?post=1271390"}],"version-history":[{"count":0,"href":"https:\/\/www.europesays.com\/de\/wp-json\/wp\/v2\/posts\/1271390\/revisions"}],"wp:featuredmedia":[{"embeddable":true,"href":"https:\/\/www.europesays.com\/de\/wp-json\/wp\/v2\/media\/329526"}],"wp:attachment":[{"href":"https:\/\/www.europesays.com\/de\/wp-json\/wp\/v2\/media?parent=1271390"}],"wp:term":[{"taxonomy":"category","embeddable":true,"href":"https:\/\/www.europesays.com\/de\/wp-json\/wp\/v2\/categories?post=1271390"},{"taxonomy":"post_tag","embeddable":true,"href":"https:\/\/www.europesays.com\/de\/wp-json\/wp\/v2\/tags?post=1271390"}],"curies":[{"name":"wp","href":"https:\/\/api.w.org\/{rel}","templated":true}]}}