{"id":1271391,"date":"2026-08-31T07:43:13","date_gmt":"2026-08-31T07:43:13","guid":{"rendered":"https:\/\/www.europesays.com\/de\/1271391\/"},"modified":"2026-08-31T07:43:13","modified_gmt":"2026-08-31T07:43:13","slug":"58-prozent-der-wuppertaler-erstklaessler-haben-einen-ogs-platz","status":"publish","type":"post","link":"https:\/\/www.europesays.com\/de\/1271391\/","title":{"rendered":"58 Prozent der Wuppertaler Erstkl\u00e4ssler haben einen OGS-Platz"},"content":{"rendered":"<p class=\"text_ohne_einzug richtext text-em-55 !leading-serif mx-6 desktop:mx-0\">Mit Start des neuen Schuljahrs am Mittwoch wird auch der Rechtsanspruch auf die ganzt\u00e4tige Betreuung von Grundschulkindern wirksam, zun\u00e4chst f\u00fcr die Erstkl\u00e4ssler. Die Stadt hat das Angebot in den vergangenen Jahren stark ausgebaut, trotzdem kann sie den Rechtsanspruch auf einen Platz in der Offenen Ganztagsschule (OGS) nicht komplett erf\u00fcllen.<\/p>\n","protected":false},"excerpt":{"rendered":"Mit Start des neuen Schuljahrs am Mittwoch wird auch der Rechtsanspruch auf die ganzt\u00e4tige Betreuung von Grundschulkindern wirksam,&hellip;\n","protected":false},"author":2,"featured_media":1271392,"comment_status":"","ping_status":"","sticky":false,"template":"","format":"standard","meta":{"footnotes":"","_share_on_mastodon":"0"},"categories":[1840],"tags":[19939,5871,18182,21782,262614,224269,3364,29,58411,101152,26846,262612,30,4484,262613,78725,1209,19886,5422,86644,966,54184,260893,4418],"class_list":["post-1271391","post","type-post","status-publish","format-standard","has-post-thumbnail","category-wuppertal","tag-betreuung","tag-grundschule","tag-ogs","tag-anspruch","tag-betreuungsformen","tag-betreuungsquote","tag-de","tag-deutschland","tag-erfuellen","tag-erstklaessler","tag-ganztagsbetreuung","tag-ganztaetige","tag-germany","tag-grundschulen","tag-grundschuljahre","tag-mittags","tag-nordrhein-westfalen","tag-plaetze","tag-quote","tag-rechtsanspruch","tag-schule","tag-schuljahr","tag-uebermittagsbetreuung","tag-wuppertal"],"share_on_mastodon":{"url":"https:\/\/pubeurope.com\/@de\/117189004689099181","error":""},"_links":{"self":[{"href":"https:\/\/www.europesays.com\/de\/wp-json\/wp\/v2\/posts\/1271391","targetHints":{"allow":["GET"]}}],"collection":[{"href":"https:\/\/www.europesays.com\/de\/wp-json\/wp\/v2\/posts"}],"about":[{"href":"https:\/\/www.europesays.com\/de\/wp-json\/wp\/v2\/types\/post"}],"author":[{"embeddable":true,"href":"https:\/\/www.europesays.com\/de\/wp-json\/wp\/v2\/users\/2"}],"replies":[{"embeddable":true,"href":"https:\/\/www.europesays.com\/de\/wp-json\/wp\/v2\/comments?post=1271391"}],"version-history":[{"count":0,"href":"https:\/\/www.europesays.com\/de\/wp-json\/wp\/v2\/posts\/1271391\/revisions"}],"wp:featuredmedia":[{"embeddable":true,"href":"https:\/\/www.europesays.com\/de\/wp-json\/wp\/v2\/media\/1271392"}],"wp:attachment":[{"href":"https:\/\/www.europesays.com\/de\/wp-json\/wp\/v2\/media?parent=1271391"}],"wp:term":[{"taxonomy":"category","embeddable":true,"href":"https:\/\/www.europesays.com\/de\/wp-json\/wp\/v2\/categories?post=1271391"},{"taxonomy":"post_tag","embeddable":true,"href":"https:\/\/www.europesays.com\/de\/wp-json\/wp\/v2\/tags?post=1271391"}],"curies":[{"name":"wp","href":"https:\/\/api.w.org\/{rel}","templated":true}]}}