{"id":1271399,"date":"2026-08-31T07:48:20","date_gmt":"2026-08-31T07:48:20","guid":{"rendered":"https:\/\/www.europesays.com\/de\/1271399\/"},"modified":"2026-08-31T07:48:20","modified_gmt":"2026-08-31T07:48:20","slug":"erneut-greifen-die-usa-an-iran-gibt-eine-scharfe-stellungnahme-ab","status":"publish","type":"post","link":"https:\/\/www.europesays.com\/de\/1271399\/","title":{"rendered":"Erneut greifen die USA an, Iran gibt eine scharfe Stellungnahme ab."},"content":{"rendered":"<p>Laut Al Jazeera erkl\u00e4rte der <a class=\"data-link\" data-org-href=\"https:\/\/www.vietnam.vn\/de\/tag\/iran\" href=\"https:\/\/www.vietnam.vn\/de\/tag\/iran\" title=\"Iran\" target=\"_blank\" rel=\"nofollow noopener\">iranische<\/a> Pr\u00e4sident Masoud Pezeshkian, dass Teheran keinen Konflikt oder Krieg wolle, aber auch \u201eniemals tatenlos zusehen werde angesichts irgendeiner Aggression\u201c.<\/p>\n<p> Die Erkl\u00e4rung gab Pr\u00e4sident Pezeshkian auf dem Weg nach Bischkek in Kirgisistan ab, wo er am Gipfeltreffen der Shanghaier Organisation f\u00fcr Zusammenarbeit (SCO) teilnahm. \u201eInstabilit\u00e4t und Unruhen in der Region n\u00fctzen keinem Land und stellen alle Beteiligten vor Herausforderungen\u201c, betonte Pr\u00e4sident Masoud Pezeshkian. <\/p>\n<p><img loading=\"lazy\" decoding=\"async\" style=\"cursor:pointer\" id=\"49331\" alt=\"tong-thong-iran-masoud-pezeshkian.jpg\" data-width=\"820\" data-height=\"547\" data-image-id=\"49331\" class=\"lazyload cms-photo\" data-large-src=\"https:\/\/cdn.cand.vn\/images\/HxsZF3IyXEa2kB7Cdi4JY1p31V6wnwS_G0bw-U0fDVMvpZFVw83j9u4Rt9A8XrvhzVxpUmT2imTK40slU7kIHg\/tong-thong-iran-masoud-pezeshkian.jpg.avif\" src=\"https:\/\/cdn.cand.vn\/images\/HxsZF3IyXEa2kB7Cdi4JY1p31V6wnwS_G0bw-U0fDVMvpZFVw83j9u4Rt9A8XrvhzVxpUmT2imTK40slU7kIHg\/tong-thong-iran-masoud-pezeshkian.jpg.avif\" title=\"Der iranische Pr\u00e4sident Masoud Pezeshkian. Foto: IRNA\/VNA\" width=\"820\" height=\"547\"\/> Der iranische Pr\u00e4sident Masoud Pezeshkian. Foto: IRNA\/VNA<\/p>\n<p> Das iranische Au\u00dfenministerium warnte au\u00dferdem, Teheran werde \u201eentschlossen reagieren\u201c, falls <a class=\"data-link\" data-org-href=\"https:\/\/www.vietnam.vn\/de\/category\/quan-su\" href=\"https:\/\/www.vietnam.vn\/de\/category\/quan-su\" title=\"Milit\u00e4r\" target=\"_blank\" rel=\"nofollow noopener\">die milit\u00e4rischen<\/a> Aktionen gegen das Land fortgesetzt w\u00fcrden, und erkl\u00e4rte, die USA und diejenigen, die Washington unterst\u00fctzen, seien f\u00fcr das Eskalationsrisiko verantwortlich.<\/p>\n<p> Zuvor hatten internationale Medien berichtet, dass die USA Angriffe auf die iranische Insel Larak durchgef\u00fchrt h\u00e4tten, mehr als einen Monat nach der vor\u00fcbergehenden Aussetzung der Luftangriffe. Washington versicherte, der Angriff auf Larak sei eine \u201ebegrenzte und pr\u00e4zise\u201c Aktion gewesen.<\/p>\n<blockquote class=\"quote align-left cms-quote\">\n<p> Das US-Zentralkommando (CENTCOM) gab an, gehandelt zu haben, nachdem es festgestellt hatte, dass Einheiten der iranischen Revolutionsgarde (IRGC) sich darauf vorbereiteten, Raketen mit Seeminen in die Stra\u00dfe von Hormus abzufeuern.<\/p>\n<\/blockquote>\n<p> Laut Experten gibt es keine Anzeichen daf\u00fcr, dass die genannten Angriffe Teil einer gr\u00f6\u00dferen Kampagne waren.<\/p>\n<p>Das k\u00f6nnte Sie interessieren<\/p>\n<p> Der Wissenschaftler Manuel Rapalo sagte gegen\u00fcber Aljazeera, dass dies genau das Szenario sei, das US-Beamte, insbesondere <a class=\"data-link\" data-org-href=\"https:\/\/www.vietnam.vn\/de\/category\/ngoai-giao\" href=\"https:\/\/www.vietnam.vn\/de\/category\/ngoai-giao\" title=\"diplomatisch\" target=\"_blank\" rel=\"nofollow noopener\">Diplomaten<\/a> , die hinter den Kulissen arbeiten und sich mit Vermittlern und anderen L\u00e4ndern abstimmen, um eine diplomatische L\u00f6sung f\u00fcr diesen Konflikt zu finden, nicht erleben wollten. <\/p>\n<p><img loading=\"lazy\" decoding=\"async\" style=\"cursor:pointer\" id=\"49332\" alt=\"sample-location-in-larak-island-persian-gulf-google-maps-2014.jpg\" data-width=\"522\" data-height=\"291\" data-image-id=\"49332\" class=\"lazyload cms-photo\" data-large-src=\"https:\/\/cdn.cand.vn\/images\/HxsZF3IyXEa2kB7Cdi4JYyEtv0ghXcj2j2V5vst2-7IV8QVqHcdrFEIYO-_MvEi1UaonN-sv1nnB0dDYybJRnXpAOopXSfnOH3dAaULeiCKOVgdlIBoOhJmp3SUM-RaG\/sample-location-in-larak-island-persian-gulf-google-maps-2014.jpg.avif\" src=\"https:\/\/cdn.cand.vn\/images\/HxsZF3IyXEa2kB7Cdi4JYyEtv0ghXcj2j2V5vst2-7IV8QVqHcdrFEIYO-_MvEi1UaonN-sv1nnB0dDYybJRnXpAOopXSfnOH3dAaULeiCKOVgdlIBoOhJmp3SUM-RaG\/sample-location-in-larak-island-persian-gulf-google-maps-2014.jpg.avif\" title=\"Lage der Insel Larak im Iran. Foto: Google Maps.\" width=\"522\" height=\"291\"\/> Lage der Insel Larak im Iran. Foto: Google Maps.<\/p>\n<p> In der vergangenen Woche hat die Regierung von US-Pr\u00e4sident Donald Trump signalisiert, dass sich die Verhandlungen verschlechtern und die diplomatischen Bem\u00fchungen an Dynamik verloren haben; gleichzeitig hat sie ihre Strategie von direkten milit\u00e4rischen Aktionen hin zu verst\u00e4rktem <a class=\"data-link\" data-org-href=\"https:\/\/www.vietnam.vn\/de\/category\/kinh-te\" href=\"https:\/\/www.vietnam.vn\/de\/category\/kinh-te\" title=\"Wirtschaft\" target=\"_blank\" rel=\"nofollow noopener\">wirtschaftlichem<\/a> Druck verlagert.<\/p>\n<p> Der Iran erkl\u00e4rte seinerseits, bei dem Angriff seien mehrere Soldaten und Zivilisten get\u00f6tet oder verletzt worden, nannte aber keine genauen Zahlen. Die Revolutionsgarden (IRGC) gaben an, einen kombinierten Raketen- und Drohnenangriff auf zwei St\u00fctzpunkte in Jordanien durchgef\u00fchrt zu haben, auf denen US-Truppen stationiert sind: King Hussein und Al-Azraq.<\/p>\n<p> Das iranische Milit\u00e4r setzte au\u00dferdem Dutzende von unbemannten Luftfahrzeugen ein, um US-Milit\u00e4rziele auf dem Luftwaffenst\u00fctzpunkt Al Minhad in den Vereinigten Arabischen Emiraten (VAE) anzugreifen, wo nach Teheran US-Truppen und Hubschrauber stationiert sind.<\/p>\n<p> In einer weiteren Entwicklung berichtete das iranische Staatsfernsehen, dass ein Supertanker, der versuchte, die s\u00fcdliche Route der Stra\u00dfe von Hormus zu befahren, \u201enachdem er auf zwei Minen gesto\u00dfen war, in Brand geriet und vollst\u00e4ndig zum Stillstand kam\u201c.<\/p>\n<p> \u201eDie Marine der Revolutionsgarden warnt erneut, dass Schiffe, die gegen die Sicherheitsbestimmungen in der Stra\u00dfe von Hormus versto\u00dfen, dasselbe Schicksal erleiden werden wie in diesem Fall. Die Einhaltung der Schifffahrts- und Reisevorschriften der Marine der Revolutionsgarden ist obligatorisch\u201c, erkl\u00e4rte die Revolutionsgarde.<\/p>\n<p>Das k\u00f6nnte Sie interessieren<\/p>\n<p> Obwohl der Iran die Stra\u00dfe von Hormus weitgehend geschlossen hat, befahren weiterhin einige wenige Schiffe die Gew\u00e4sser vor der omanischen K\u00fcste, teilweise mit Unterst\u00fctzung der USA. Teheran hat wiederholt vor der Nutzung von Routen gewarnt, die es als \u201enicht autorisiert\u201c oder \u201eillegal\u201c betrachtet.<\/p>\n<p> Diese j\u00fcngsten Entwicklungen wirkten sich unmittelbar auf den Energiemarkt aus. Die Preise f\u00fcr Brent-Roh\u00f6l stiegen am 31. August um mehr als 2 % und \u00fcberschritten die Marke von 90 US-Dollar pro Barrel.<\/p>\n<p> Die Wiederaufnahme der Angriffe beider Seiten nach \u00fcber einem Monat relativer Ruhe zeigt, dass die Lage in der Stra\u00dfe von Hormus weiterhin \u00e4u\u00dferst fragil ist. Weder Washington noch Teheran haben bisher signalisiert, eine gr\u00f6\u00dfere Milit\u00e4roffensive anzustreben, doch die neue Vergeltungsrunde setzt die diplomatischen Bem\u00fchungen, die in den letzten Wochen bereits auf zahlreiche Hindernisse gesto\u00dfen sind, weiter unter Druck.<\/p>\n<p class=\"mb-0\"> Quelle: https:\/\/cand.vn\/my-tan-cong-tro-lai-iran-tuyen-bo-cung-ran-post820898.html<\/p>\n","protected":false},"excerpt":{"rendered":"Laut Al Jazeera erkl\u00e4rte der iranische Pr\u00e4sident Masoud Pezeshkian, dass Teheran keinen Konflikt oder Krieg wolle, aber auch&hellip;\n","protected":false},"author":2,"featured_media":1271400,"comment_status":"","ping_status":"","sticky":false,"template":"","format":"standard","meta":{"footnotes":"","_share_on_mastodon":"0"},"categories":[3977],"tags":[331,332,13,14,15,12,4017,4018,4016,64,4019,4020],"class_list":["post-1271399","post","type-post","status-publish","format-standard","has-post-thumbnail","category-usa","tag-aktuelle-nachrichten","tag-aktuelle-news","tag-headlines","tag-nachrichten","tag-news","tag-schlagzeilen","tag-united-states","tag-united-states-of-america","tag-us","tag-usa","tag-vereinigte-staaten","tag-vereinigte-staaten-von-amerika"],"share_on_mastodon":{"url":"https:\/\/pubeurope.com\/@de\/117189027001351822","error":""},"_links":{"self":[{"href":"https:\/\/www.europesays.com\/de\/wp-json\/wp\/v2\/posts\/1271399","targetHints":{"allow":["GET"]}}],"collection":[{"href":"https:\/\/www.europesays.com\/de\/wp-json\/wp\/v2\/posts"}],"about":[{"href":"https:\/\/www.europesays.com\/de\/wp-json\/wp\/v2\/types\/post"}],"author":[{"embeddable":true,"href":"https:\/\/www.europesays.com\/de\/wp-json\/wp\/v2\/users\/2"}],"replies":[{"embeddable":true,"href":"https:\/\/www.europesays.com\/de\/wp-json\/wp\/v2\/comments?post=1271399"}],"version-history":[{"count":0,"href":"https:\/\/www.europesays.com\/de\/wp-json\/wp\/v2\/posts\/1271399\/revisions"}],"wp:featuredmedia":[{"embeddable":true,"href":"https:\/\/www.europesays.com\/de\/wp-json\/wp\/v2\/media\/1271400"}],"wp:attachment":[{"href":"https:\/\/www.europesays.com\/de\/wp-json\/wp\/v2\/media?parent=1271399"}],"wp:term":[{"taxonomy":"category","embeddable":true,"href":"https:\/\/www.europesays.com\/de\/wp-json\/wp\/v2\/categories?post=1271399"},{"taxonomy":"post_tag","embeddable":true,"href":"https:\/\/www.europesays.com\/de\/wp-json\/wp\/v2\/tags?post=1271399"}],"curies":[{"name":"wp","href":"https:\/\/api.w.org\/{rel}","templated":true}]}}