{"id":1271403,"date":"2026-08-31T07:50:21","date_gmt":"2026-08-31T07:50:21","guid":{"rendered":"https:\/\/www.europesays.com\/de\/1271403\/"},"modified":"2026-08-31T07:50:21","modified_gmt":"2026-08-31T07:50:21","slug":"vorschau-die-worldsbk-kehrt-nach-der-sommerpause-in-frankreich-zurueck-bulega-hat-die-chance-den-titel-vorzeitig-klarzumachen","status":"publish","type":"post","link":"https:\/\/www.europesays.com\/de\/1271403\/","title":{"rendered":"VORSCHAU: Die WorldSBK kehrt nach der Sommerpause in Frankreich zur\u00fcck \u2013 Bulega hat die Chance, den Titel vorzeitig klarzumachen"},"content":{"rendered":"<p>Die MOTUL FIM Superbike-Weltmeisterschaft kehrt diese Woche auf dem Circuit de Nevers Magny-Cours zur\u00fcck, wo der neunte Lauf der Saison 2026 nach der Sommerpause den Neustart markiert. Es ist ein entscheidender Endspurt, in dem die Fahrer ihre Zukunft kl\u00e4ren oder das Jahr mit einem Erfolgserlebnis abschlie\u00dfen wollen \u2013 und das alles beginnt mit dem Acerbis French Runde in Magny-Cours.<\/p>\n<p>DER WEG ZUM RUHM F\u00dcR BULEGA<\/p>\n<p><a href=\"https:\/\/www.worldsbk.com\/en\/riders\/nicolo-bulega\/6164\" rel=\"nofollow noopener\" target=\"_blank\">Nicolo Bulega<\/a> (Aruba.it Racing \u2013 Ducati) steht kurz davor, den diesj\u00e4hrigen Titel zu gewinnen, und er k\u00f6nnte ihn bereits in Magny-Cours holen, wenn er 53 Punkte mehr als sein Teamkollege <a href=\"https:\/\/www.worldsbk.com\/en\/riders\/iker-lecuona\/7812\" rel=\"nofollow noopener\" target=\"_blank\">Iker Lecuona<\/a> sammelt \u2013 \u201eBulegas\u201c m\u00fcsste Frankreich mit einem Vorsprung von 186 Punkten oder mehr vor seinem Teamkollegen verlassen, wobei der aktuelle Abstand bei 133 Punkten liegt. Um Bulegas Titelgewinn um einen weiteren Lauf hinauszuz\u00f6gern, muss die Nummer 7 nat\u00fcrlich nur 10 Punkte \u00fcber das gesamte Wochenende hinweg sammeln \u2013 angesichts seiner Form mit einem Sieg und 19 zweiten Pl\u00e4tzen in den letzten 21 Rennen scheint es wahrscheinlich, dass ihm dies gelingen wird. Bulega hat in Magny-Cours f\u00fcnf Podiumspl\u00e4tze, darunter zwei Siege, errungen, w\u00e4hrend Lecuona in Magny-Cours noch nie auf dem Podium stand.<\/p>\n<p>TESTS VOR DEM RENNEN<\/p>\n<p><a href=\"https:\/\/www.worldsbk.com\/en\/riders\/miguel-oliveira\/3963\" rel=\"nofollow noopener\" target=\"_blank\">Miguel Oliveira<\/a> (ROKiT BMW Motorrad WorldSBK Team) und sein Teamkollege <a href=\"https:\/\/www.worldsbk.com\/en\/riders\/danilo-petrucci\/1666\" rel=\"nofollow noopener\" target=\"_blank\">Danilo Petrucci<\/a> nutzten im August einen zweit\u00e4gigen Test unter sengender Hitze in Magny-Cours, um sich mit der Strecke vertraut zu machen \u2013 insbesondere Oliveira, der dort zum ersten Mal an den Start gehen wird. Petrucci stand dort im Jahr 2024 in allen drei Rennen auf dem Podium und hofft, dass der Frankreich-Lauf den Startschuss f\u00fcr einen starken Saisonabschluss geben kann. Ebenfalls beim Test dabei waren das Honda-HRC-Duo <a href=\"https:\/\/www.worldsbk.com\/en\/riders\/jake-dixon\/7984\" rel=\"nofollow noopener\" target=\"_blank\">Jake Dixon<\/a> und <a href=\"https:\/\/www.worldsbk.com\/en\/riders\/somkiat-chantra\/8479\" rel=\"nofollow noopener\" target=\"_blank\">Somkiat Chantra<\/a>, die sich auf ihren ersten Besuch in Magny-Cours vorbereiteten, w\u00e4hrend auch Sam Lowes die Luft-Temperaturen von \u00fcber 35 Grad Celsius nutzte, um auf die Strecke zu gehen. Zwar nicht auf seinem Rennmotorrad, doch <a href=\"https:\/\/www.worldsbk.com\/en\/riders\/thomas-bridewell\/1814\" rel=\"nofollow noopener\" target=\"_blank\">Tommy Bridewell<\/a> (Superbike Advocates) fuhr einige Tage nach dem Test mit seiner Ducati Panigale V4 S auf die Strecke, um sich mit der Rennstrecke vertraut zu machen, mit dem Ziel, weiterhin regelm\u00e4\u00dfig unter den Top Ten zu sein.<\/p>\n<p>IM RENNEN UM DIE PL\u00c4TZE?<\/p>\n<p><a href=\"https:\/\/www.worldsbk.com\/en\/riders\/garrett-gerloff\/8593\" rel=\"nofollow noopener\" target=\"_blank\">Garrett Gerloff<\/a> (Kawasaki WorldSBK Team) hat in Magny-Cours schon immer gut abgeschnitten: 2024 stand er dort f\u00fcr BMW auf dem Podium, und seine einzige Pole-Position in der WorldSBK errang er 2023 auf dieser franz\u00f6sischen Rennstrecke. K\u00f6nnte der Texaner angesichts seiner diesj\u00e4hrigen Form um einen Podiumsplatz mitk\u00e4mpfen? <a href=\"https:\/\/www.worldsbk.com\/en\/riders\/alvaro-bautista\/3514\" rel=\"nofollow noopener\" target=\"_blank\">Alvaro Bautista<\/a> (Barni Spark Racing Team) ist zweifacher Sieger auf der franz\u00f6sischen Rennstrecke und wird versuchen, vor den letzten vier Rennen der Saison wieder zu seiner Bestform zur\u00fcckzufinden, w\u00e4hrend <a href=\"https:\/\/www.worldsbk.com\/en\/riders\/axel-bassani\/6451\" rel=\"nofollow noopener\" target=\"_blank\">Axel Bassani<\/a> (bimota by Kawasaki Racing Team) auf sein erstes Podium bei einem Rennen in Frankreich seit Rennen 2 im Jahr 2022 hofft. F\u00fcr <a href=\"https:\/\/www.worldsbk.com\/en\/riders\/andrea-locatelli\/4425\" rel=\"nofollow noopener\" target=\"_blank\">Andrea Locatelli<\/a> (Pata Maxus Yamaha) dauert das Warten auf einen Podiumsplatz in Frankreich schon l\u00e4nger an: Er stand zwar 2021 in Rennen 1 \u2013 seinem ersten WorldSBK-Rennen in Magny-Cours \u2013 auf dem Podium, seitdem jedoch nicht mehr. Allerdings gewann er dort 2020 in der WorldSSP. <a href=\"https:\/\/www.worldsbk.com\/en\/riders\/stefano-manzi\/6068\" rel=\"nofollow noopener\" target=\"_blank\">Stefano Manzi<\/a> (GYTR GRT Yamaha WorldSBK Team) ist in der WorldSBK noch nicht auf dieser franz\u00f6sischen Rennstrecke gefahren, zeigte hier jedoch in der WorldSSP eine unglaublich starke Leistung: Auf einer Yamaha landete er nur einmal nicht auf dem Podium, als er 2024 im ersten Rennen bei nasser Fahrbahn st\u00fcrzte. <a href=\"https:\/\/www.worldsbk.com\/en\/riders\/xavi-vierge\/6485\" rel=\"nofollow noopener\" target=\"_blank\">Xavi Vierge<\/a> (Pata Maxus Yamaha) hat in der Vergangenheit in Magny-Cours auf Honda-Maschinen gut abgeschnitten und landete oft unter den Top Ten, w\u00e4hrend <a href=\"https:\/\/www.worldsbk.com\/en\/riders\/remy-gardner\/4538\" rel=\"nofollow noopener\" target=\"_blank\">Remy Gardner<\/a> (GYTR GRT Yamaha WorldSBK Team) in der WorldSBK zwei sechste Pl\u00e4tze in Magny-Cours als seine besten Ergebnisse vorweisen kann. <a href=\"https:\/\/www.worldsbk.com\/en\/riders\/bahattin-sofuoglu\/8467\" rel=\"nofollow noopener\" target=\"_blank\">Bahattin Sofuoglu<\/a> (Motoxracing WorldSBK Team) erzielte im vergangenen Jahr in Rennen 1 sein einziges Top-Ten-Ergebnis in der WorldSBK und wird versuchen, dies zu wiederholen, w\u00e4hrend sein Teamkollege <a href=\"https:\/\/www.worldsbk.com\/en\/riders\/mattia-rato\/8250\" rel=\"nofollow noopener\" target=\"_blank\">Mattia Rato<\/a> zum ersten Mal in der WorldSBK auf der franz\u00f6sischen Rennstrecke an den Start geht.<\/p>\n<p>ZUR\u00dcCK AUF DIE STRECKE<\/p>\n<p><a href=\"https:\/\/www.worldsbk.com\/en\/riders\/tarran-mackenzie\/8049\" rel=\"nofollow noopener\" target=\"_blank\">Tarran Mackenzie<\/a> (MGM Optical Express Racing) wurde in Donington Park nach einem schweren Sturz im zweiten Freien Training f\u00fcr unfit erkl\u00e4rt und wurde danach wegen seiner Verletzungen operiert. Um in Frankreich an den Start gehen zu k\u00f6nnen, muss er am Donnerstag eine medizinische Untersuchung vor dem Rennen bestehen. Gleiches gilt f\u00fcr den Rookie <a href=\"https:\/\/www.worldsbk.com\/en\/riders\/alberto-surra\/7793\" rel=\"nofollow noopener\" target=\"_blank\">Alberto Surra<\/a> (Motocorsa Racing), der in Gro\u00dfbritannien aufgrund einer Schulterverletzung nicht an den Start gehen konnte, nachdem nach dem dritten Freien Training Beschwerden aufgetreten waren. Surra sicherte sich im vergangenen Jahr in Magny-Cours sein einziges WorldSSP-Podium, als er f\u00fcr Aldi Mahendra (AS BLU CRU Racing Team) einsprang, w\u00e4hrend er im selben Jahr an dieser historischen Rennstrecke den Sieg in der Moto2-Europameisterschaft errang.<\/p>\n<p>Verfolgen Sie das gesamte Geschehen aus Magny-Cours stilvoll mit dem <a href=\"https:\/\/subscribe.worldsbk.com\/en\/subscribe\" rel=\"nofollow noopener\" target=\"_blank\">WorldSBK VideoPass \u2013 jetzt mit 70 % Rabatt!<\/a><\/p>\n<p>\u00a0<\/p>\n","protected":false},"excerpt":{"rendered":"Die MOTUL FIM Superbike-Weltmeisterschaft kehrt diese Woche auf dem Circuit de Nevers Magny-Cours zur\u00fcck, wo der neunte Lauf&hellip;\n","protected":false},"author":2,"featured_media":1271404,"comment_status":"","ping_status":"","sticky":false,"template":"","format":"standard","meta":{"footnotes":"","_share_on_mastodon":"0"},"categories":[3974],"tags":[331,332,548,663,3934,3980,156,13,14,15,12,5867],"class_list":["post-1271403","post","type-post","status-publish","format-standard","has-post-thumbnail","category-frankreich","tag-aktuelle-nachrichten","tag-aktuelle-news","tag-eu","tag-europa","tag-europe","tag-france","tag-frankreich","tag-headlines","tag-nachrichten","tag-news","tag-schlagzeilen","tag-text"],"share_on_mastodon":{"url":"https:\/\/pubeurope.com\/@de\/117189032492282598","error":""},"_links":{"self":[{"href":"https:\/\/www.europesays.com\/de\/wp-json\/wp\/v2\/posts\/1271403","targetHints":{"allow":["GET"]}}],"collection":[{"href":"https:\/\/www.europesays.com\/de\/wp-json\/wp\/v2\/posts"}],"about":[{"href":"https:\/\/www.europesays.com\/de\/wp-json\/wp\/v2\/types\/post"}],"author":[{"embeddable":true,"href":"https:\/\/www.europesays.com\/de\/wp-json\/wp\/v2\/users\/2"}],"replies":[{"embeddable":true,"href":"https:\/\/www.europesays.com\/de\/wp-json\/wp\/v2\/comments?post=1271403"}],"version-history":[{"count":0,"href":"https:\/\/www.europesays.com\/de\/wp-json\/wp\/v2\/posts\/1271403\/revisions"}],"wp:featuredmedia":[{"embeddable":true,"href":"https:\/\/www.europesays.com\/de\/wp-json\/wp\/v2\/media\/1271404"}],"wp:attachment":[{"href":"https:\/\/www.europesays.com\/de\/wp-json\/wp\/v2\/media?parent=1271403"}],"wp:term":[{"taxonomy":"category","embeddable":true,"href":"https:\/\/www.europesays.com\/de\/wp-json\/wp\/v2\/categories?post=1271403"},{"taxonomy":"post_tag","embeddable":true,"href":"https:\/\/www.europesays.com\/de\/wp-json\/wp\/v2\/tags?post=1271403"}],"curies":[{"name":"wp","href":"https:\/\/api.w.org\/{rel}","templated":true}]}}