{"id":1271425,"date":"2026-08-31T08:05:19","date_gmt":"2026-08-31T08:05:19","guid":{"rendered":"https:\/\/www.europesays.com\/de\/1271425\/"},"modified":"2026-08-31T08:05:19","modified_gmt":"2026-08-31T08:05:19","slug":"pressemitteilung-klinikum-nuernberg-nimmt-neues-pet-ct-in-betrieb","status":"publish","type":"post","link":"https:\/\/www.europesays.com\/de\/1271425\/","title":{"rendered":"Pressemitteilung: Klinikum N\u00fcrnberg nimmt neues PET-CT in Betrieb"},"content":{"rendered":"<p class=\"date\">31.08.2026 \u2013 09:11<\/p>\n<p class=\"customer\">\n                        <a class=\"story-customer\" title=\"weiter zum newsroom von Klinikum N\u00fcrnberg\" href=\"https:\/\/www.presseportal.de\/nr\/118605\" rel=\"nofollow noopener\" target=\"_blank\">Klinikum N\u00fcrnberg<\/a>\n                    <\/p>\n<p><a class=\"glightbox-pseudo event-trigger\" href=\"https:\/\/cache.pressmailing.net\/thumbnail\/story_hires\/1a1baa9c-8f5f-4b62-af3a-0ce0e9a337b9\/Pressefoto%201%20PET-CT%20~inikum%20N%C3%BCrnberg.jpg.jpg\" data-description=\"Radiologie-Chefarzt Univ.-Prof. Dr. Michael Lell (li.) und Nuklearmediziner Dr. Torsten Fritscher mit der Medizinischen Technologin f\u00fcr Radiologie Alina Kocabas vor dem neuen PET-CT auf dem Campus Nord.&#010;Foto: Jakob Lichtenfeld, Klinikum N\u00fcrnberg&#010;\" data-category=\"medialightbox\" data-action=\"click\" data-label=\"single\" data-value=\"6a952924270000fd2cbde622\" rel=\"nofollow noopener\" target=\"_blank\"><img decoding=\"async\" height=\"540\" with=\"720\" src=\"https:\/\/www.europesays.com\/de\/wp-content\/uploads\/2026\/08\/pressemitteilung-klinikum-n-rnberg-nimmt-neues-pet-ct-in-betrieb.jpeg\"   alt=\"Pressemitteilung: Klinikum N\u00fcrnberg nimmt neues PET-CT in Betrieb\" class=\"single\"\/><\/a><\/p>\n<p class=\"story-download-headline\">Ein Dokument<\/p>\n<ul class=\"story-download-list\">\n<li class=\"story-download-list-item\"><a href=\"https:\/\/www.presseportal.de\/download\/document\/6a952926270000fd2cbde648-pressemitteilung-neu-inikum-n-rnberg.pdf\" rel=\"nofollow noopener\" target=\"_blank\">Pressemitteilung Neu~inikum N\u00fcrnberg.pdf<br \/>PDF &#8211; 139 kB<\/a><\/li>\n<\/ul>\n<p><b>Neues PET-CT im Klinikum N\u00fcrnberg: Die moderne Technik halbiert die Untersuchungszeit und liefert hochaufl\u00f6sende Bilder f\u00fcr eine pr\u00e4zisere Tumordiagnostik.<\/b><\/p>\n<p>Das Klinikum N\u00fcrnberg hat auf dem Campus Nord ein neues PET-CT-System in Betrieb genommen. Die moderne Technik liefert hochaufl\u00f6sende Bilder krankhafter Prozesse schneller und erm\u00f6glicht insbesondere in der Tumordiagnostik eine pr\u00e4zisere Therapieplanung und Verlaufskontrolle. Die Untersuchungszeit hat sich im Schnitt halbiert \u2013 das bedeutet weniger Strahlenbelastung und k\u00fcrzere Wartezeiten.<\/p>\n<p>Mehr \u00fcber das neue Ger\u00e4t lesen Sie in der Pressemitteilung im Anhang. \u00dcber eine Ver\u00f6ffentlichung freuen wir uns.<\/p>\n<p>Viele Gr\u00fc\u00dfe<br \/>\n<b>Isabel Lauer | Pressesprecherin<\/b><br \/>\nUnternehmenskommunikation und Marketing<br \/>\nTelefon: +49 (0) 911 398-7900 | Fax: +49 (0) 911 398-5031<br \/>\n <a target=\"_blank\" class=\"uri-ext outbound\" rel=\"noopener nofollow\" href=\"https:\/\/www.presseportal.de\/pm\/118605\/mailto:julia.peter@klinikum-nuernberg.de\">isabel.lauer@klinikum-nuernberg.de<\/a><br \/>\n <a target=\"_blank\" class=\"uri-ext outbound\" rel=\"noopener nofollow\" href=\"https:\/\/www.klinikum-nuernberg.de\/DE\/index.html\">klinikum-nuernberg.de<\/a> |  <a target=\"_blank\" class=\"uri-ext outbound\" rel=\"noopener nofollow\" href=\"https:\/\/www.klinikum-nuernberg.de\/DE\/ueber_uns\/spenden\/index.html\">go.klinikum-nuernberg.de\/spenden<\/a>Bleiben Sie mit uns verbunden!<br \/>\n <a target=\"_blank\" class=\"uri-ext outbound\" rel=\"noopener nofollow\" href=\"https:\/\/www.facebook.com\/Klinikum.Nuernberg\">facebook<\/a> |  <a target=\"_blank\" class=\"uri-ext outbound\" rel=\"noopener nofollow\" href=\"https:\/\/www.instagram.com\/klinikum_nuernberg\/\">Instagram<\/a> |  <a target=\"_blank\" class=\"uri-ext outbound\" rel=\"noopener nofollow\" href=\"https:\/\/de.linkedin.com\/company\/klinikum-nuernberg\">LinkedIn<\/a> |  <a target=\"_blank\" class=\"uri-ext outbound\" rel=\"noopener nofollow\" href=\"https:\/\/www.youtube.com\/user\/KlinikumNbg\/videos?view=0&amp;flow=grid&amp;sort=p\">YouTube<\/a><a target=\"_blank\" class=\"uri-ext outbound\" rel=\"noopener nofollow\" href=\"https:\/\/issuu.com\/klinikum-nuernberg\/stacks\/d0b526d912c64a8bb983907ef35ca100\">Klinikum N\u00fcrnberg | Campus Nord<br \/>\nProf.-Ernst-Nathan-Str. 1, 90419 N\u00fcrnberg  <\/p>\n<p>            <script async src=\"\/\/www.instagram.com\/embed.js\"><\/script><\/p>\n","protected":false},"excerpt":{"rendered":"31.08.2026 \u2013 09:11 Klinikum N\u00fcrnberg Ein Dokument Pressemitteilung Neu~inikum N\u00fcrnberg.pdfPDF &#8211; 139 kB Neues PET-CT im Klinikum N\u00fcrnberg:&hellip;\n","protected":false},"author":2,"featured_media":1271426,"comment_status":"","ping_status":"","sticky":false,"template":"","format":"standard","meta":{"footnotes":"","_share_on_mastodon":"0"},"categories":[1837],"tags":[772,3477,3364,29,30,3783,178,180,179,181],"class_list":["post-1271425","post","type-post","status-publish","format-standard","has-post-thumbnail","category-nuernberg","tag-bayern","tag-bild","tag-de","tag-deutschland","tag-germany","tag-nuernberg","tag-presse","tag-pressemeldung","tag-pressemitteilung","tag-pressemitteilungen"],"share_on_mastodon":{"url":"https:\/\/pubeurope.com\/@de\/117189093610464105","error":""},"_links":{"self":[{"href":"https:\/\/www.europesays.com\/de\/wp-json\/wp\/v2\/posts\/1271425","targetHints":{"allow":["GET"]}}],"collection":[{"href":"https:\/\/www.europesays.com\/de\/wp-json\/wp\/v2\/posts"}],"about":[{"href":"https:\/\/www.europesays.com\/de\/wp-json\/wp\/v2\/types\/post"}],"author":[{"embeddable":true,"href":"https:\/\/www.europesays.com\/de\/wp-json\/wp\/v2\/users\/2"}],"replies":[{"embeddable":true,"href":"https:\/\/www.europesays.com\/de\/wp-json\/wp\/v2\/comments?post=1271425"}],"version-history":[{"count":0,"href":"https:\/\/www.europesays.com\/de\/wp-json\/wp\/v2\/posts\/1271425\/revisions"}],"wp:featuredmedia":[{"embeddable":true,"href":"https:\/\/www.europesays.com\/de\/wp-json\/wp\/v2\/media\/1271426"}],"wp:attachment":[{"href":"https:\/\/www.europesays.com\/de\/wp-json\/wp\/v2\/media?parent=1271425"}],"wp:term":[{"taxonomy":"category","embeddable":true,"href":"https:\/\/www.europesays.com\/de\/wp-json\/wp\/v2\/categories?post=1271425"},{"taxonomy":"post_tag","embeddable":true,"href":"https:\/\/www.europesays.com\/de\/wp-json\/wp\/v2\/tags?post=1271425"}],"curies":[{"name":"wp","href":"https:\/\/api.w.org\/{rel}","templated":true}]}}