{"id":1271434,"date":"2026-08-31T08:10:30","date_gmt":"2026-08-31T08:10:30","guid":{"rendered":"https:\/\/www.europesays.com\/de\/1271434\/"},"modified":"2026-08-31T08:10:30","modified_gmt":"2026-08-31T08:10:30","slug":"bpol-hb-zug-ueberfaehrt-verkehrsschild-bei-tostedt-bundespolizei-sucht-zeugen-nach","status":"publish","type":"post","link":"https:\/\/www.europesays.com\/de\/1271434\/","title":{"rendered":"BPOL-HB: Zug \u00fcberf\u00e4hrt Verkehrsschild bei Tostedt &#8211; Bundespolizei sucht Zeugen nach &#8230;"},"content":{"rendered":"<p class=\"date\">31.08.2026 \u2013 09:39<\/p>\n<p class=\"customer\">\n                        <a class=\"story-customer\" title=\"weiter zum newsroom von Bundespolizeiinspektion Bremen\" href=\"https:\/\/www.presseportal.de\/blaulicht\/nr\/70255\" rel=\"nofollow noopener\" target=\"_blank\">Bundespolizeiinspektion Bremen<\/a>\n                    <\/p>\n<p><a class=\"glightbox event-trigger\" href=\"https:\/\/cache.pressmailing.net\/thumbnail\/story_hires\/f9445cb6-ca76-4a37-b3c1-384f52eb5e30\/VekehrsschildanderBahnbr%C3%BCcke.jpeg.jpg\" data-description=\"Das Verkehrsschild wurde durch den Aufprall zur Seite geschleudert.\" data-category=\"medialightbox\" data-action=\"click\" data-label=\"single\" data-value=\"6a952fbd270000fd2cbdfbe2\" rel=\"nofollow noopener\" target=\"_blank\"><img decoding=\"async\" height=\"540\" with=\"720\" src=\"https:\/\/www.europesays.com\/de\/wp-content\/uploads\/2026\/08\/bpol-hb-zug-berf-hrt-verkehrsschild-bei-tostedt-bundespolizei-sucht-zeugen-nach-gef-hrlichem-eingrif.jpeg\"   alt=\"BPOL-HB: Zug \u00fcberf\u00e4hrt Verkehrsschild bei Tostedt - Bundespolizei sucht Zeugen nach gef\u00e4hrlichem Eingriff in den Bahnverkehr\" class=\"single\"\/><\/a><\/p>\n<p><a data-category=\"citylink-story-view\" data-action=\"click\" data-label=\"Citylink in Meldungsansicht\" class=\"story-city event-trigger\" href=\"https:\/\/www.presseportal.de\/regional\/Bremen\" title=\"News aus Bremen \" rel=\"nofollow noopener\" target=\"_blank\">Bremen<\/a> (ots)<\/p>\n<p>Tatort: Bahnstrecke Bremen Hbf. nach Hamburg Hbf., H\u00f6he Tostedt<\/p>\n<p>Tatzeit: Sonntag, 30.08.2026 \/ 18:08 Uhr<\/p>\n<p>Am Sonntagabend haben Unbekannte ein Verkehrsschild samt Eisenstange sowie mehrere Holzlatten eines in der N\u00e4he befindlichen Zaunes in das Bahngleis der Bahnstrecke Bremen &#8211; Hamburg geworfen. Die Bremer Bundespolizei ermittelt wegen des gef\u00e4hrlichen Eingriffs in den Bahnverkehr und sucht nach Zeugen.<br \/>\nErsten Ermittlungen zufolge sah der Triebfahrzeugf\u00fchrer des Metronoms 82032 um 18:08 Uhr die Gegenst\u00e4nde im Gleis und leitete bei einer Geschwindigkeit von etwa 80 km\/h eine Schnellbremsung ein. Der mit rund 600 Reisenden besetzte Zug kam nicht rechtzeitig zum Stehen und \u00fcberfuhr das Verkehrszeichen, das durch den Aufprall zur Seite geschleudert wurde. Die Passagiere im Zug blieben unverletzt und auch der Metronom wies nach ersten Erkenntnissen keine Besch\u00e4digung auf.<\/p>\n<p>Eine Reisende im Zug sowie der Lokf\u00fchrer nahmen zwei Personen wahr, die sich auf einer Bahnbr\u00fccke aufgehalten und den Vorfall beobachtet hatten. Diese fl\u00fcchteten anschlie\u00dfend in unbekannte Richtung. M\u00f6glicherweise k\u00f6nnte es sich hierbei um die T\u00e4ter gehandelt haben, die die Gegenst\u00e4nde zuvor von der Br\u00fccke geworfen oder in das Gleis gelegt haben.<\/p>\n<p>Durch den Vorfall vom Sonntagabend hatten 8 Z\u00fcge eine Versp\u00e4tung von insgesamt 254 Minuten, zwei weitere Z\u00fcge fielen komplett aus. Auch der betroffene Metronomzug wurde im Tostedter Bahnhof vor\u00fcbergehend ausgesetzt. Die 600 Reisenden mussten ihre Fahrt mit einem anderen Metronom fortsetzen. Die Bundespolizei sucht nun nach Zeugen, die insbesondere Angaben zu den zwei Personen machen k\u00f6nnen. M\u00f6glicherweise haben diese sich schon eine l\u00e4ngere Zeit auf der Br\u00fccke oder in der N\u00e4he der Gleise aufgehalten. Sachdienliche Hinweise nimmt die Bundespolizeiinspektion Bremen unter Tel.: 0421\/16299-7777 oder per E-Mail \u00fcber <a href=\"https:\/\/www.presseportal.de\/blaulicht\/pm\/70255\/mailto:bpoli.bremen@polizei.bund.de\" class=\"uri-mailto\" rel=\"nofollow noopener\" target=\"_blank\">bpoli.bremen@polizei.bund.de<\/a> entgegen.<\/p>\n<p class=\"contact-headline\">R\u00fcckfragen bitte an:<\/p>\n<p class=\"contact-text\">Bundespolizeiinspektion Bremen<br \/>Pressestelle<br \/>Juliane Hartwich<br \/>Telefon: 0421 16299 &#8211; 6102<br \/>mobil: 0173 &#8211; 6783390<br \/>E-Mail: <a href=\"https:\/\/www.presseportal.de\/blaulicht\/pm\/70255\/mailto:bpoli.bremen.oea@polizei.bund.de\" class=\"uri-mailto\" rel=\"nofollow noopener\" target=\"_blank\">bpoli.bremen.oea@polizei.bund.de<\/a><br \/><a target=\"_blank\" class=\"uri-ext outbound\" rel=\"noopener nofollow\" href=\"https:\/\/www.bundespolizei.de\">www.bundespolizei.de<\/a><br \/>X @bpol_nord<\/p>\n<p class=\"originator\">Original-Content von: Bundespolizeiinspektion Bremen, \u00fcbermittelt durch news aktuell<\/p>\n","protected":false},"excerpt":{"rendered":"31.08.2026 \u2013 09:39 Bundespolizeiinspektion Bremen Bremen (ots) Tatort: Bahnstrecke Bremen Hbf. nach Hamburg Hbf., H\u00f6he Tostedt Tatzeit: Sonntag,&hellip;\n","protected":false},"author":2,"featured_media":1271435,"comment_status":"","ping_status":"","sticky":false,"template":"","format":"standard","meta":{"footnotes":"","_share_on_mastodon":"0"},"categories":[1824],"tags":[2420,3364,29,30,7309,691,177,1352,5404,121,178,180,179,181],"class_list":["post-1271434","post","type-post","status-publish","format-standard","has-post-thumbnail","category-bremen","tag-bremen","tag-de","tag-deutschland","tag-germany","tag-hb","tag-hh","tag-kriminalitt","tag-mv","tag-ni","tag-polizei","tag-presse","tag-pressemeldung","tag-pressemitteilung","tag-pressemitteilungen"],"share_on_mastodon":{"url":"https:\/\/pubeurope.com\/@de\/117189112372919073","error":""},"_links":{"self":[{"href":"https:\/\/www.europesays.com\/de\/wp-json\/wp\/v2\/posts\/1271434","targetHints":{"allow":["GET"]}}],"collection":[{"href":"https:\/\/www.europesays.com\/de\/wp-json\/wp\/v2\/posts"}],"about":[{"href":"https:\/\/www.europesays.com\/de\/wp-json\/wp\/v2\/types\/post"}],"author":[{"embeddable":true,"href":"https:\/\/www.europesays.com\/de\/wp-json\/wp\/v2\/users\/2"}],"replies":[{"embeddable":true,"href":"https:\/\/www.europesays.com\/de\/wp-json\/wp\/v2\/comments?post=1271434"}],"version-history":[{"count":0,"href":"https:\/\/www.europesays.com\/de\/wp-json\/wp\/v2\/posts\/1271434\/revisions"}],"wp:featuredmedia":[{"embeddable":true,"href":"https:\/\/www.europesays.com\/de\/wp-json\/wp\/v2\/media\/1271435"}],"wp:attachment":[{"href":"https:\/\/www.europesays.com\/de\/wp-json\/wp\/v2\/media?parent=1271434"}],"wp:term":[{"taxonomy":"category","embeddable":true,"href":"https:\/\/www.europesays.com\/de\/wp-json\/wp\/v2\/categories?post=1271434"},{"taxonomy":"post_tag","embeddable":true,"href":"https:\/\/www.europesays.com\/de\/wp-json\/wp\/v2\/tags?post=1271434"}],"curies":[{"name":"wp","href":"https:\/\/api.w.org\/{rel}","templated":true}]}}