{"id":1271439,"date":"2026-08-31T08:14:19","date_gmt":"2026-08-31T08:14:19","guid":{"rendered":"https:\/\/www.europesays.com\/de\/1271439\/"},"modified":"2026-08-31T08:14:19","modified_gmt":"2026-08-31T08:14:19","slug":"nordrhein-westfalen-wegen-vandalismus-zugausfaelle-zwischen-bochum-und-essen","status":"publish","type":"post","link":"https:\/\/www.europesays.com\/de\/1271439\/","title":{"rendered":"Nordrhein-Westfalen: Wegen Vandalismus: Zugausf\u00e4lle zwischen Bochum und Essen"},"content":{"rendered":"<p>Nordrhein-WestfalenWegen Vandalismus: Zugausf\u00e4lle zwischen Bochum und Essen<img decoding=\"async\" class=\"Image_img__fQCi0 Image_Img_16_9__4BLfH\" loading=\"eager\" fetchpriority=\"high\" src=\"https:\/\/www.europesays.com\/de\/wp-content\/uploads\/2026\/08\/1788164059_903_image.webp\" alt=\"image\"\/><\/p>\n<p class=\"Typography_text-m__XI0da Typography_weight-bold__uT6mq storyline_lead_text_leadtext__q_wg8\">Zwischen den Hauptbahnh\u00f6fen von Essen und Bochum gibt es am Morgen starke Beeintr\u00e4chtigungen. Wie lange die St\u00f6rungen und Zugausf\u00e4lle dauern, ist offen.<\/p>\n<p class=\"Typography_text-default__P3otY Typography_weight-normal__pqUbH storyline_paragraph_p__qSR5N\">Bochum (dpa\/lnw) &#8211; Zwischen Bochum und Essen Hauptbahnhof fallen am Morgen mehrere Z\u00fcge aus und sorgen in Teilen des Ruhrgebiets f\u00fcr Beeintr\u00e4chtigungen. Laut aktueller Prognose werde das bis in die fr\u00fchen Abendstunden dauern, hei\u00dft es auf dem Info-Portal Zuginfo.NRW. &#8222;Der Grund daf\u00fcr ist Vandalismus.&#8220; Betroffen seien im Regionalverkehr die Linien RE1, RE6, RE11 und RE16 sowie die RB49 und die S-Bahn-Linie 1. Es gebe Ausf\u00e4lle, Teilausf\u00e4lle und Versp\u00e4tungen. Im Falle der RE1, RE6 und RE11 werden die Z\u00fcge in beiden Fahrtrichtungen zwischen Essen Hauptbahnhof (Hbf) und Dortmund Hbf mit Halt in Gelsenkirchen Hbf und Herne umgeleitet. Die Halte in Wattenscheid und Bochum Hbf fallen demnach aus, Fahrg\u00e4ste sollen auf Ersatzbusse umsteigen.<\/p>\n<p class=\"Typography_text-default__P3otY Typography_weight-normal__pqUbH storyline_paragraph_p__qSR5N\">Z\u00fcge des RE16 aus Richtung Hagen enden und beginnen am Hauptbahnhof in Bochum, folglich kommt es laut Zuginfo.NRW zu Teilausf\u00e4llen zwischen den Hauptbahnh\u00f6fen von Bochum und Essen. Auch hier sind stattdessen Busse im Einsatz. F\u00fcr den RE40 gilt demnach: Die Z\u00fcge aus Richtung Hagen Hbf enden und beginnen in Bochum Hbf. Reisende sollen angesichts von Teilausf\u00e4llen auf den Busverkehr umsteigen.<\/p>\n<p class=\"Typography_text-s__wu_cm Typography_weight-normal__pqUbH Typography_color-darkgrey__sZEnP article-detail-footer_source__KslPc\">Quelle: dpa<\/p>\n","protected":false},"excerpt":{"rendered":"Nordrhein-WestfalenWegen Vandalismus: Zugausf\u00e4lle zwischen Bochum und Essen Zwischen den Hauptbahnh\u00f6fen von Essen und Bochum gibt es am Morgen&hellip;\n","protected":false},"author":2,"featured_media":1271440,"comment_status":"","ping_status":"","sticky":false,"template":"","format":"standard","meta":{"footnotes":"","_share_on_mastodon":"0"},"categories":[1834],"tags":[3364,29,3688,30,1209],"class_list":["post-1271439","post","type-post","status-publish","format-standard","has-post-thumbnail","category-essen","tag-de","tag-deutschland","tag-essen","tag-germany","tag-nordrhein-westfalen"],"share_on_mastodon":{"url":"https:\/\/pubeurope.com\/@de\/117189126827708762","error":""},"_links":{"self":[{"href":"https:\/\/www.europesays.com\/de\/wp-json\/wp\/v2\/posts\/1271439","targetHints":{"allow":["GET"]}}],"collection":[{"href":"https:\/\/www.europesays.com\/de\/wp-json\/wp\/v2\/posts"}],"about":[{"href":"https:\/\/www.europesays.com\/de\/wp-json\/wp\/v2\/types\/post"}],"author":[{"embeddable":true,"href":"https:\/\/www.europesays.com\/de\/wp-json\/wp\/v2\/users\/2"}],"replies":[{"embeddable":true,"href":"https:\/\/www.europesays.com\/de\/wp-json\/wp\/v2\/comments?post=1271439"}],"version-history":[{"count":0,"href":"https:\/\/www.europesays.com\/de\/wp-json\/wp\/v2\/posts\/1271439\/revisions"}],"wp:featuredmedia":[{"embeddable":true,"href":"https:\/\/www.europesays.com\/de\/wp-json\/wp\/v2\/media\/1271440"}],"wp:attachment":[{"href":"https:\/\/www.europesays.com\/de\/wp-json\/wp\/v2\/media?parent=1271439"}],"wp:term":[{"taxonomy":"category","embeddable":true,"href":"https:\/\/www.europesays.com\/de\/wp-json\/wp\/v2\/categories?post=1271439"},{"taxonomy":"post_tag","embeddable":true,"href":"https:\/\/www.europesays.com\/de\/wp-json\/wp\/v2\/tags?post=1271439"}],"curies":[{"name":"wp","href":"https:\/\/api.w.org\/{rel}","templated":true}]}}