{"id":1271450,"date":"2026-08-31T08:22:13","date_gmt":"2026-08-31T08:22:13","guid":{"rendered":"https:\/\/www.europesays.com\/de\/1271450\/"},"modified":"2026-08-31T08:22:13","modified_gmt":"2026-08-31T08:22:13","slug":"drk-duesseldorf-eroeffnet-drei-neue-einrichtungen-in-gerresheim","status":"publish","type":"post","link":"https:\/\/www.europesays.com\/de\/1271450\/","title":{"rendered":"DRK-D\u00fcsseldorf er\u00f6ffnet drei neue Einrichtungen in Gerresheim"},"content":{"rendered":"<p class=\"text_ohne_einzug richtext text-em-55 !leading-serif mx-6 desktop:mx-0\">  Mit einer <a href=\"https:\/\/rp-online.de\/thema\/tagespflege\/\" rel=\"nofollow noopener\" target=\"_blank\">Tagespflege<\/a> f\u00fcr 19 G\u00e4ste, 21 Servicewohnungen f\u00fcr Senioren sowie neuen R\u00e4umen f\u00fcr den DRK-Familientreff Gerresheim hat das Deutsche Rote Kreuz D\u00fcsseldorf sein Angebot auf dem Bildungs- und Gesundheitscampus Gerresheim ausgebaut.<\/p>\n<p class=\"richtext text-em-55 !leading-serif mx-6 desktop:mx-0\">Die neue Tagespflege bietet Senioren eine aktive Tagesgestaltung in Gemeinschaft, kombiniert mit professioneller Betreuung und Therapiema\u00dfnahmen nach Bedarf. Die seniorengerechten Servicewohnungen erm\u00f6glichen es \u00e4lteren Menschen, selbstbestimmt zu leben, aber auf Wunsch Unterst\u00fctzung in Anspruch zu nehmen.<\/p>\n<p class=\"richtext text-em-55 !leading-serif mx-6 desktop:mx-0\">Der Familientreff wiederum erg\u00e4nzt das Angebot um einen offenen Begegnungsort f\u00fcr Familien, Kinder und Senioren. Er kn\u00fcpft an seine fast 40-j\u00e4hrige Geschichte in Gerresheim an: Inzwischen kommen Familien bereits in dritter Generation, um die Angebote zu nutzen.<\/p>\n<p class=\"richtext text-em-55 !leading-serif mx-6 desktop:mx-0\">\u201eUnsere neuen Einrichtungen reihen sich nahtlos in die bereits bestehende Gesundheits-Infrastruktur hier auf dem Campus ein\u201c, sagt Thomas Jeschkowski, Vorstand des DRK D\u00fcsseldorf. \u201eAuf diese Weise schaffen wir einen Ort, der Leben, Lernen und Arbeiten miteinander verbindet. Familien treffen auf Senioren, Menschen in Ausbildung auf erfahrene Fachkr\u00e4fte und Nachbarschaft auf professionelle Unterst\u00fctzung.\u201c<\/p>\n<p class=\"richtext text-em-55 !leading-serif mx-6 desktop:mx-0\">Die Er\u00f6ffnung der neuen Angebote wurde im Rahmen eines gemeinsamen Festes mit rund 100 G\u00e4sten gefeiert. Menschen, die am neuen Standort leben und arbeiten, trafen auf Vertreter der Stadt D\u00fcsseldorf sowie Partner anderer sozialer Tr\u00e4ger. In famili\u00e4rer und herzlicher Atmosph\u00e4re wurde bei Live-Musik gemeinsam gegrillt, und die G\u00e4ste kamen schnell miteinander ins Gespr\u00e4ch.<\/p>\n<p class=\"richtext text-em-55 !leading-serif mx-6 desktop:mx-0\">Die Idee des Bildungs- und Gesundheitscampus Gerresheim hat das DRK gemeinsam mit den Sana-Kliniken und dem Evangelischen Krankenhaus entwickelt. Der Campus ist das Ergebnis einer langj\u00e4hrigen Zusammenarbeit der Partner. Das Ziel war von Anfang an, Angebote eng miteinander zu verzahnen und so ein innovatives Quartier zu schaffen, das medizinische Versorgung, Pflege, Bildung und soziale Angebote an einem Standort vereint.<\/p>\n","protected":false},"excerpt":{"rendered":"Mit einer Tagespflege f\u00fcr 19 G\u00e4ste, 21 Servicewohnungen f\u00fcr Senioren sowie neuen R\u00e4umen f\u00fcr den DRK-Familientreff Gerresheim hat&hellip;\n","protected":false},"author":2,"featured_media":1271451,"comment_status":"","ping_status":"","sticky":false,"template":"","format":"standard","meta":{"footnotes":"","_share_on_mastodon":"0"},"categories":[1831],"tags":[75857,12718,99803,5114,6623,3364,29,3405,5431,30,11069,21175,25352,1209,9221,6583,262619,125223,42961],"class_list":["post-1271450","post","type-post","status-publish","format-standard","has-post-thumbnail","category-duesseldorf","tag-gesundheitscampus","tag-drk","tag-familientreff","tag-angebot","tag-campus","tag-de","tag-deutschland","tag-duesseldorf","tag-familien","tag-germany","tag-gerresheim","tag-gesundheits","tag-miteinander","tag-nordrhein-westfalen","tag-pflege","tag-senioren","tag-seniorengerechten","tag-servicewohnungen","tag-tagespflege"],"share_on_mastodon":{"url":"https:\/\/pubeurope.com\/@de\/117189158378158759","error":""},"_links":{"self":[{"href":"https:\/\/www.europesays.com\/de\/wp-json\/wp\/v2\/posts\/1271450","targetHints":{"allow":["GET"]}}],"collection":[{"href":"https:\/\/www.europesays.com\/de\/wp-json\/wp\/v2\/posts"}],"about":[{"href":"https:\/\/www.europesays.com\/de\/wp-json\/wp\/v2\/types\/post"}],"author":[{"embeddable":true,"href":"https:\/\/www.europesays.com\/de\/wp-json\/wp\/v2\/users\/2"}],"replies":[{"embeddable":true,"href":"https:\/\/www.europesays.com\/de\/wp-json\/wp\/v2\/comments?post=1271450"}],"version-history":[{"count":0,"href":"https:\/\/www.europesays.com\/de\/wp-json\/wp\/v2\/posts\/1271450\/revisions"}],"wp:featuredmedia":[{"embeddable":true,"href":"https:\/\/www.europesays.com\/de\/wp-json\/wp\/v2\/media\/1271451"}],"wp:attachment":[{"href":"https:\/\/www.europesays.com\/de\/wp-json\/wp\/v2\/media?parent=1271450"}],"wp:term":[{"taxonomy":"category","embeddable":true,"href":"https:\/\/www.europesays.com\/de\/wp-json\/wp\/v2\/categories?post=1271450"},{"taxonomy":"post_tag","embeddable":true,"href":"https:\/\/www.europesays.com\/de\/wp-json\/wp\/v2\/tags?post=1271450"}],"curies":[{"name":"wp","href":"https:\/\/api.w.org\/{rel}","templated":true}]}}