{"id":1271454,"date":"2026-08-31T08:24:47","date_gmt":"2026-08-31T08:24:47","guid":{"rendered":"https:\/\/www.europesays.com\/de\/1271454\/"},"modified":"2026-08-31T08:24:47","modified_gmt":"2026-08-31T08:24:47","slug":"droht-dem-vfb-stuttgart-ein-stinkstiefel-bilal-el-khannouss-wechselt-wohl-doch-nicht","status":"publish","type":"post","link":"https:\/\/www.europesays.com\/de\/1271454\/","title":{"rendered":"Droht dem VfB Stuttgart ein Stinkstiefel? Bilal El Khannouss wechselt wohl doch nicht"},"content":{"rendered":"<p>Der VfB Stuttgart kann in der kommenden Saison offenbar doch auf Bilal El Khannouss z\u00e4hlen, nachdem der offensive Mittelfeldspieler zuletzt hartn\u00e4ckig mit einem Abschied in Verbindung gebracht worden war.<\/p>\n<p>Einem Bericht des <a href=\"https:\/\/www.kicker.de\/kehrtwende-bei-stuttgarts-el-khannouss-1248091\/artikel\" rel=\"nofollow noopener\" target=\"_blank\" data-affiliate-type=\"NONE\">kicker<\/a> zufolge kommt ein Wechsel von El Khannouss zu Newcastle United nicht zustande. Eine Einigung zwischen dem Premier-League-Klub und dem VfB-Star sei derzeit nicht abzusehen, hei\u00dft es. Zuletzt hatte Foot Mercato berichtet, <a href=\"https:\/\/www.spox.com\/fussball\/news\/er-passt-perfekt-in-das-anforderungsprofil-von-matthias-jaissle-verliert-der-vfb-stuttgart-nach-nick-woltemade-den-naechsten-star-an-newcastle-united\/blte563453a975d62ba\" rel=\"nofollow noopener\" target=\"_blank\" data-affiliate-type=\"NONE\">dass Newcastle \u00fcber einen Transfer von El Khannouss nachdenke, da jener perfekt zur Spielweise des neuen Trainers Matthias Jaissle passen w\u00fcrde<\/a>.<\/p>\n<p>Laut kicker pokerte El Khannouss stattdessen darauf, dass sich noch ein gr\u00f6\u00dferer Klub von der Insel bei ihm meldet. Eine R\u00fcckkehr nach England, wo er 2024\/25 f\u00fcr <a href=\"https:\/\/www.spox.com\/fussball\/news\/absturz-in-die-3-liga-ehemaliger-sensationsmeister-der-premier-league-steht-zum-verkauf\/bltc9ca36d5c904f9d0\" rel=\"nofollow noopener\" target=\"_blank\" data-affiliate-type=\"NONE\">das mittlerweile in die dritte Liga abgest\u00fcrzte Leicester City<\/a> spielte, sei grunds\u00e4tzlich im Kopf des Edeltechnikers gewesen. Newcastle war ihm dabei aber m\u00f6glicherweise nicht attraktiv genug.<\/p>\n<p>Sollte sich bis zur Schlie\u00dfung des Sommertransferfensters am Dienstag nicht doch noch einer der englischen Giganten bei El Khannouss melden, wird der 22-J\u00e4hrige also voraussichtlich auch die Saison 2026\/27 in Stuttgart verbringen. Der VfB hatte El Khannouss im vergangenen Jahr zun\u00e4chst von Leicester ausgeliehen, nach Erf\u00fcllung der Bedingungen f\u00fcr einen Kauf war Ende Mai dann die feste Verpflichtung offiziell gemacht worden. F\u00fcr den Marokkaner zahlten die Schwaben, bei denen er bis 2030 unterschrieben hat, eine Abl\u00f6se in H\u00f6he von insgesamt 18 Millionen Euro.<\/p>\n<p>Warum k\u00f6nnte Bilal El Khannouss beim VfB Stuttgart f\u00fcr Unruhe sorgen?<\/p>\n<p>Was die Breite des Kaders f\u00fcr die dank Champions-League-Fu\u00dfball vollgepackte Spielzeit angeht, w\u00e4re ein Verbleib von El Khannouss f\u00fcr Stuttgart sicherlich eine gute Nachricht. <a href=\"https:\/\/www.spox.com\/fussball\/listen\/er-kam-erst-im-vergangenen-sommer-star-des-vfb-stuttgart-moechte-offenbar-schon-wieder-weg\/bltce2c9358e35022af\" rel=\"nofollow noopener\" target=\"_blank\" data-affiliate-type=\"NONE\">Allerdings soll bei El Khannouss Unzufriedenheit \u00fcber sein aktuelles Standing beim Tabellenvierten der vergangenen Bundesliga-Saison herrschen<\/a>, worin wohl auch die Wechselabsichten begr\u00fcndet waren.<\/p>\n<p><img class=\"fco-image__image\" alt=\"Bilal El Khannouss VfB Stuttgart 2025\"   loading=\"lazy\" decoding=\"async\" fetchpriority=\"auto\" width=\"1920\" height=\"1080\" src=\"https:\/\/www.europesays.com\/de\/wp-content\/uploads\/2026\/08\/1788164687_890_GOAL - Blank WEB - Facebook(3381).jpeg\" style=\"aspect-ratio:1920 \/ 1080;width:100%;height:100%\"\/>Getty Images<\/p>\n<p>Sowohl beim Pflichtspielauftakt im DFB-Pokal gegen Hansa Rostock (4:0) als auch <a href=\"https:\/\/www.spox.com\/fussball\/live\/fc-bayern-muenchen-vs-vfb-stuttgart-live-das-eroeffnungsspiel-der-bundesliga-heute-im-liveticker\/blt9c5d7ab358754b69\" rel=\"nofollow noopener\" target=\"_blank\" data-affiliate-type=\"NONE\">beim Bundesliga-Start gegen den FC Bayern M\u00fcnchen (1:5)<\/a> sa\u00df El Khannouss lange auf der Bank und wurde jeweils erst f\u00fcr die Schlussphase eingewechselt, Tiago Tomas erhielt von Trainer Sebastian Hoene\u00df den Vorzug. Schon die letzten Spiele der Vorsaison waren f\u00fcr den marokkanischen Nationalspieler unbefriedigend verlaufen, war er doch unter anderem im DFB-Pokalfinale gegen die Bayern (0:3) nur Joker gewesen. Beim 2:2 gegen Eintracht Frankfurt am 34. Bundesliga-Spieltag kam er gar nicht zum Einsatz.<\/p>\n<p>Bis kurz vor Weihnachten war El Khannouss beim VfB noch meist gesetzt gewesen und \u00fcberzeugte. Nach der R\u00fcckkehr vom Afrika-Cup Ende Januar \u00e4nderte sich die Situation des Offensivspielers jedoch und er pendelte fortan zwischen Startelf und Ersatzbank.<\/p>\n","protected":false},"excerpt":{"rendered":"Der VfB Stuttgart kann in der kommenden Saison offenbar doch auf Bilal El Khannouss z\u00e4hlen, nachdem der offensive&hellip;\n","protected":false},"author":2,"featured_media":1271455,"comment_status":"","ping_status":"","sticky":false,"template":"","format":"standard","meta":{"footnotes":"","_share_on_mastodon":"0"},"categories":[1830],"tags":[258657,1634,299,3364,29,347,30,50637,957,4604,1441,1288,2915],"class_list":["post-1271454","post","type-post","status-publish","format-standard","has-post-thumbnail","category-stuttgart","tag-b-el-khannouss","tag-baden-wuerttemberg","tag-bundesliga","tag-de","tag-deutschland","tag-fussball","tag-germany","tag-newcastle-united","tag-premier-league","tag-soccer","tag-stuttgart","tag-transfers","tag-vfb-stuttgart"],"share_on_mastodon":{"url":"https:\/\/pubeurope.com\/@de\/117189171569376542","error":""},"_links":{"self":[{"href":"https:\/\/www.europesays.com\/de\/wp-json\/wp\/v2\/posts\/1271454","targetHints":{"allow":["GET"]}}],"collection":[{"href":"https:\/\/www.europesays.com\/de\/wp-json\/wp\/v2\/posts"}],"about":[{"href":"https:\/\/www.europesays.com\/de\/wp-json\/wp\/v2\/types\/post"}],"author":[{"embeddable":true,"href":"https:\/\/www.europesays.com\/de\/wp-json\/wp\/v2\/users\/2"}],"replies":[{"embeddable":true,"href":"https:\/\/www.europesays.com\/de\/wp-json\/wp\/v2\/comments?post=1271454"}],"version-history":[{"count":0,"href":"https:\/\/www.europesays.com\/de\/wp-json\/wp\/v2\/posts\/1271454\/revisions"}],"wp:featuredmedia":[{"embeddable":true,"href":"https:\/\/www.europesays.com\/de\/wp-json\/wp\/v2\/media\/1271455"}],"wp:attachment":[{"href":"https:\/\/www.europesays.com\/de\/wp-json\/wp\/v2\/media?parent=1271454"}],"wp:term":[{"taxonomy":"category","embeddable":true,"href":"https:\/\/www.europesays.com\/de\/wp-json\/wp\/v2\/categories?post=1271454"},{"taxonomy":"post_tag","embeddable":true,"href":"https:\/\/www.europesays.com\/de\/wp-json\/wp\/v2\/tags?post=1271454"}],"curies":[{"name":"wp","href":"https:\/\/api.w.org\/{rel}","templated":true}]}}