{"id":1271461,"date":"2026-08-31T08:30:15","date_gmt":"2026-08-31T08:30:15","guid":{"rendered":"https:\/\/www.europesays.com\/de\/1271461\/"},"modified":"2026-08-31T08:30:15","modified_gmt":"2026-08-31T08:30:15","slug":"koeln-todesangst-nach-schuessen-auf-cafe","status":"publish","type":"post","link":"https:\/\/www.europesays.com\/de\/1271461\/","title":{"rendered":"K\u00f6ln: Todesangst nach Sch\u00fcssen auf Caf\u00e9"},"content":{"rendered":"<p>Gro\u00dfeinsatz in K\u00f6lnSch\u00fcsse auf Caf\u00e9 in K\u00f6ln und Todesangst in der B\u00e4ckerei \u2013 T\u00e4ter ist auf der Flucht<img alt=\"Sch\u00fcsse auf Caf\u00e9 in K\u00f6ln\" fetchpriority=\"high\" width=\"940\" height=\"529\" decoding=\"async\" data-nimg=\"1\" class=\"Image_image__SdgLQ Picture_image__vGN9W\" style=\"color:transparent\"   src=\"https:\/\/www.europesays.com\/de\/wp-content\/uploads\/2026\/08\/schuesse-auf-cafe-in-koeln.webp\"\/><\/p>\n<p>Sch\u00fcsse auf Caf\u00e9 in K\u00f6ln<\/p>\n<p>RTL West<\/p>\n<p class=\"AnnotatedMarkup_paragraph__IUT9l\"><strong>Am fr\u00fchen Morgen fallen pl\u00f6tzlich Sch\u00fcsse mitten in K\u00f6ln!<\/strong><br \/>Unbekannte feuern mehrfach auf ein Caf\u00e9 in der S\u00fcdstadt. Mitarbeiter und Kunden in der B\u00e4ckerei nebenan werfen sich in Todeangst auf den Boden. Die Polizei r\u00fcckt mit zahlreichen Einsatzkr\u00e4ften an und fahndet nach dem T\u00e4ter oder den T\u00e4tern. Es ist nicht der einzige Fall dieser Art in K\u00f6ln.<\/p>\n<p>Sch\u00fcsse auf Caf\u00e9 in K\u00f6ln l\u00f6sen Gro\u00dfeinsatz aus: B\u00e4ckerei-Mitarbeiterinnen schildern ihre Todesangst<\/p>\n<p class=\"AnnotatedMarkup_paragraph__IUT9l\">Gegen 7.30 Uhr werden der Polizei am Montagmorgen Sch\u00fcsse auf ein Caf\u00e9 an der Bonner Stra\u00dfe in der K\u00f6lner S\u00fcdstadt gemeldet. Vor Ort entdecken die Einsatzkr\u00e4fte mehrere Einschussl\u00f6cher an dem Geb\u00e4ude und stellen Patronenh\u00fclsen sicher. RTL ist vor Ort: Beamte sperren den Tatort weitr\u00e4umig ab.<\/p>\n<p class=\"AnnotatedMarkup_paragraph__IUT9l\">Nach Angaben der Polizei befanden sich zum Zeitpunkt der Sch\u00fcsse keine Menschen in dem Caf\u00e9. Verletzt wurde nach bisherigen Erkenntnissen niemand.<\/p>\n<p class=\"AnnotatedMarkup_paragraph__IUT9l\">In der benachbarten B\u00e4ckerei-Filiale sitzt nach den Sch\u00fcssen der Schock tief Das berichtet<a rel=\"noopener noreferrer nofollow\" href=\"https:\/\/koeln.t-online.de\/region\/koeln\/id_101412586\/koeln-schuesse-auf-cafe-in-der-suedstadt-polizei-im-grosseinsatz.html?utm_source=app-push&amp;utm_campaign=101412586&amp;utm_medium=regio-koeln\" target=\"_blank\"> t-online<\/a>. Die Verk\u00e4uferinnen Helga Ullrich und Alexandra Schog sagten laut dem Portal: \u201eDas war schrecklich, so etwas habe ich noch nie erlebt.\u201d Der mutma\u00dfliche T\u00e4ter soll um kurz nach 7 Uhr an der Filiale vorbeigelaufen sein. Eine Hand habe er da schon auff\u00e4llig an der H\u00fcfte gehalten, soll ein Kunde berichtet haben. M\u00f6glicherweise habe der Sch\u00fctze so seine Waffe verborgen. Kurze Zeit sp\u00e4ter seien laut t-online mehrere Sch\u00fcsse gefallen. Die Menschen in der B\u00e4ckerei h\u00e4tten sich auf den Boden geworfen \u201eWir hatten gro\u00dfe Angst. Dann konnte ich sehen, wie der Mann in Richtung Zugweg davonrannte. Zum Gl\u00fcck hat einer unserer Kunden schnell reagiert: Er hat noch auf dem Boden sitzend die Polizei angerufen\u201d, so die Mitarbeiterin bei t-online.<\/p>\n<p>Polizei fahndet nach T\u00e4ter in K\u00f6ln<\/p>\n<p class=\"AnnotatedMarkup_paragraph__IUT9l\">Der mutma\u00dfliche Sch\u00fctze kann nach der Tat fliehen. Einsatzkr\u00e4fte fahnden am Montagmorgen nach ihm. Zu seiner Identit\u00e4t und zum m\u00f6glichen Motiv ist bislang nichts bekannt.<\/p>\n<p class=\"AnnotatedMarkup_paragraph__IUT9l\">Rund um den Tatort kommt es w\u00e4hrend des Einsatzes zu erheblichen Einschr\u00e4nkungen. Unter anderem werden die Bonner Stra\u00dfe ab dem Chlodwigplatz stadtausw\u00e4rts sowie Bereiche rund um Elsa\u00dfstra\u00dfe, Zugweg und Kurf\u00fcrstenstra\u00dfe gesperrt. Die Polizei bittet Autofahrer, das Gebiet weitr\u00e4umig zu umfahren.<\/p>\n<p class=\"AnnotatedMarkup_paragraph__IUT9l\">Warum auf das Caf\u00e9 in K\u00f6ln geschossen wurde, ist bislang offen. Auch zu m\u00f6glichen Zusammenh\u00e4ngen mit anderen Schusswaffen-Vorf\u00e4llen in K\u00f6ln und der Umgebung gibt es zun\u00e4chst keine gesicherten Angaben.<\/p>\n<p class=\"AnnotatedMarkup_paragraph__IUT9l\">Verwendete Quelle: eigene RTL-Recherche\/  <a rel=\"noopener noreferrer nofollow\" href=\"https:\/\/koeln.t-online.de\/region\/koeln\/id_101412586\/koeln-schuesse-auf-cafe-in-der-suedstadt-polizei-im-grosseinsatz.html?utm_source=app-push&amp;utm_campaign=101412586&amp;utm_medium=regio-koeln\" target=\"_blank\">t-online<\/a>\/ dpa<\/p>\n","protected":false},"excerpt":{"rendered":"Gro\u00dfeinsatz in K\u00f6lnSch\u00fcsse auf Caf\u00e9 in K\u00f6ln und Todesangst in der B\u00e4ckerei \u2013 T\u00e4ter ist auf der Flucht&hellip;\n","protected":false},"author":2,"featured_media":1271462,"comment_status":"","ping_status":"","sticky":false,"template":"","format":"standard","meta":{"footnotes":"","_share_on_mastodon":"0"},"categories":[1828],"tags":[29,30,1420,1209,176,121,2688],"class_list":["post-1271461","post","type-post","status-publish","format-standard","has-post-thumbnail","category-koeln","tag-deutschland","tag-germany","tag-koeln","tag-nordrhein-westfalen","tag-nrw","tag-polizei","tag-schuesse"],"share_on_mastodon":{"url":"https:\/\/pubeurope.com\/@de\/117189191624548450","error":""},"_links":{"self":[{"href":"https:\/\/www.europesays.com\/de\/wp-json\/wp\/v2\/posts\/1271461","targetHints":{"allow":["GET"]}}],"collection":[{"href":"https:\/\/www.europesays.com\/de\/wp-json\/wp\/v2\/posts"}],"about":[{"href":"https:\/\/www.europesays.com\/de\/wp-json\/wp\/v2\/types\/post"}],"author":[{"embeddable":true,"href":"https:\/\/www.europesays.com\/de\/wp-json\/wp\/v2\/users\/2"}],"replies":[{"embeddable":true,"href":"https:\/\/www.europesays.com\/de\/wp-json\/wp\/v2\/comments?post=1271461"}],"version-history":[{"count":0,"href":"https:\/\/www.europesays.com\/de\/wp-json\/wp\/v2\/posts\/1271461\/revisions"}],"wp:featuredmedia":[{"embeddable":true,"href":"https:\/\/www.europesays.com\/de\/wp-json\/wp\/v2\/media\/1271462"}],"wp:attachment":[{"href":"https:\/\/www.europesays.com\/de\/wp-json\/wp\/v2\/media?parent=1271461"}],"wp:term":[{"taxonomy":"category","embeddable":true,"href":"https:\/\/www.europesays.com\/de\/wp-json\/wp\/v2\/categories?post=1271461"},{"taxonomy":"post_tag","embeddable":true,"href":"https:\/\/www.europesays.com\/de\/wp-json\/wp\/v2\/tags?post=1271461"}],"curies":[{"name":"wp","href":"https:\/\/api.w.org\/{rel}","templated":true}]}}