{"id":1271480,"date":"2026-08-31T08:44:15","date_gmt":"2026-08-31T08:44:15","guid":{"rendered":"https:\/\/www.europesays.com\/de\/1271480\/"},"modified":"2026-08-31T08:44:15","modified_gmt":"2026-08-31T08:44:15","slug":"berlin-radikalisierung-bfv-sieht-blackbox-algorithmen-als-problem","status":"publish","type":"post","link":"https:\/\/www.europesays.com\/de\/1271480\/","title":{"rendered":"Berlin | Radikalisierung: BfV sieht Blackbox-Algorithmen als Problem"},"content":{"rendered":"<p>Berlin (dpa) &#8211; Zur Online-Radikalisierung junger Menschen tr\u00e4gt laut einer Analyse des Verfassungsschutzes neben psychologischen Faktoren auch die Funktionsweise bestimmter Internet-Plattformen bei.\u00a0<\/p>\n<p>Soziale Isolation, Schwierigkeiten im pers\u00f6nlichen Umfeld, teils in Verbindung mit mentalen Problemen, seien typische Voraussetzungen f\u00fcr dynamische Radikalisierungsprozesse, hei\u00dft es in der Publikation des Bundesamtes f\u00fcr Verfassungsschutzes (BfV). \u00abNeben diesen psychologischen Faktoren spielen die intransparenten Algorithmen der Plattformbetreiber eine herausragende Rolle, da sie verst\u00e4rkt auf kontroverse und hoch interaktive Inhalte setzen\u00bb, erkl\u00e4rt der Inlandsnachrichtendienst.\u00a0<\/p>\n<p>Der Weg f\u00fchrt sukzessive in die Echokammer<\/p>\n<p>Nutzer w\u00fcrden nach dem Konsum unverf\u00e4nglicher \u00absemi-politischer Inhalte\u00bb allm\u00e4hlich in eine sogenannte Echokammer gef\u00fchrt, in der immer radikalere und stark emotionalisierende Inhalte verbreitet w\u00fcrden. Durch die fortlaufende Wiederholung und Best\u00e4tigung durch andere Nutzer w\u00fcrden extremistische Ideen zunehmend normalisiert und verinnerlicht. \u00abAuff\u00e4llig ist, dass Personen sich nicht immer exklusiv in eine Ideologie hinein radikalisieren, sondern sich h\u00e4ufig aus einem bunten Potpourri demokratiefeindlicher Ideen bedienen\u00bb, schreibt der Verfassungsschutz.<\/p>\n<p>Die Vernetzung sowie die Verbreitung von Propaganda oder Gewaltvideos laufen demnach \u00fcber Websites, soziale Medien, auf Gaming-Plattformen, Imageboards oder \u00fcber Messengerdienste, wobei Extremisten unterschiedlicher Couleur bestimmte Online-Kommunikationsr\u00e4ume bevorzugen.<\/p>\n<p>Rechtsextremistische Kommunikation auf Imageboards<\/p>\n<p>So nutzten etwa Rechtsextremisten neben klassischen sozialen Netzwerken und Messengerdiensten &#8211; insbesondere Telegram &#8211; auch nicht kommerzielle Videoportale oder Imageboards wie Kohlchan. Auch Gaming-Plattformen wie Steam oder gamingbezogene Konferenzdienste wie Discord dienten der Kontaktaufnahme.<\/p>\n<p>Als ein Beispiel f\u00fchrt der Verfassungsschutz eine internationale Telegram-Gruppe namens \u00abBrenton Fanclub\u00bb auf. Der Name bezieht sich auf den rechtsextremen Attent\u00e4ter von Christchurch in Neuseeland. Er t\u00f6tete am 15. M\u00e4rz 2019 in zwei Moscheen 51 Menschen. Vor der Tat verbreitete er ein rechtsextremes Manifest und \u00fcbertrug den Anschlag live im Internet. Auch nachrichtendienstliche Ermittlungen h\u00e4tten zu polizeilichen Ma\u00dfnahmen gegen einen 15-J\u00e4hrigen und einen 19-J\u00e4hrigen gef\u00fchrt. Beide hatten unabh\u00e4ngig voneinander dort konkrete Anschlagsdrohungen gepostet. In einem Fall richteten sie sich gegen eine Schule und eine Moschee in Bremerhaven, im anderen Fall gegen eine Synagoge in Halle.<\/p>\n<p>Linksextremistische Inhalte auf g\u00e4ngigen Social-Media-Plattformen<\/p>\n<p>Linksextremistische Gruppierungen nutzten vor allem g\u00e4ngige Online-Plattformen wie Instagram, um \u00fcber die eigenen Szenemedien hinaus Inhalte zu verbreiten sowie zu Demonstration und Veranstaltungen aufzurufen. Jugendgruppen der Szene seien teils auch auf TikTok, X sowie Video- und Karriereportalen, Musik-Streamingdiensten und bei Facebook vertreten.<\/p>\n<p>Auch Islamisten m\u00f6gen Telegram<\/p>\n<p>Islamistische Terrorgruppen wie der Islamische Staat (IS) mit seinen verschiedenen Ablegern oder Al-Kaida seien vor allem auf der Chatplattform Rocket-Chat und bei Telegram pr\u00e4sent. Inzwischen greifen sie den Angaben zufolge auch auf K\u00fcnstliche Intelligenz zur\u00fcck und erstellen Deepfakes. Sympathisanten nutzten auch TikTok und Gaming-Plattformen zur Vernetzung und um Propagandamaterial zu verbreiten.<\/p>\n<p>Gruppierungen aus dem islamistischen Spektrum, die vor allem danach strebten, in Deutschland lebende Muslime dazu zu bringen, sich von der Mehrheitsgesellschaft abzuwenden, sind dagegen laut BfV vor allem auf klassischen Social-Media-Plattformen aktiv.<\/p>\n","protected":false},"excerpt":{"rendered":"Berlin (dpa) &#8211; Zur Online-Radikalisierung junger Menschen tr\u00e4gt laut einer Analyse des Verfassungsschutzes neben psychologischen Faktoren auch die&hellip;\n","protected":false},"author":2,"featured_media":1271481,"comment_status":"","ping_status":"","sticky":false,"template":"","format":"standard","meta":{"footnotes":"","_share_on_mastodon":"0"},"categories":[1825],"tags":[296,29,1549,30,198,2544],"class_list":["post-1271480","post","type-post","status-publish","format-standard","has-post-thumbnail","category-berlin","tag-berlin","tag-deutschland","tag-extremismus","tag-germany","tag-internet","tag-terrorismus"],"share_on_mastodon":{"url":"https:\/\/pubeurope.com\/@de\/117189244664672456","error":""},"_links":{"self":[{"href":"https:\/\/www.europesays.com\/de\/wp-json\/wp\/v2\/posts\/1271480","targetHints":{"allow":["GET"]}}],"collection":[{"href":"https:\/\/www.europesays.com\/de\/wp-json\/wp\/v2\/posts"}],"about":[{"href":"https:\/\/www.europesays.com\/de\/wp-json\/wp\/v2\/types\/post"}],"author":[{"embeddable":true,"href":"https:\/\/www.europesays.com\/de\/wp-json\/wp\/v2\/users\/2"}],"replies":[{"embeddable":true,"href":"https:\/\/www.europesays.com\/de\/wp-json\/wp\/v2\/comments?post=1271480"}],"version-history":[{"count":0,"href":"https:\/\/www.europesays.com\/de\/wp-json\/wp\/v2\/posts\/1271480\/revisions"}],"wp:featuredmedia":[{"embeddable":true,"href":"https:\/\/www.europesays.com\/de\/wp-json\/wp\/v2\/media\/1271481"}],"wp:attachment":[{"href":"https:\/\/www.europesays.com\/de\/wp-json\/wp\/v2\/media?parent=1271480"}],"wp:term":[{"taxonomy":"category","embeddable":true,"href":"https:\/\/www.europesays.com\/de\/wp-json\/wp\/v2\/categories?post=1271480"},{"taxonomy":"post_tag","embeddable":true,"href":"https:\/\/www.europesays.com\/de\/wp-json\/wp\/v2\/tags?post=1271480"}],"curies":[{"name":"wp","href":"https:\/\/api.w.org\/{rel}","templated":true}]}}