{"id":1271485,"date":"2026-08-31T08:48:22","date_gmt":"2026-08-31T08:48:22","guid":{"rendered":"https:\/\/www.europesays.com\/de\/1271485\/"},"modified":"2026-08-31T08:48:22","modified_gmt":"2026-08-31T08:48:22","slug":"unter-uns-vorschau-vom-4-september-2026-bei-rtl-wird-naomi-patrizias-assistentin","status":"publish","type":"post","link":"https:\/\/www.europesays.com\/de\/1271485\/","title":{"rendered":"\u201eUnter uns\u201d-Vorschau vom 4. September 2026 bei RTL: Wird Naomi Patrizias Assistentin?"},"content":{"rendered":"<p>\u201eUnter uns\u201c am 4. September 2026 bei RTLAssistentin der \u201eGold-Bitch\u201d\u00a0\u2013\u00a0bei\u00dft Naomi bei diesem Jobangebot an?<\/p>\n<p class=\"AnnotatedMarkup_paragraph__IUT9l\"><strong>Will Naomi f\u00fcr die intrigante Patrizia arbeiten?\u00a0<\/strong><br \/><a href=\"https:\/\/www.rtl.de\/sendungen\/unter-uns\/unter-uns-vorschau-am-07-08-26-im-tv-patrizia-mischt-sich-in-naomis-bewerbungsgespraech-ein-id31096803.html\" target=\"_self\" rel=\"nofollow noopener\">Naomi m\u00f6chte eigentlich eine Ausbildung zur Konditorin machen.<\/a> Da sie aber keine passende Stelle findet, bietet Patrizia ihr schlie\u00dflich einen Job als ihre pers\u00f6nliche Assistentin an. Doch will Naomi wirklich f\u00fcr die gr\u00f6\u00dfte Intrigantin der Schillerallee arbeiten?<\/p>\n<p>\u201eUnter uns\u201c vor TV-Ausstrahlung auf RTL+ anschauen\u00a0<img alt=\"Unter uns\" fetchpriority=\"auto\" loading=\"lazy\" width=\"615\" height=\"346\" decoding=\"async\" data-nimg=\"1\" class=\"Image_image__SdgLQ RtlPlusContent_image__Gbn0N\" style=\"color:transparent\"   src=\"https:\/\/www.europesays.com\/de\/wp-content\/uploads\/2026\/08\/unter-uns.webp\"\/>Ihr wollt mehr News von RTL.de bei Google finden? So einfach geht\u2019s!Wozu dienen die bevorzugten Quellen bei Google?<\/p>\n<p>Ihr scrollt durch die Google-Suche und wollt direkt das sehen, was euch wirklich interessiert? Genau daf\u00fcr hat Google jetzt eine neue Funktion am Start. Mit den sogenannten \u201eBevorzugten Quellen\u201c k\u00f6nnt ihr selbst festlegen, welche Inhalte euch h\u00e4ufiger angezeigt werden. Und genau hier kommt rtl.de ins Spiel. Wenn ihr uns als Favorit markiert, bekommt ihr k\u00fcnftig die wichtigsten Geschichten und Nachrichten f\u00fcr euer Leben, aktuelle News, exklusive VIP-Geschichten aus der Welt eurer Lieblingspromis und RTL-Stars sowie alles rund um Shows, Realitys und Serien<b> <\/b>noch schneller angezeigt.<\/p>\n<p>So aktiviert ihr RTL.de als bevorzugte Quelle bei Google<\/p>\n<p>Der Weg dahin ist wirklich simpel \u2013 ihr braucht nur ein Google-Konto.<\/p>\n<ol>\n<p><b>Direkt \u00fcber den Link<\/b>: Klickt auf diesen <a href=\"https:\/\/www.google.com\/preferences\/source?q=rtl.de\" target=\"_blank\" rel=\"Follow nofollow noopener\">Aktivierungslink<\/a> und w\u00e4hlt rtl.de als bevorzugte Quelle aus.<\/p>\n<p>Sucht alternativ ein Thema bei Google, tippt auf das <b>Sternsymbol neben \u201eSchlagzeilen\u201c<\/b> und f\u00fcgt RTL.de dort hinzu. Danach einfach die Suche neu laden.<\/p>\n<\/ol>\n<p>Schon werden euch Inhalte eurer Lieblingsquelle h\u00e4ufiger angezeigt<\/p>\n<p><a href=\"https:\/\/www.rtl.de\/news\/rtl-de-als-bevorzugte-quelle-bei-google-was-dahinter-steckt-und-wie-ihr-es-aktiviert-id30795186.html\" target=\"_self\" rel=\"Follow nofollow noopener\">Hier erfahrt ihr mehr \u00fcber die bevorzugten Quellen bei Google<\/a><\/p>\n<p>\u201eUnter uns\u201c-Folge 7949 vom 4. September 2026 im TV<\/p>\n<p class=\"AnnotatedMarkup_paragraph__IUT9l\">Naomi besch\u00e4ftigt Patrizias Jobangebot sehr \u2013\u00a0sogar so sehr, dass sie in der Nacht davon tr\u00e4umt.\u00a0Hat sie wirklich das Zeug dazu, die\u00a0rechte Hand\u00a0der\u00a0Chefin\u00a0eines Hotel-Imperiums zu sein, die noch dazu als \u00e4u\u00dferst schwierig gilt? Am Morgen spricht sie mit Paco \u00fcber Patrizias Angebot. Trotz ihres Respekts vor der Aufgabe sieht sie\u00a0darin eine\u00a0\u201ekrasse Chance\u201d. Paco\u00a0hingegen kennt Patrizia schon lange und\u00a0wei\u00df, wie skrupellos sie sein kann. Daher r\u00e4t er Naomi dringend davon ab, den Job anzunehmen. Naomi nimmt Pacos Bedenken ernst \u2013 dennoch geht ihr Patrizias Angebot nicht\u00a0mehr\u00a0aus dem Kopf\u00a0\u2026<\/p>\n","protected":false},"excerpt":{"rendered":"\u201eUnter uns\u201c am 4. September 2026 bei RTLAssistentin der \u201eGold-Bitch\u201d\u00a0\u2013\u00a0bei\u00dft Naomi bei diesem Jobangebot an? Will Naomi f\u00fcr&hellip;\n","protected":false},"author":2,"featured_media":1271486,"comment_status":"","ping_status":"","sticky":false,"template":"","format":"standard","meta":{"footnotes":"","_share_on_mastodon":"0"},"categories":[1773],"tags":[29,214,3066,30,262624,104820,262625,640,3064,471,1780,1808,684,3062,215,3063,1339,3065],"class_list":["post-1271485","post","type-post","status-publish","format-standard","has-post-thumbnail","category-serien","tag-deutschland","tag-entertainment","tag-folgenvorschau","tag-germany","tag-milos-vukovic","tag-miriam-lahnstein","tag-nadine-menz","tag-rtl","tag-schillerallee","tag-serien","tag-series","tag-soap","tag-tv","tag-unter-uns","tag-unterhaltung","tag-uu","tag-vorschau","tag-weigel"],"share_on_mastodon":{"url":"","error":""},"_links":{"self":[{"href":"https:\/\/www.europesays.com\/de\/wp-json\/wp\/v2\/posts\/1271485","targetHints":{"allow":["GET"]}}],"collection":[{"href":"https:\/\/www.europesays.com\/de\/wp-json\/wp\/v2\/posts"}],"about":[{"href":"https:\/\/www.europesays.com\/de\/wp-json\/wp\/v2\/types\/post"}],"author":[{"embeddable":true,"href":"https:\/\/www.europesays.com\/de\/wp-json\/wp\/v2\/users\/2"}],"replies":[{"embeddable":true,"href":"https:\/\/www.europesays.com\/de\/wp-json\/wp\/v2\/comments?post=1271485"}],"version-history":[{"count":0,"href":"https:\/\/www.europesays.com\/de\/wp-json\/wp\/v2\/posts\/1271485\/revisions"}],"wp:featuredmedia":[{"embeddable":true,"href":"https:\/\/www.europesays.com\/de\/wp-json\/wp\/v2\/media\/1271486"}],"wp:attachment":[{"href":"https:\/\/www.europesays.com\/de\/wp-json\/wp\/v2\/media?parent=1271485"}],"wp:term":[{"taxonomy":"category","embeddable":true,"href":"https:\/\/www.europesays.com\/de\/wp-json\/wp\/v2\/categories?post=1271485"},{"taxonomy":"post_tag","embeddable":true,"href":"https:\/\/www.europesays.com\/de\/wp-json\/wp\/v2\/tags?post=1271485"}],"curies":[{"name":"wp","href":"https:\/\/api.w.org\/{rel}","templated":true}]}}