{"id":1271494,"date":"2026-08-31T08:56:21","date_gmt":"2026-08-31T08:56:21","guid":{"rendered":"https:\/\/www.europesays.com\/de\/1271494\/"},"modified":"2026-08-31T08:56:21","modified_gmt":"2026-08-31T08:56:21","slug":"harry-und-meghan-rueckkehr-nach-england-das-ist-ihr-opulenter-plan","status":"publish","type":"post","link":"https:\/\/www.europesays.com\/de\/1271494\/","title":{"rendered":"Harry und Meghan: R\u00fcckkehr nach England \u2013 das ist ihr opulenter Plan"},"content":{"rendered":"<p>R\u00fcckkehr der Sussexes <\/p>\n<p>Harry und Meghan wohnen bei reichem Freund<\/p>\n<p>31.08.2026 &#8211; 09:47 UhrLesedauer: 2 Min.<\/p>\n<p><a href=\"#focus-0\" class=\"transition-colors block text-current relative\" data-sctrack=\"FocusGalleryImage.Reference\"><img fetchpriority=\"high\" data-testid=\"Opener.Image\"   loading=\"eager\" src=\"https:\/\/www.europesays.com\/de\/wp-content\/uploads\/2026\/08\/prinz-harry-und-megan-das-paar-ist-mit-seinen-kindern-zurueck-in-england.jpg\" alt=\"Prinz Harry und Megan: Das Paar ist mit seinen Kindern zur\u00fcck in England.\" title=\"Prinz Harry und Megan: Das Paar ist mit seinen Kindern zur\u00fcck in England.\" width=\"3000\" height=\"1687\" class=\"bg-[url:var(--lqipURL)] bg-cover bg-center flex h-full w-full max-w-full\" style=\"--lqipURL:url('https:\/\/images.t-online.de\/2026\/08\/tmr7ofovENhb\/0x156:3000x1687\/fit-in\/150x0\/filters:blur(25)\/prinz-harry-und-megan-das-paar-ist-mit-seinen-kindern-zurueck-in-england.jpg')\" decoding=\"async\"\/><img loading=\"lazy\" src=\"https:\/\/www.t-online.de\/s\/paper\/_next\/static\/media\/zoom-in.f7dae02f.svg\" alt=\"Vergr\u00f6\u00dfern des Bildes\" title=\"Vergr\u00f6\u00dfern des Bildes\" class=\"block h-[calc(var(--height)_\/_16_*_1rem)] w-[calc(var(--width)_\/_16_*_1rem)] max-w-none absolute right-8 bottom-8 rounded-4 bg-snow p-8\" style=\"--width:32;--height:32\" decoding=\"async\"\/><\/a><\/p>\n<p>Prinz Harry und Megan: Das Paar ist mit seinen Kindern zur\u00fcck in England. (Quelle: Cameron Spencer\/Getty Images))<\/p>\n<p><img loading=\"lazy\" src=\"https:\/\/www.t-online.de\/s\/paper\/_next\/static\/media\/audio-volume.6689034c.svg\" alt=\"\" title=\"\" class=\"block h-[calc(var(--height)_\/_16_*_1rem)] w-[calc(var(--width)_\/_16_*_1rem)] max-w-none group-hover:brightness-0 group-hover:invert\" style=\"--width:16;--height:16\" decoding=\"async\"\/>Vorlesen<\/p>\n<p>Aktuelle Zeit:0:00Gesamtdauer:0:00<\/p>\n<p>1x<img loading=\"lazy\" src=\"https:\/\/www.t-online.de\/s\/paper\/_next\/static\/media\/font-sizes.32942e33.svg\" alt=\"\" title=\"\" class=\"block h-[calc(var(--height)_\/_16_*_1rem)] w-[calc(var(--width)_\/_16_*_1rem)] max-w-none group-hover:hidden group-aria-expanded:hidden\" style=\"--width:16;--height:16\" decoding=\"async\"\/><img loading=\"lazy\" src=\"https:\/\/www.t-online.de\/s\/paper\/_next\/static\/media\/font-sizes-dark-mode.e382645c.svg\" alt=\"\" title=\"\" class=\"block h-[calc(var(--height)_\/_16_*_1rem)] w-[calc(var(--width)_\/_16_*_1rem)] max-w-none hidden group-hover:block group-aria-expanded:block\" style=\"--width:16;--height:16\" decoding=\"async\"\/><img loading=\"lazy\" src=\"https:\/\/www.t-online.de\/s\/paper\/_next\/static\/media\/sharing-menu-icon.1eb71368.svg\" alt=\"\" title=\"\" class=\"block h-[calc(var(--height)_\/_16_*_1rem)] w-[calc(var(--width)_\/_16_*_1rem)] max-w-none group-hover:brightness-0 group-hover:invert\" style=\"--width:16;--height:16\" decoding=\"async\"\/>Artikel teilen<\/p>\n<p class=\"font-bold text-18 leading-17 user-text-lg:text-22 user-text-xl:text-24\">Das Paar ist mit seinen Kindern per Privatjet in Gro\u00dfbritannien eingetroffen und wohnt vorerst auf dem Anwesen eines wohlhabenden Freundes.<\/p>\n<p class=\"text-18 leading-17 user-text-lg:text-22 user-text-xl:text-24\"><a href=\"https:\/\/www.t-online.de\/themen\/prinz-harry\/\" class=\"transition-colors cursor-pointer no-underline md:hover:text-magenta md:focus:text-magenta border-b border-solid border-current text-salemsfur md:hover:border-magenta\" data-tracking=\"{&quot;action&quot;:&quot;click&quot;,&quot;category&quot;:&quot;intextLink&quot;,&quot;label&quot;:&quot;\/themen\/prinz-harry\/&quot;}\" data-sctrack=\"BodyAnchor\" rel=\"nofollow noopener\" target=\"_blank\">Prinz Harry<\/a> und Meghan sind vergangenen Mittwoch mit ihren Kindern Archie und Lilibet per Privatjet in <a href=\"https:\/\/www.t-online.de\/themen\/grossbritannien\/\" class=\"transition-colors cursor-pointer no-underline md:hover:text-magenta md:focus:text-magenta border-b border-solid border-current text-salemsfur md:hover:border-magenta\" data-tracking=\"{&quot;action&quot;:&quot;click&quot;,&quot;category&quot;:&quot;intextLink&quot;,&quot;label&quot;:&quot;\/themen\/grossbritannien\/&quot;}\" data-sctrack=\"BodyAnchor\" rel=\"nofollow noopener\" target=\"_blank\">Gro\u00dfbritannien<\/a> eingetroffen und wohnen vorerst auf dem Anwesen eines wohlhabenden Freundes am Rand der Cotswolds im S\u00fcdwesten Englands. Ein Hauskauf steht noch aus \u2013 die W\u00fcnsche an das neue Zuhause sind laut Insidern der britischen Zeitung &#8222;Daily Mail&#8220; aber sehr konkret.<\/p>\n<p class=\"text-18 leading-17 user-text-lg:text-22 user-text-xl:text-24\">Die sieben und f\u00fcnf Jahre alten Kinder des Paares sollen ab dieser Woche eine Vorbereitungsschule Unterkunft besuchen. Die Schulwahl haben Harry und Meghan dem Bericht zufolge sorgf\u00e4ltig vorbereitet: Eine Auswahl machten sie im Fr\u00fchjahr, im Juli sichteten sie die Schule. Wichtigstes Kriterium sei nicht die akademische Leistung, sondern eine naturnahe, sportlich gepr\u00e4gte Atmosph\u00e4re.<\/p>\n<ul class=\"text-18 leading-17 block pl-24 *:pb-16 *:before:inline-block *:before:size-8 *:before:bg-magenta *:before:mt-0 *:before:mr-12 *:before:mb-2 *:before:-ml-[20px]\">\n<li><strong class=\"font-bold\">Finanzen von Harry und Meghan:<\/strong> <a href=\"https:\/\/www.t-online.de\/unterhaltung\/royals\/id_100574566\/harry-und-meghan-wie-es-um-die-finanzen-der-sussexes-steht.html\" class=\"transition-colors cursor-pointer no-underline md:hover:text-magenta md:focus:text-magenta border-b border-solid border-current text-salemsfur md:hover:border-magenta\" data-tracking=\"{&quot;action&quot;:&quot;click&quot;,&quot;category&quot;:&quot;intextLink&quot;,&quot;label&quot;:&quot;\/unterhaltung\/royals\/id_100574566\/harry-und-meghan-wie-es-um-die-finanzen-der-sussexes-steht.html&quot;}\" data-sctrack=\"BodyAnchor\" rel=\"nofollow noopener\" target=\"_blank\">Millionen-Deals, Hypotheken und ein teurer Lebensstil<\/a><\/li>\n<li><strong class=\"font-bold\">Schon gelandet:<\/strong> <a href=\"https:\/\/www.t-online.de\/unterhaltung\/royals\/id_101406246\/harry-und-meghan-blitz-umzug-nach-grossbritannien-als-privatleute.html\" class=\"transition-colors cursor-pointer no-underline md:hover:text-magenta md:focus:text-magenta border-b border-solid border-current text-salemsfur md:hover:border-magenta\" data-tracking=\"{&quot;action&quot;:&quot;click&quot;,&quot;category&quot;:&quot;intextLink&quot;,&quot;label&quot;:&quot;\/unterhaltung\/royals\/id_101406246\/harry-und-meghan-blitz-umzug-nach-grossbritannien-als-privatleute.html&quot;}\" data-sctrack=\"BodyAnchor\" rel=\"nofollow noopener\" target=\"_blank\">Harry und Meghan \u00fcberraschen mit Blitz-Umzug<\/a><\/li>\n<\/ul>\n<p>Harry w\u00fcnscht sich einen gesch\u00fctzten Landsitz<\/p>\n<p class=\"text-18 leading-17 user-text-lg:text-22 user-text-xl:text-24\">Berichten zufolge haben Harry und Meghan ein \u00fcber ein rund zw\u00f6lf Millionen Pfund (etwa 14 Mio. Euro) teures Anwesen im Visier. Eine Einigung gebe es bislang nicht. Meghan soll sich ein Anwesen mit neun Schlafzimmern und einem eigenen Filmstudio w\u00fcnschen, Harry eine gro\u00dfe Fl\u00e4che auf dem Land ohne \u00f6ffentliche Wege, um die Privatsph\u00e4re der Familie zu sch\u00fctzen.<\/p>\n<p class=\"text-18 leading-17 user-text-lg:text-22 user-text-xl:text-24\">Ihr bisheriges Anwesen in Montecito im Wert von rund 11,1 Millionen Pfund (knapp 13 Mio. Euro) wollen die Sussexes behalten. Die Schulferien wollen sie dort oder in ihrem Ferienhaus in <a href=\"https:\/\/www.t-online.de\/themen\/portugal\/\" class=\"transition-colors cursor-pointer no-underline md:hover:text-magenta md:focus:text-magenta border-b border-solid border-current text-salemsfur md:hover:border-magenta\" data-tracking=\"{&quot;action&quot;:&quot;click&quot;,&quot;category&quot;:&quot;intextLink&quot;,&quot;label&quot;:&quot;\/themen\/portugal\/&quot;}\" data-sctrack=\"BodyAnchor\" rel=\"nofollow noopener\" target=\"_blank\">Portugal<\/a> verbringen, <a href=\"https:\/\/www.t-online.de\/themen\/weihnachten\/\" class=\"transition-colors cursor-pointer no-underline md:hover:text-magenta md:focus:text-magenta border-b border-solid border-current text-salemsfur md:hover:border-magenta\" data-tracking=\"{&quot;action&quot;:&quot;click&quot;,&quot;category&quot;:&quot;intextLink&quot;,&quot;label&quot;:&quot;\/themen\/weihnachten\/&quot;}\" data-sctrack=\"BodyAnchor\" rel=\"nofollow noopener\" target=\"_blank\">Weihnachten<\/a> wollen sie in <a href=\"https:\/\/www.t-online.de\/themen\/kalifornien\/\" class=\"transition-colors cursor-pointer no-underline md:hover:text-magenta md:focus:text-magenta border-b border-solid border-current text-salemsfur md:hover:border-magenta\" data-tracking=\"{&quot;action&quot;:&quot;click&quot;,&quot;category&quot;:&quot;intextLink&quot;,&quot;label&quot;:&quot;\/themen\/kalifornien\/&quot;}\" data-sctrack=\"BodyAnchor\" rel=\"nofollow noopener\" target=\"_blank\">Kalifornien<\/a> feiern.<\/p>\n<p><img loading=\"lazy\" src=\"https:\/\/www.t-online.de\/s\/paper\/_next\/static\/media\/video-carousel-play.6f25714b.svg\" alt=\"\" title=\"\" class=\"block h-[calc(var(--height)_\/_16_*_1rem)] w-[calc(var(--width)_\/_16_*_1rem)] max-w-none undefined\" style=\"--height:12\" decoding=\"async\"\/><\/p>\n<p>Keine kommerziellen Jobs geplant<\/p>\n<p class=\"text-18 leading-17 user-text-lg:text-22 user-text-xl:text-24\">Das Paar werde dem Bericht zufolge in Gro\u00dfbritannien keine kommerziellen Jobs annehmen. Harry werde sich haupts\u00e4chlich auf seine Vaterrolle konzentrieren und Schirmherrschaften f\u00fcr wohlt\u00e4tige Organisationen weiterf\u00fchren. Meghan m\u00f6chte ihre Lifestyle-Marke &#8222;As Ever&#8220; auf dem US-Markt etablieren.<\/p>\n<p class=\"text-18 leading-17 user-text-lg:text-22 user-text-xl:text-24\">Finanzielle Unterst\u00fctzung von <a href=\"https:\/\/www.t-online.de\/themen\/koenig-charles\/\" class=\"transition-colors cursor-pointer no-underline md:hover:text-magenta md:focus:text-magenta border-b border-solid border-current text-salemsfur md:hover:border-magenta\" data-tracking=\"{&quot;action&quot;:&quot;click&quot;,&quot;category&quot;:&quot;intextLink&quot;,&quot;label&quot;:&quot;\/themen\/koenig-charles\/&quot;}\" data-sctrack=\"BodyAnchor\" rel=\"nofollow noopener\" target=\"_blank\">K\u00f6nig Charles<\/a> werde es nicht geben. Unklar ist bislang, ob der Staat die Kosten f\u00fcr den Personenschutz \u00fcbernehmen wird.<\/p>\n","protected":false},"excerpt":{"rendered":"R\u00fcckkehr der Sussexes Harry und Meghan wohnen bei reichem Freund 31.08.2026 &#8211; 09:47 UhrLesedauer: 2 Min. Prinz Harry&hellip;\n","protected":false},"author":2,"featured_media":1271495,"comment_status":"","ping_status":"","sticky":false,"template":"","format":"standard","meta":{"footnotes":"","_share_on_mastodon":"0"},"categories":[155],"tags":[722,37332,95853,1395,29,3058,214,30,551,567,1747,966,215],"class_list":["post-1271494","post","type-post","status-publish","format-standard","has-post-thumbnail","category-unterhaltung","tag-722","tag-anwesen","tag-cotswolds","tag-daily-mail","tag-deutschland","tag-england","tag-entertainment","tag-germany","tag-grossbritannien","tag-prinz-harry","tag-privatjet","tag-schule","tag-unterhaltung"],"share_on_mastodon":{"url":"https:\/\/pubeurope.com\/@de\/117189295533094176","error":""},"_links":{"self":[{"href":"https:\/\/www.europesays.com\/de\/wp-json\/wp\/v2\/posts\/1271494","targetHints":{"allow":["GET"]}}],"collection":[{"href":"https:\/\/www.europesays.com\/de\/wp-json\/wp\/v2\/posts"}],"about":[{"href":"https:\/\/www.europesays.com\/de\/wp-json\/wp\/v2\/types\/post"}],"author":[{"embeddable":true,"href":"https:\/\/www.europesays.com\/de\/wp-json\/wp\/v2\/users\/2"}],"replies":[{"embeddable":true,"href":"https:\/\/www.europesays.com\/de\/wp-json\/wp\/v2\/comments?post=1271494"}],"version-history":[{"count":0,"href":"https:\/\/www.europesays.com\/de\/wp-json\/wp\/v2\/posts\/1271494\/revisions"}],"wp:featuredmedia":[{"embeddable":true,"href":"https:\/\/www.europesays.com\/de\/wp-json\/wp\/v2\/media\/1271495"}],"wp:attachment":[{"href":"https:\/\/www.europesays.com\/de\/wp-json\/wp\/v2\/media?parent=1271494"}],"wp:term":[{"taxonomy":"category","embeddable":true,"href":"https:\/\/www.europesays.com\/de\/wp-json\/wp\/v2\/categories?post=1271494"},{"taxonomy":"post_tag","embeddable":true,"href":"https:\/\/www.europesays.com\/de\/wp-json\/wp\/v2\/tags?post=1271494"}],"curies":[{"name":"wp","href":"https:\/\/api.w.org\/{rel}","templated":true}]}}