{"id":1271500,"date":"2026-08-31T08:59:30","date_gmt":"2026-08-31T08:59:30","guid":{"rendered":"https:\/\/www.europesays.com\/de\/1271500\/"},"modified":"2026-08-31T08:59:30","modified_gmt":"2026-08-31T08:59:30","slug":"iran-krieg-trump-generaele-warnen-konflikt-schwaecht-usa","status":"publish","type":"post","link":"https:\/\/www.europesays.com\/de\/1271500\/","title":{"rendered":"Iran-Krieg: Trump-Gener\u00e4le warnen \u2013 Konflikt schw\u00e4cht USA"},"content":{"rendered":"<ol class=\"id-DonaldBreadcrumb lp_west_breadcrumb id-DonaldBreadcrumb--default\" data-k5a-pos=\"west_breadcrumb\">\n<li class=\"id-Breadcrumb-item\"><a href=\"https:\/\/www.merkur.de\/\" class=\"id-Breadcrumb-link\" data-id-ec=\"{\" shn=\"\" textlink=\"\" data-k5a-pos=\"1_startseite\" rel=\"nofollow noopener\" target=\"_blank\">Startseite<\/a><\/li>\n<li class=\"id-Breadcrumb-item\"><a href=\"https:\/\/www.merkur.de\/politik\/\" class=\"id-Breadcrumb-link\" data-id-ec=\"{\" shn=\"\" textlink=\"\" data-k5a-pos=\"2_politik\" rel=\"nofollow noopener\" target=\"_blank\">Politik<\/a><\/li>\n<\/ol>\n<p class=\"id-Story-timestamp id-Story-timestamp--default\">Stand: 31.08.2026, 08:58 Uhr<\/p>\n<p class=\"id-Story-interactionBar id-Story-interactionBar--default\">DruckenTeilen<\/p>\n<p><a href=\"https:\/\/profile.google.com\/cp\/CgsvZy8xODdjY3p3choA\" class=\"id-Story-googleFollowButton id-Story-googleFollowButton--default\" target=\"_blank\" data-id-ec=\"{\" shn=\"\" google-follow=\"\" auf=\"\" google=\"\" folgen=\"\" rel=\"nofollow noopener\">Uns auf Google folgen<\/a><\/p>\n<p class=\"id-StoryElement-leadText\">Donald Trump behauptet, Irans Energiezentrum sei zerst\u00f6rt \u2013 doch Milit\u00e4rs warnen intern: Der Krieg dauert zu lang und schw\u00e4cht die USA zunehmend.<\/p>\n<p class=\"id-StoryElement-paragraph\"><a href=\"https:\/\/www.fr.de\/politik\/donald-trump-per32650\/\" class=\"id-import-Link id-pageApi-Link--externalDomain\" title=\"Donald Trump\" data-id-ec=\"{&quot;sht&quot;:&quot;Container&quot;,&quot;shn&quot;:&quot;Story&quot;,&quot;p&quot;:{&quot;containerType&quot;:&quot;Paragraph&quot;,&quot;displayType&quot;:&quot;Paragraph InlineLink&quot;,&quot;type&quot;:&quot;INLINE_LINK&quot;,&quot;value&quot;:&quot;Donald Trump&quot;,&quot;variant&quot;:&quot;standardLink&quot;,&quot;sponsored&quot;:false,&quot;linkHref&quot;:&quot;https:\/\/www.fr.de\/politik\/donald-trump-per32650\/&quot;,&quot;storyElementPosition&quot;:8,&quot;storyElementCount&quot;:28}}\" rel=\"nofollow noopener\" target=\"_blank\">Donald Trump<\/a> behauptete, das Energiezentrum Irans sei \u201ein Schutt und Asche gelegt\u201c worden, als die USA am Sonntag erstmals seit einem Monat Angriffe gegen das Land starteten. Der US-Pr\u00e4sident ver\u00f6ffentlichte auf sozialen Medien KI-generierte Videos von Raketen, die in Feuerb\u00e4llen explodieren, und erweckte damit den Eindruck, Kharg Island stehe unter Beschuss. Es gab keine weiteren Hinweise auf Angriffe auf die Insel, und das Wei\u00dfe Haus reagierte nicht auf Anfragen um Stellungnahme.<\/p>\n<p>Content-Partner<\/p>\n<p class=\"id-StoryElement-factBox-paragraph\">Dieser Artikel von Iona Cleave entstand in Kooperation mit <a href=\"https:\/\/www.telegraph.co.uk\/\" rel=\"nofollow noopener\" target=\"_blank\" class=\"id-import-Link id-pageApi-Link--externalDomain\" data-id-ec=\"{&quot;sht&quot;:&quot;Container&quot;,&quot;shn&quot;:&quot;Story&quot;,&quot;p&quot;:{&quot;containerType&quot;:&quot;FactBox&quot;,&quot;displayType&quot;:&quot;FactBox InlineLink&quot;,&quot;type&quot;:&quot;INLINE_LINK&quot;,&quot;value&quot;:&quot;telegraph.co.uk&quot;,&quot;variant&quot;:&quot;standardLink&quot;,&quot;sponsored&quot;:false,&quot;linkHref&quot;:&quot;https:\/\/www.telegraph.co.uk\/&quot;,&quot;storyElementPosition&quot;:10,&quot;storyElementCount&quot;:28}}\">telegraph.co.uk<\/a><\/p>\n<p class=\"id-StoryElement-paragraph\">Das US Central Command teilte zuvor mit, amerikanische Streitkr\u00e4fte h\u00e4tten Pr\u00e4ventivschl\u00e4ge gegen Raketenwerfer auf einer anderen Insel ausgef\u00fchrt, nachdem Iraner dabei beobachtet worden waren, wie sie Raketen mit Seeminen startklar machten. Das Islamische Revolutionsgardekorps (IRGC) erkl\u00e4rte, der Angriff auf die nahe der Einfahrt zur Stra\u00dfe von Hormus gelegene Insel Larak habe mehrere Soldaten und Zivilisten get\u00f6tet und werde mit \u201eReaktion und Bestrafung\u201c beantwortet werden.<\/p>\n<p><img decoding=\"async\" class=\"id-RatioPlaceholder-element wv_story_el_image\" src=\"https:\/\/www.europesays.com\/de\/wp-content\/uploads\/2026\/08\/43908484-us-praesident-donald-trump-haelt-im-oval-office-des-weissen-hauses-eine-rede-3m2kcOmteVBG.j.jpeg\" loading=\"lazy\"   height=\"619\" width=\"1100\" alt=\"US-Pr&#xE4;sident Donald Trump h&#xE4;lt im Oval Office des Wei&#xDF;en Hauses eine Rede\"\/>Donald Trump behauptet, Irans Energiezentrum sei zerst\u00f6rt \u2013 doch Milit\u00e4rs warnen intern: Der Krieg dauert zu lang und schw\u00e4cht die USA zunehmend. (Symbolbild) \u00a9\u00a0dpa\/AP | Jacquelyn Martin<\/p>\n<p class=\"id-StoryElement-paragraph\">Das IRGC reagierte daraufhin mit dem <a href=\"https:\/\/www.merkur.de\/politik\/raketenabwehr-wie-irans-raketen-toedlicher-wurden-usa-trump-us-stuetzpunkt-jordanien-zr-94412458.html\" class=\"id-import-Link\" data-id-ec=\"{&quot;sht&quot;:&quot;Container&quot;,&quot;shn&quot;:&quot;Story&quot;,&quot;p&quot;:{&quot;containerType&quot;:&quot;Paragraph&quot;,&quot;displayType&quot;:&quot;Paragraph InlineLink&quot;,&quot;type&quot;:&quot;INLINE_LINK&quot;,&quot;value&quot;:&quot;Abschuss ballistischer Raketen auf die US-St&#xFC;tzpunkte&quot;,&quot;variant&quot;:&quot;standardLink&quot;,&quot;sponsored&quot;:false,&quot;linkHref&quot;:&quot;https:\/\/www.merkur.de\/politik\/raketenabwehr-wie-irans-raketen-toedlicher-wurden-usa-trump-us-stuetzpunkt-jordanien-zr-94412458.html&quot;,&quot;storyElementPosition&quot;:14,&quot;storyElementCount&quot;:28}}\" rel=\"nofollow noopener\" target=\"_blank\">Abschuss ballistischer Raketen auf die US-St\u00fctzpunkte<\/a> King Hussein und Al-Azraq in Jordanien, wie iranische Medien am sp\u00e4ten Sonntagabend berichteten. Die Angriffe h\u00e4tten \u201eschwere Sch\u00e4den\u201c an der amerikanischen Milit\u00e4rinfrastruktur verursacht, behauptete das IRGC. Die neuen Angriffe k\u00f6nnten eine R\u00fcckkehr zu offenem Konflikt signalisieren, was f\u00fcr eine Region \u00e4u\u00dferst gef\u00e4hrlich w\u00e4re, die bereits seit sechs Monaten vom Krieg gezeichnet ist.<\/p>\n<p>US-Angriffe und m\u00f6gliche Auswirkungen auf Irans Energiehandel<\/p>\n<p class=\"id-StoryElement-paragraph\">Ein Angriff auf Kharg, \u00fcber das vor der Kriegserkl\u00e4rung von Mr Trump an Iran im Februar 90 Prozent der iranischen \u00d6lexporte abgewickelt wurden, w\u00fcrde den Energiemarkt des Landes massiv st\u00f6ren und zus\u00e4tzlichen Druck auf die iranische Wirtschaft aus\u00fcben. Bereits am Sonntag war berichtet worden, dass US-Milit\u00e4rchefs Pete Hegseth geraten h\u00e4tten, eine Ausweitung des Krieges mit Iran sei nicht durchzuhalten. In einer vertraulichen Warnung an den US-Verteidigungsminister erkl\u00e4rten die Spitzen von Armee, Marine und Luftwaffe, eine Verl\u00e4ngerung des Konflikts schw\u00e4che die F\u00e4higkeit der USA, Bedrohungen anderswo, einschlie\u00dflich im eigenen Land, zu begegnen.<\/p>\n<p>Israel und USA attackieren\u00a0Mullah-Regime\u00a0\u2013 Bilder aus dem Iran-Krieg<img decoding=\"async\" class=\"id-RatioPlaceholder-element wv_story_el_interstitialImage\" src=\"https:\/\/www.europesays.com\/de\/wp-content\/uploads\/2026\/03\/1772661554_829_41711795-rauchsaeule-in-teheran-2tmbe7w2qCfe.jpg\" loading=\"lazy\"   height=\"2132\" width=\"3199\" alt=\"Rauchs&#xE4;ule in teheran\"\/><a href=\"https:\/\/www.merkur.de\/politik\/iran-krieg-israel-und-usa-attackieren-mullah-regime-zr-94196680.html\" class=\"id-StoryElement-intestitialLink-link\" data-id-ec=\"{\" shn=\"\" ansehen=\"\" data-k5a-pos=\"west_story_17_photoGalleryLink\" title=\"Zur Fotostrecke: Israel und USA attackieren&#xA0;Mullah-Regime&#xA0;&#x2013; Bilder aus dem Iran-Krieg\" rel=\"nofollow noopener\" target=\"_blank\">Fotostrecke ansehen<\/a><\/p>\n<p class=\"id-StoryElement-paragraph\">Mr Trump hat wiederholt betont, alle Optionen blieben offen, einschlie\u00dflich einer R\u00fcckkehr zu einem umfassenden Krieg, um den Druck auf Iran zu erh\u00f6hen. Sechs Monate nach Beginn des Konflikts sei die Einsch\u00e4tzung ranghoher Milit\u00e4rs jedoch, der Krieg sei \u201ezu viel, zu lange\u201c gewesen, berichtete die in Washington erscheinende Zeitung Washington Post unter Berufung auf mit der j\u00fcngsten Bewertung vertraute Quellen. Gener\u00e4le und Admirale, darunter jene mit Verantwortung f\u00fcr US-Eins\u00e4tze in Europa, Asien und Lateinamerika, erkl\u00e4rten, sie seien mit Hegseths Anordnung, ihre Kr\u00e4fte zu strecken, nicht einverstanden gewesen, da dies die F\u00e4higkeiten der USA anderswo geschw\u00e4cht habe.<\/p>\n<p>Milit\u00e4rische Bedenken und anhaltende Blockade der Stra\u00dfe von Hormus<\/p>\n<p class=\"id-StoryElement-paragraph\">Unterdessen bleiben die Verhandlungen mit Teheran in einer Sackgasse, die Meerenge bleibt faktisch geschlossen, die Amerikaner sind zunehmend frustriert \u00fcber den langwierigen Konflikt, und Verteidigungsbeamte sorgen sich \u00fcber schrumpfende Best\u00e4nde. Trotz der wiederholten Behauptung von Mr Trump, die lebenswichtige Wasserstra\u00dfe sei offen, liegt der Verkehr aufgrund sporadischer Angriffe Irans weiterhin deutlich unter dem Vorkriegsniveau. Das US-Milit\u00e4r erkl\u00e4rte am Donnerstag, seine Minenr\u00e4umoperationen in der Meerenge seien abgeschlossen und die Passage sei f\u00fcr die Durchfahrt freigegeben.<\/p>\n<p class=\"id-StoryElement-paragraph\">\u201eDie Stra\u00dfe von Hormus ist geschlossen\u201c, bekr\u00e4ftigte Kazem Gharibabadi, Irans stellvertretender Au\u00dfenminister, am Samstag. Er f\u00fcgte hinzu, Teheran habe mit Oman eine Vereinbarung \u00fcber eine tempor\u00e4re Schifffahrtsroute erzielt, deren Umsetzung jedoch von Zugest\u00e4ndnissen der USA abh\u00e4nge. Am Sonntag rief Mojtaba Khamenei, Irans oberster F\u00fchrer, muslimische L\u00e4nder, insbesondere jene am Golf, in einer schriftlichen Erkl\u00e4rung dazu auf, sich gegen das zu vereinen, was er ihren \u201ewahren Feind\u201c nannte. Immer wieder kommt es <a href=\"https:\/\/www.merkur.de\/politik\/us-militaer-greift-iran-erstmals-seit-wochen-wieder-an-zr-94466930.html\" class=\"id-import-Link\" data-id-ec=\"{&quot;sht&quot;:&quot;Container&quot;,&quot;shn&quot;:&quot;Story&quot;,&quot;p&quot;:{&quot;containerType&quot;:&quot;Paragraph&quot;,&quot;displayType&quot;:&quot;Paragraph InlineLink&quot;,&quot;type&quot;:&quot;INLINE_LINK&quot;,&quot;value&quot;:&quot;in der Stra&#xDF;e von Hormus zu Angriffen&quot;,&quot;variant&quot;:&quot;standardLink&quot;,&quot;sponsored&quot;:false,&quot;linkHref&quot;:&quot;https:\/\/www.merkur.de\/politik\/us-militaer-greift-iran-erstmals-seit-wochen-wieder-an-zr-94466930.html&quot;,&quot;storyElementPosition&quot;:23,&quot;storyElementCount&quot;:28}}\" rel=\"nofollow noopener\" target=\"_blank\">in der Stra\u00dfe von Hormus zu Angriffen<\/a>.<\/p>\n<p>Khameneis Appell und wachsende wirtschaftliche Belastung Irans<\/p>\n<p class=\"id-StoryElement-paragraph\">Khamenei ist weiterhin nicht \u00f6ffentlich aufgetreten, seit sein Vater und andere ranghohe F\u00fchrer bei den ersten Angriffen des Krieges am 28. Februar get\u00f6tet wurden, als die USA und Israel zuschlugen. Er bezeichnete die USA und Israel als Feinde aller islamischen Nationen. \u201eMein best\u00e4ndiger und wiederholter Rat an die Herrscher islamischer L\u00e4nder\u201c, schrieb er, \u201eist, euren wahren Feind zu erkennen, seine Pl\u00e4ne zu verstehen und ihn zu bek\u00e4mpfen.\u201c Sein Aufruf zum Handeln kommt zu einem Zeitpunkt, an dem Iran offenbar erste Anzeichen von Schwierigkeiten unter der Last der US-Blockade zeigt.<\/p>\n<p class=\"id-StoryElement-paragraph\">In den vergangenen Tagen wurden in mehreren Gro\u00dfst\u00e4dten wie Teheran, Isfahan und Bandar Abbas lange Schlangen an Tankstellen gemeldet, da die Kraftstoffpreise weiter steigen. Am Montag k\u00fcndigte die Trump-Regierung zus\u00e4tzliche Sanktionen gegen Iran sowie mit Iran verbundene Einrichtungen an, um Teheran zu Zugest\u00e4ndnissen zu dr\u00e4ngen. \u00d6ffentlich zeigen sich iranische Regierungsvertreter jedoch weiterhin unnachgiebig. \u201eDer Feind hat unsere \u00d6l- und Gasressourcen ins Visier genommen, und unsere Produktion ist zur\u00fcckgegangen. Wir stehen im Krieg fest, aber wir m\u00fcssen dazu beitragen, die Widerstandskraft des Landes zu erh\u00f6hen\u201c, sagte der iranische Pr\u00e4sident Masoud Pezeshkian am Freitag.<\/p>\n","protected":false},"excerpt":{"rendered":"Startseite Politik Stand: 31.08.2026, 08:58 Uhr DruckenTeilen Uns auf Google folgen Donald Trump behauptet, Irans Energiezentrum sei zerst\u00f6rt&hellip;\n","protected":false},"author":2,"featured_media":1271501,"comment_status":"","ping_status":"","sticky":false,"template":"","format":"standard","meta":{"footnotes":"","_share_on_mastodon":"0"},"categories":[3],"tags":[13,14,15,12,10,8,9,11,103,104],"class_list":["post-1271500","post","type-post","status-publish","format-standard","has-post-thumbnail","category-welt","tag-headlines","tag-nachrichten","tag-news","tag-schlagzeilen","tag-top-news","tag-top-meldungen","tag-topmeldungen","tag-topnews","tag-welt","tag-world"],"share_on_mastodon":{"url":"https:\/\/pubeurope.com\/@de\/117189306541984394","error":""},"_links":{"self":[{"href":"https:\/\/www.europesays.com\/de\/wp-json\/wp\/v2\/posts\/1271500","targetHints":{"allow":["GET"]}}],"collection":[{"href":"https:\/\/www.europesays.com\/de\/wp-json\/wp\/v2\/posts"}],"about":[{"href":"https:\/\/www.europesays.com\/de\/wp-json\/wp\/v2\/types\/post"}],"author":[{"embeddable":true,"href":"https:\/\/www.europesays.com\/de\/wp-json\/wp\/v2\/users\/2"}],"replies":[{"embeddable":true,"href":"https:\/\/www.europesays.com\/de\/wp-json\/wp\/v2\/comments?post=1271500"}],"version-history":[{"count":0,"href":"https:\/\/www.europesays.com\/de\/wp-json\/wp\/v2\/posts\/1271500\/revisions"}],"wp:featuredmedia":[{"embeddable":true,"href":"https:\/\/www.europesays.com\/de\/wp-json\/wp\/v2\/media\/1271501"}],"wp:attachment":[{"href":"https:\/\/www.europesays.com\/de\/wp-json\/wp\/v2\/media?parent=1271500"}],"wp:term":[{"taxonomy":"category","embeddable":true,"href":"https:\/\/www.europesays.com\/de\/wp-json\/wp\/v2\/categories?post=1271500"},{"taxonomy":"post_tag","embeddable":true,"href":"https:\/\/www.europesays.com\/de\/wp-json\/wp\/v2\/tags?post=1271500"}],"curies":[{"name":"wp","href":"https:\/\/api.w.org\/{rel}","templated":true}]}}