{"id":1271507,"date":"2026-08-31T09:03:16","date_gmt":"2026-08-31T09:03:16","guid":{"rendered":"https:\/\/www.europesays.com\/de\/1271507\/"},"modified":"2026-08-31T09:03:16","modified_gmt":"2026-08-31T09:03:16","slug":"stolberg-naechtliches-maehroboter-verbot-soll-ab-1-september-stolberger-igel-retten-mein-stolberg","status":"publish","type":"post","link":"https:\/\/www.europesays.com\/de\/1271507\/","title":{"rendered":"Stolberg: N\u00e4chtliches M\u00e4hroboter-Verbot soll ab 1. September Stolberger Igel retten \u2013 Mein Stolberg"},"content":{"rendered":"<p>Wer seinen M\u00e4hroboter bislang auch nachts durch den Garten fahren lie\u00df, muss sich ab heute umstellen. <strong>Ab dem 1. September gilt in ganz Stolberg ein Nachtverbot f\u00fcr M\u00e4hroboter.<\/strong> In allen St\u00e4dten der St\u00e4dteRegion Aachen tritt das Verbot ab heute Nacht in Kraft und soll vor allem Igel und andere nachtaktive Tiere sch\u00fctzen.<\/p>\n<p>Ab Dienstag d\u00fcrfen in Stolberg keine Roboter mehr <strong>von einer halben Stunde vor Sonnenuntergang bis eine halbe Stunde nach Sonnenaufgang<\/strong> den Rasen m\u00e4hen. Das wird auch erstmal so bleiben, bis es aufgehoben wird, denn der Grund daf\u00fcr ist ernst:<\/p>\n<p>Vor allem in der Nacht sind Igel in den G\u00e4rten der Stolberger unterwegs. Und die Tiere haben eine besondere Reaktion auf Gefahr, denn sie laufen nicht davon, sondern sie blieben stehen und rollen sich zusammen. F\u00fcr einen fahrenden M\u00e4hroboter kann das fatale Folgen haben. Die scharfen rotierenden Klingen k\u00f6nnen die Tiere schwer verletzen und manche \u00fcberleben das nicht.<\/p>\n<p>Doch nicht nur Igel sollen gesch\u00fctzt werden. Auch Erdkr\u00f6ten, Eidechsen, andere Reptilien und zahlreiche kleine Tiere sind nachts unterwegs und k\u00f6nnen durch die Ger\u00e4te verletzt werden.<\/p>\n<p>Immer mehr Igel suchen inzwischen ausgerechnet in G\u00e4rten, Parks und Gr\u00fcnanlagen nach Nahrung und Unterschlupf. In der freien Landschaft fehlen den Tieren zunehmend geeignete Lebensr\u00e4ume mit Hecken und Geb\u00fcschen. Der Europ\u00e4ische Igel steht deshalb inzwischen auf der Roten Liste der potentiell gef\u00e4hrdeten Tierarten in Deutschland.<\/p>\n<p>Obwohl moderne Technik eigentlich verschiedene Schutzmechanismen eingebaut haben, geraten laut der St\u00e4dteRegion noch immer Tiere unter den Rasenm\u00e4her. Gerade weil viele Roboter besonders leise sind und deshalb gerne unbeaufsichtigt in der D\u00e4mmerung oder nachts eingesetzt werden, besteht f\u00fcr die Tiere eine besondere Gefahr.<\/p>\n<p>Die neue Regelung betrifft dabei nicht nur klassische M\u00e4hroboter, sondern auch alle anderen selbstst\u00e4ndig arbeitender Roboter, die in der Nacht eine vorgegebene Fl\u00e4che m\u00e4hen k\u00f6nnen.<\/p>\n<p>Damit hei\u00dft es f\u00fcr Stolbergs Gartenbesitzer ab heute: <strong>Wenn die Sonne untergeht, bleibt der M\u00e4hroboter stehen.<\/strong> F\u00fcr die Igel und andere kleine Gartenbewohner k\u00f6nnte diese Pause lebensrettend sein.<\/p>\n<p>Pascal van den Berghe<\/p>\n<p>31. August 2026<\/p>\n","protected":false},"excerpt":{"rendered":"Wer seinen M\u00e4hroboter bislang auch nachts durch den Garten fahren lie\u00df, muss sich ab heute umstellen. Ab dem&hellip;\n","protected":false},"author":2,"featured_media":1271508,"comment_status":"","ping_status":"","sticky":false,"template":"","format":"standard","meta":{"footnotes":"","_share_on_mastodon":"0"},"categories":[1853],"tags":[1424,3364,29,548,663,3934,30,13,14,15,1209,12],"class_list":["post-1271507","post","type-post","status-publish","format-standard","has-post-thumbnail","category-aachen","tag-aachen","tag-de","tag-deutschland","tag-eu","tag-europa","tag-europe","tag-germany","tag-headlines","tag-nachrichten","tag-news","tag-nordrhein-westfalen","tag-schlagzeilen"],"share_on_mastodon":{"url":"https:\/\/pubeurope.com\/@de\/117189319474138041","error":""},"_links":{"self":[{"href":"https:\/\/www.europesays.com\/de\/wp-json\/wp\/v2\/posts\/1271507","targetHints":{"allow":["GET"]}}],"collection":[{"href":"https:\/\/www.europesays.com\/de\/wp-json\/wp\/v2\/posts"}],"about":[{"href":"https:\/\/www.europesays.com\/de\/wp-json\/wp\/v2\/types\/post"}],"author":[{"embeddable":true,"href":"https:\/\/www.europesays.com\/de\/wp-json\/wp\/v2\/users\/2"}],"replies":[{"embeddable":true,"href":"https:\/\/www.europesays.com\/de\/wp-json\/wp\/v2\/comments?post=1271507"}],"version-history":[{"count":0,"href":"https:\/\/www.europesays.com\/de\/wp-json\/wp\/v2\/posts\/1271507\/revisions"}],"wp:featuredmedia":[{"embeddable":true,"href":"https:\/\/www.europesays.com\/de\/wp-json\/wp\/v2\/media\/1271508"}],"wp:attachment":[{"href":"https:\/\/www.europesays.com\/de\/wp-json\/wp\/v2\/media?parent=1271507"}],"wp:term":[{"taxonomy":"category","embeddable":true,"href":"https:\/\/www.europesays.com\/de\/wp-json\/wp\/v2\/categories?post=1271507"},{"taxonomy":"post_tag","embeddable":true,"href":"https:\/\/www.europesays.com\/de\/wp-json\/wp\/v2\/tags?post=1271507"}],"curies":[{"name":"wp","href":"https:\/\/api.w.org\/{rel}","templated":true}]}}