{"id":1271514,"date":"2026-08-31T09:10:21","date_gmt":"2026-08-31T09:10:21","guid":{"rendered":"https:\/\/www.europesays.com\/de\/1271514\/"},"modified":"2026-08-31T09:10:21","modified_gmt":"2026-08-31T09:10:21","slug":"streit-am-geropark-moenchengladbach-eskaliert-22-jaehrige-schwer-verletzt","status":"publish","type":"post","link":"https:\/\/www.europesays.com\/de\/1271514\/","title":{"rendered":"Streit am Geropark M\u00f6nchengladbach eskaliert \u2013 22-J\u00e4hrige schwer verletzt"},"content":{"rendered":"<p class=\"text_ohne_einzug richtext text-em-55 !leading-serif mx-6 desktop:mx-0\"> In der Nacht auf Montag, 31. August, ist ein Streit an der Unterf\u00fchrung Hittastra\u00dfe\/Turmstra\u00dfe am Geropark eskaliert. Das teilte eine Sprecherin der Polizei am Montagmorgen auf Anfrage unserer Redaktion mit. Eine 22-j\u00e4hrige Frau sei schwer verletzt worden.<\/p>\n<p class=\"richtext text-em-55 !leading-serif mx-6 desktop:mx-0\">Gegen 0.30 wurde die Polizei demnach alarmiert. Nach ersten Ermittlungen war es zuvor zu einem Streit zwischen mehreren Personen gekommen. Nach Zeugenangaben seien zwei M\u00e4nner auf einem E-Scooter durch die Unterf\u00fchrung gefahren und anschlie\u00dfend auf die Frau zugegangen. Einer der M\u00e4nner habe dabei eine Flasche zerschlagen und damit die 22-J\u00e4hrige angegriffen. Sie wurde am Hals verletzt. Anschlie\u00dfend sei der Tatverd\u00e4chtige aus der Unterf\u00fchrung in Richtung L\u00fcpertzender Stra\u00dfe gefl\u00fcchtet. Der Mann soll etwa 35 bis 40 Jahre alt und circa 1,75 bis 1,8 m gro\u00df sein. Er trug einen grauen Hoodie und f\u00fchrte eine wei\u00dfe Plastikt\u00fcte mit.<\/p>\n<p class=\"richtext text-em-55 !leading-serif mx-6 desktop:mx-0\">Zu Beginn ging man von einem mutma\u00dflichen versuchten T\u00f6tungsdelikt aus. Mitarbeiter der Kriminaltechnischen Untersuchung (KTU) waren vor Ort und sicherten Spuren. Anschlie\u00dfend wurde der Verdacht aber auf gef\u00e4hrliche K\u00f6rperverletzung \u201eruntergestuft\u201c, so die Sprecherin. Die Frau wurde zun\u00e4chst von Rettungskr\u00e4ften in ein Krankenhaus gebracht, konnte aber inzwischen wieder entlassen werden. Der T\u00e4ter ist noch auf der Flucht, die Ermittlungen laufen. Die Polizei bittet Zeugen, die Beobachtungen gemacht haben, sich bei der Polizei unter der Rufnummer 02161\u2005290 zu melden.<\/p>\n","protected":false},"excerpt":{"rendered":"In der Nacht auf Montag, 31. August, ist ein Streit an der Unterf\u00fchrung Hittastra\u00dfe\/Turmstra\u00dfe am Geropark eskaliert. Das&hellip;\n","protected":false},"author":2,"featured_media":1271515,"comment_status":"","ping_status":"","sticky":false,"template":"","format":"standard","meta":{"footnotes":"","_share_on_mastodon":"0"},"categories":[1849],"tags":[262628,3364,29,19846,548,663,3934,30,161762,13,211105,4455,14,15,1209,12,125317,27751,13468,2127,195729,66540,5185],"class_list":["post-1271514","post","type-post","status-publish","format-standard","has-post-thumbnail","category-moenchengladbach","tag-0-30","tag-de","tag-deutschland","tag-eskaliert","tag-eu","tag-europa","tag-europe","tag-germany","tag-geropark","tag-headlines","tag-hittastrasse","tag-moenchengladbach","tag-nachrichten","tag-news","tag-nordrhein-westfalen","tag-schlagzeilen","tag-sicherten","tag-spuren","tag-spurensicherung","tag-streit","tag-turmstrasse","tag-unterfuehrung","tag-verletzt"],"share_on_mastodon":{"url":"https:\/\/pubeurope.com\/@de\/117189346931402064","error":""},"_links":{"self":[{"href":"https:\/\/www.europesays.com\/de\/wp-json\/wp\/v2\/posts\/1271514","targetHints":{"allow":["GET"]}}],"collection":[{"href":"https:\/\/www.europesays.com\/de\/wp-json\/wp\/v2\/posts"}],"about":[{"href":"https:\/\/www.europesays.com\/de\/wp-json\/wp\/v2\/types\/post"}],"author":[{"embeddable":true,"href":"https:\/\/www.europesays.com\/de\/wp-json\/wp\/v2\/users\/2"}],"replies":[{"embeddable":true,"href":"https:\/\/www.europesays.com\/de\/wp-json\/wp\/v2\/comments?post=1271514"}],"version-history":[{"count":0,"href":"https:\/\/www.europesays.com\/de\/wp-json\/wp\/v2\/posts\/1271514\/revisions"}],"wp:featuredmedia":[{"embeddable":true,"href":"https:\/\/www.europesays.com\/de\/wp-json\/wp\/v2\/media\/1271515"}],"wp:attachment":[{"href":"https:\/\/www.europesays.com\/de\/wp-json\/wp\/v2\/media?parent=1271514"}],"wp:term":[{"taxonomy":"category","embeddable":true,"href":"https:\/\/www.europesays.com\/de\/wp-json\/wp\/v2\/categories?post=1271514"},{"taxonomy":"post_tag","embeddable":true,"href":"https:\/\/www.europesays.com\/de\/wp-json\/wp\/v2\/tags?post=1271514"}],"curies":[{"name":"wp","href":"https:\/\/api.w.org\/{rel}","templated":true}]}}