{"id":1271521,"date":"2026-08-31T09:17:17","date_gmt":"2026-08-31T09:17:17","guid":{"rendered":"https:\/\/www.europesays.com\/de\/1271521\/"},"modified":"2026-08-31T09:17:17","modified_gmt":"2026-08-31T09:17:17","slug":"folkdanceparty-am-12-09-2026-in-mannheim","status":"publish","type":"post","link":"https:\/\/www.europesays.com\/de\/1271521\/","title":{"rendered":"FolkDanceParty am 12.09.2026 in Mannheim"},"content":{"rendered":"<p>FolkDanceParty 2.0\u00a0ist zur\u00fcck! Am 12. September zum Dorfplatz-Fest habt ihr erneut die Gelegenheit mitzufeiern.<\/p>\n<p>FolkDanceParty 2.0\u00a0ist ein gemeinsam gestalteter Dancefloor, eine Feier, in der die teilnehmenden Gruppen, Vereine und Communities ihre eigenen T\u00e4nze pr\u00e4sentieren und das Publikum einladen mitzutanzen. Kern ist ein vibrierender Common Dance: Gemeinsam entwickelt wurde er in den vergangenen Monaten von den K\u00fcnstler*innen Hannah Shakti B\u00fchler und Simon Mayer mit Menschen, Vereinen und Gruppen unterschiedlichster Herkunft und Traditionen. Das Ergebnis l\u00e4dt dazu ein, Stile von indischen, rum\u00e4nischen und t\u00fcrkischen Volkst\u00e4nzen \u00fcber Voguing, bis hin zum Schuhplattler kennenzulernen, einzusteigen und einfach mitzutanzen.\u00a0<\/p>\n<p>Alle k\u00f6nnen, niemand muss mittanzen &#8211; Ihr k\u00f6nnt die besondere Atmosph\u00e4re, Lebensfreude und Performance nat\u00fcrlich genauso als Zuschauende erleben. Seid unbedingt p\u00fcnktlich, es hei\u00dft zwar Party &#8211; ist aber ein Abend den man von Anfang an erleben sollte.<\/p>\n<p>\u00a0<\/p>\n<p>ProjektHintergrund:<\/p>\n<p>Ins Leben gerufen wurde die\u00a0FolkDanceParty 2.0\u00a0von Simon Mayer (Choreograf, Musiker und Performer aus \u00d6sterreich) und Hannah Shakti B\u00fchler (Choreografin, Performerin und Professorin f\u00fcr Zeitgen\u00f6ssischen Tanz an der HfMDK Frankfurt). Seit 2025 war das Projekt in verschiedenen Versionen in unterschiedlichen St\u00e4dten zu erleben: am Palais de Tokyo, Paris \/ Centre National de La Danse, der Tanzwelten Ausstellung der Bundeskunsthalle Bonn und den Internationalen Maifestspielen an den Staatstheatern Wiesbaden und Darmstadt. In Mannheim wurde mehrere Monate mit den Gruppen an dem Projekt gearbeitet. In dieser Zeit luden mehrere\u00a0Meet the Folks\u00a0Abende zum Kennenlernen ein. In der Zukunft ist das Programm unter anderen in Spanien angefragt.<\/p>\n<p>Mit:<\/p>\n<p>Konzept und K\u00fcnstlerische Leitung:\u00a0<strong>Simon Mayer und Hannah Shakti B\u00fchler<\/strong>\u00a0\/ Voguing und Griechische T\u00e4nze:\u00a0<strong>Konstantinos Sykoutris<\/strong>\u00a0\/ Circus, Contemporary und franz\u00f6sischer Volkstanz:\u00a0<strong>Louise de Palaminy<\/strong>\u00a0\/ Unsere T\u00e4nze, Unser Tanz:\u00a0<strong>Sayeh Nikgohar, Derya Din\u00e7, Deniz Beren Akural<\/strong>\u00a0\/ Bihu Tanz:\u00a0<strong>Rrishika Kakoty und Remya Ramachandran Nair<\/strong>\u00a0\/ Flow Art, Feuertanz und Hula Hoop:\u00a0<strong>Vika<\/strong>\u00a0\/ Urban Styles:\u00a0<strong>Nina Paschke<\/strong>\u00a0\/ Promoroaca-rum\u00e4nische Musik und Tanz:\u00a0<strong>Ionel Chiri\u021b\u0103<\/strong>\u00a0\/ Projektassistenz:\u00a0<strong>Melaid Sahmi<\/strong><\/p>\n","protected":false},"excerpt":{"rendered":"FolkDanceParty 2.0\u00a0ist zur\u00fcck! Am 12. September zum Dorfplatz-Fest habt ihr erneut die Gelegenheit mitzufeiern. FolkDanceParty 2.0\u00a0ist ein gemeinsam&hellip;\n","protected":false},"author":2,"featured_media":1271522,"comment_status":"","ping_status":"","sticky":false,"template":"","format":"standard","meta":{"footnotes":"","_share_on_mastodon":"0"},"categories":[1845],"tags":[1634,3364,29,548,663,3934,30,13,2096,14,15,12],"class_list":["post-1271521","post","type-post","status-publish","format-standard","has-post-thumbnail","category-mannheim","tag-baden-wuerttemberg","tag-de","tag-deutschland","tag-eu","tag-europa","tag-europe","tag-germany","tag-headlines","tag-mannheim","tag-nachrichten","tag-news","tag-schlagzeilen"],"share_on_mastodon":{"url":"https:\/\/pubeurope.com\/@de\/117189374395471711","error":""},"_links":{"self":[{"href":"https:\/\/www.europesays.com\/de\/wp-json\/wp\/v2\/posts\/1271521","targetHints":{"allow":["GET"]}}],"collection":[{"href":"https:\/\/www.europesays.com\/de\/wp-json\/wp\/v2\/posts"}],"about":[{"href":"https:\/\/www.europesays.com\/de\/wp-json\/wp\/v2\/types\/post"}],"author":[{"embeddable":true,"href":"https:\/\/www.europesays.com\/de\/wp-json\/wp\/v2\/users\/2"}],"replies":[{"embeddable":true,"href":"https:\/\/www.europesays.com\/de\/wp-json\/wp\/v2\/comments?post=1271521"}],"version-history":[{"count":0,"href":"https:\/\/www.europesays.com\/de\/wp-json\/wp\/v2\/posts\/1271521\/revisions"}],"wp:featuredmedia":[{"embeddable":true,"href":"https:\/\/www.europesays.com\/de\/wp-json\/wp\/v2\/media\/1271522"}],"wp:attachment":[{"href":"https:\/\/www.europesays.com\/de\/wp-json\/wp\/v2\/media?parent=1271521"}],"wp:term":[{"taxonomy":"category","embeddable":true,"href":"https:\/\/www.europesays.com\/de\/wp-json\/wp\/v2\/categories?post=1271521"},{"taxonomy":"post_tag","embeddable":true,"href":"https:\/\/www.europesays.com\/de\/wp-json\/wp\/v2\/tags?post=1271521"}],"curies":[{"name":"wp","href":"https:\/\/api.w.org\/{rel}","templated":true}]}}