{"id":1271523,"date":"2026-08-31T09:18:17","date_gmt":"2026-08-31T09:18:17","guid":{"rendered":"https:\/\/www.europesays.com\/de\/1271523\/"},"modified":"2026-08-31T09:18:17","modified_gmt":"2026-08-31T09:18:17","slug":"pol-ka-ka-karlsruhe-unbekannte-greifen-autofahrer-an-polizei-sucht-zeugen","status":"publish","type":"post","link":"https:\/\/www.europesays.com\/de\/1271523\/","title":{"rendered":"POL-KA: (KA) Karlsruhe &#8211; Unbekannte greifen Autofahrer an &#8211; Polizei sucht Zeugen"},"content":{"rendered":"<p class=\"date\">31.08.2026 \u2013 10:55<\/p>\n<p class=\"customer\">\n                        <a class=\"story-customer\" title=\"weiter zum newsroom von Polizeipr\u00e4sidium Karlsruhe\" href=\"https:\/\/www.presseportal.de\/blaulicht\/nr\/110972\" rel=\"nofollow noopener\" target=\"_blank\">Polizeipr\u00e4sidium Karlsruhe<\/a>\n                    <\/p>\n<p><a data-category=\"citylink-story-view\" data-action=\"click\" data-label=\"Citylink in Meldungsansicht\" class=\"story-city event-trigger\" href=\"https:\/\/www.presseportal.de\/regional\/Karlsruhe\" title=\"News aus Karlsruhe \" rel=\"nofollow noopener\" target=\"_blank\">Karlsruhe<\/a> (ots)<\/p>\n<p>Unbekannte haben in der Nacht auf Montag einen 28-j\u00e4hrigen Autofahrer an einer Kreuzung in der Karlsruher Oststadt angegriffen und verletzt. Die Polizei sucht nun nach Zeugen.<\/p>\n<p>Den bisherigen Feststellungen zufolge fuhr der 28-J\u00e4hrige gegen 01:20 Uhr mit seinem Pkw auf der Ludwig-Erhard-Allee in Richtung Stadtmitte. Als er an die Kreuzung zur Fritz-Erler-Stra\u00dfe heranfuhr, traten zwei bislang unbekannte M\u00e4nner offenbar unvermittelt auf die Fahrbahn. Um einen Zusammensto\u00df zu vermeiden, bremste der 28-J\u00e4hrige stark ab und hupte. Nachdem einer der M\u00e4nner daraufhin wohl eine Packung Gefriergut auf das Fahrzeug des 28-J\u00e4hrigen warf, stieg dieser aus und sprach die Unbekannten an. Im weiteren Verlauf eskalierte der Disput, sodass einer der Tatverd\u00e4chtigen dem 28-J\u00e4hrigen wohl mit der Faust ins Gesicht schlug. Als dieser zu Boden ging sollen weitere M\u00e4nner hinzugekommen sein, die dann ebenfalls auf den Gesch\u00e4digten eingeschlagen haben sollen.<br \/>\nLetztlich gelang es dem 28-J\u00e4hrigen in sein Auto zu gelangen, davonzufahren und die Polizei zu verst\u00e4ndigen. Alarmierte Rettungskr\u00e4fte brachten ihn dann mit Gesichtsverletzungen in ein Krankenhaus.<\/p>\n<p>Trotz einer umgehend eingeleiteten Fahndung konnten keine Verd\u00e4chtigen mehr festgestellt werden.<\/p>\n<p>Bei den Angreifern soll es sich um f\u00fcnf bis sechs M\u00e4nner im Alter von etwa 20 bis 25 Jahren handeln.<br \/>\nDer vermeintliche Hauptt\u00e4ter habe dunkelblonde Haare gehabt und einen hellblauen Pullover und eine Jeans getragen.<\/p>\n<p>Zeugen der Auseinandersetzung werden gebeten, sich unter der Telefonnummer 0721 666-3311 beim Polizeirevier Karlsruhe-Marktplatz zu melden.<\/p>\n<p>Larissa Bollinger, Pressestelle<\/p>\n<p class=\"contact-headline\">R\u00fcckfragen bitte an:<\/p>\n<p class=\"contact-text\">Polizeipr\u00e4sidium Karlsruhe<br \/>Telefon: 0721 666-1111<br \/>E-Mail: <a href=\"https:\/\/www.presseportal.de\/blaulicht\/pm\/110972\/mailto:pressestelle.ka@polizei.bwl.de\" class=\"uri-mailto\" rel=\"nofollow noopener\" target=\"_blank\">pressestelle.ka@polizei.bwl.de<\/a><br \/><a target=\"_blank\" class=\"uri-ext outbound\" rel=\"noopener nofollow\" href=\"http:\/\/www.polizei-bw.de\/\">http:\/\/www.polizei-bw.de\/<\/a><\/p>\n<p class=\"originator\">Original-Content von: Polizeipr\u00e4sidium Karlsruhe, \u00fcbermittelt durch news aktuell<\/p>\n","protected":false},"excerpt":{"rendered":"31.08.2026 \u2013 10:55 Polizeipr\u00e4sidium Karlsruhe Karlsruhe (ots) Unbekannte haben in der Nacht auf Montag einen 28-j\u00e4hrigen Autofahrer an&hellip;\n","protected":false},"author":2,"featured_media":1266941,"comment_status":"","ping_status":"","sticky":false,"template":"","format":"standard","meta":{"footnotes":"","_share_on_mastodon":"0"},"categories":[1844],"tags":[1634,6187,3364,29,30,8903,177,121,178,180,179,181],"class_list":["post-1271523","post","type-post","status-publish","format-standard","has-post-thumbnail","category-karlsruhe","tag-baden-wuerttemberg","tag-bw","tag-de","tag-deutschland","tag-germany","tag-karlsruhe","tag-kriminalitt","tag-polizei","tag-presse","tag-pressemeldung","tag-pressemitteilung","tag-pressemitteilungen"],"share_on_mastodon":{"url":"https:\/\/pubeurope.com\/@de\/117189378589344589","error":""},"_links":{"self":[{"href":"https:\/\/www.europesays.com\/de\/wp-json\/wp\/v2\/posts\/1271523","targetHints":{"allow":["GET"]}}],"collection":[{"href":"https:\/\/www.europesays.com\/de\/wp-json\/wp\/v2\/posts"}],"about":[{"href":"https:\/\/www.europesays.com\/de\/wp-json\/wp\/v2\/types\/post"}],"author":[{"embeddable":true,"href":"https:\/\/www.europesays.com\/de\/wp-json\/wp\/v2\/users\/2"}],"replies":[{"embeddable":true,"href":"https:\/\/www.europesays.com\/de\/wp-json\/wp\/v2\/comments?post=1271523"}],"version-history":[{"count":0,"href":"https:\/\/www.europesays.com\/de\/wp-json\/wp\/v2\/posts\/1271523\/revisions"}],"wp:featuredmedia":[{"embeddable":true,"href":"https:\/\/www.europesays.com\/de\/wp-json\/wp\/v2\/media\/1266941"}],"wp:attachment":[{"href":"https:\/\/www.europesays.com\/de\/wp-json\/wp\/v2\/media?parent=1271523"}],"wp:term":[{"taxonomy":"category","embeddable":true,"href":"https:\/\/www.europesays.com\/de\/wp-json\/wp\/v2\/categories?post=1271523"},{"taxonomy":"post_tag","embeddable":true,"href":"https:\/\/www.europesays.com\/de\/wp-json\/wp\/v2\/tags?post=1271523"}],"curies":[{"name":"wp","href":"https:\/\/api.w.org\/{rel}","templated":true}]}}