{"id":1271535,"date":"2026-08-31T09:27:17","date_gmt":"2026-08-31T09:27:17","guid":{"rendered":"https:\/\/www.europesays.com\/de\/1271535\/"},"modified":"2026-08-31T09:27:17","modified_gmt":"2026-08-31T09:27:17","slug":"badesaison-in-der-wuppertaler-mae-geht-ruhig-zu-ende","status":"publish","type":"post","link":"https:\/\/www.europesays.com\/de\/1271535\/","title":{"rendered":"Badesaison in der Wuppertaler \u201eM\u00e4\u201c geht ruhig zu Ende"},"content":{"rendered":"<p class=\"text_ohne_einzug richtext text-em-55 !leading-serif mx-6 desktop:mx-0\">Das Wetter war durchwachsen, und doch nutzten am Sonntag noch einige Badeg\u00e4ste die Gelegenheit zum letzten Besuch im neu wiederer\u00f6ffneten Freibad M\u00e4hlersbeck. \u201eEinfach herrlich das neue Bad. Das ist ein St\u00fcck Lebensqualit\u00e4t\u201c, meinte etwa Stefan Brinkmann, der hier im Sommer regelm\u00e4\u00dfig seine Bahnen gezogen hat und nun nach Langerfeld oder in die Schwimmoper ausweichen will. 49\u2009352 Besucher waren es in der \u201eM\u00e4\u201c bis einschlie\u00dflich Mittwoch gewesen, ob die 50\u2009000er-Marke noch geknackt wurde, stand am Sonntag noch nicht fest. Jedenfalls war es eine gute Saison, die aus Sicht so manchen Gastes zu fr\u00fch zu Ende ging. <\/p>\n","protected":false},"excerpt":{"rendered":"Das Wetter war durchwachsen, und doch nutzten am Sonntag noch einige Badeg\u00e4ste die Gelegenheit zum letzten Besuch im&hellip;\n","protected":false},"author":2,"featured_media":1271536,"comment_status":"","ping_status":"","sticky":false,"template":"","format":"standard","meta":{"footnotes":"","_share_on_mastodon":"0"},"categories":[1840],"tags":[20373,262631,7422,14075,262632,3364,29,10860,31876,70418,45231,30,59158,78568,1209,262633,1973,2257,4418],"class_list":["post-1271535","post","type-post","status-publish","format-standard","has-post-thumbnail","category-wuppertal","tag-schwimmen","tag-ansorg","tag-bad","tag-betrieb","tag-betriebenen","tag-de","tag-deutschland","tag-freibad","tag-freibaeder","tag-freibaedern","tag-gelegenheit","tag-germany","tag-langerfeld","tag-neuenhof-langerfeld","tag-nordrhein-westfalen","tag-schlechtwetter","tag-wetter","tag-wetterlage","tag-wuppertal"],"share_on_mastodon":{"url":"https:\/\/pubeurope.com\/@de\/117189414011838086","error":""},"_links":{"self":[{"href":"https:\/\/www.europesays.com\/de\/wp-json\/wp\/v2\/posts\/1271535","targetHints":{"allow":["GET"]}}],"collection":[{"href":"https:\/\/www.europesays.com\/de\/wp-json\/wp\/v2\/posts"}],"about":[{"href":"https:\/\/www.europesays.com\/de\/wp-json\/wp\/v2\/types\/post"}],"author":[{"embeddable":true,"href":"https:\/\/www.europesays.com\/de\/wp-json\/wp\/v2\/users\/2"}],"replies":[{"embeddable":true,"href":"https:\/\/www.europesays.com\/de\/wp-json\/wp\/v2\/comments?post=1271535"}],"version-history":[{"count":0,"href":"https:\/\/www.europesays.com\/de\/wp-json\/wp\/v2\/posts\/1271535\/revisions"}],"wp:featuredmedia":[{"embeddable":true,"href":"https:\/\/www.europesays.com\/de\/wp-json\/wp\/v2\/media\/1271536"}],"wp:attachment":[{"href":"https:\/\/www.europesays.com\/de\/wp-json\/wp\/v2\/media?parent=1271535"}],"wp:term":[{"taxonomy":"category","embeddable":true,"href":"https:\/\/www.europesays.com\/de\/wp-json\/wp\/v2\/categories?post=1271535"},{"taxonomy":"post_tag","embeddable":true,"href":"https:\/\/www.europesays.com\/de\/wp-json\/wp\/v2\/tags?post=1271535"}],"curies":[{"name":"wp","href":"https:\/\/api.w.org\/{rel}","templated":true}]}}