{"id":1271544,"date":"2026-08-31T09:33:13","date_gmt":"2026-08-31T09:33:13","guid":{"rendered":"https:\/\/www.europesays.com\/de\/1271544\/"},"modified":"2026-08-31T09:33:13","modified_gmt":"2026-08-31T09:33:13","slug":"sorge-um-vermisste-nach-sturzflut-im-grand-canyon","status":"publish","type":"post","link":"https:\/\/www.europesays.com\/de\/1271544\/","title":{"rendered":"Sorge um Vermisste nach Sturzflut im Grand Canyon"},"content":{"rendered":"<p>Von der Sturzflut im Grand-Canyon-Nationalpark im Bundesstaat Arizona in den <a class=\"internal-link\" href=\"https:\/\/www.dw.com\/de\/usa-vereinigte-staaten-amerika\/t-17286012\" rel=\"nofollow noopener\" target=\"_blank\">USA<\/a> wurden zwei bei Touristen besonders beliebte Ziele erfasst: die Phantom Ranch und der Bright Angel Canyon. Beide liegen tief im Inneren des Grand Canyon unweit des Colorado River. Die Flut, die am Samstag \u00fcber das Gebiet hereingebrochen war, besch\u00e4digte <a class=\"internal-link\" href=\"https:\/\/www.dw.com\/de\/grand-canyon-feiert-100-j\u00e4hriges-jubil\u00e4um-als-nationalpark\/a-47634373\" rel=\"nofollow noopener\" target=\"_blank\">Campingpl\u00e4tze und Wanderwege im Nationalpark<\/a>. So seien fast alle Fu\u00dfg\u00e4ngerbr\u00fccken \u00fcber den Bach Bright Angel zerst\u00f6rt worden, teilte der National Park Service (NPS) mit.<\/p>\n<p>Parkleitung warnt vor neuer Gefahr<\/p>\n<p>Fotos und Videos zeigen, dass das Gebiet rund um die Phantom Ranch verw\u00fcstet und mit Schlamm bedeckt wurde.\u00a0Am Colorado River, unweit von Crystal Rapids, wurde die Leiche eines 46-J\u00e4hrigen geborgen. 62 Menschen konnten von der Phantom Ranch und dem unteren North Kaibab Trail gerettet werden.<\/p>\n<p><img data-format=\"MASTER_LANDSCAPE\" data-id=\"78567802\" data-url=\"https:\/\/static.dw.com\/image\/78567802_${formatId}.jpg\" data-aspect-ratio=\"16\/9\" alt=\"USA Grand-Canyon-Nationalpark 2026 | Folgen schwerer \u00dcberschwemmungen im Grand Canyon\" style=\"padding-bottom: 56.25%; height: 0; max-height: 0;\"\/>Der Grand Canyon zieht sich im US-Bundesstaat Arizona \u00fcber 450 Kilometer hinwegBild: Craig Sanderson\/dpa\/picture alliance<\/p>\n<p>Nach wie vor werden aber 15 Wanderer vermisst. Die Leitung des National-Parks warnte, dass mit Gewittern und Starkregen am Montag zu rechnen sei. Das k\u00f6nne erneut zu Sturzfluten f\u00fchren und die Suche nach den Vermissten erschweren.<\/p>\n<p>Teil des Weltnaturerbes der USA<\/p>\n<p>J\u00e4hrlich besuchen mehrere Millionen Menschen den Grand-Canyon-Nationalpark im Norden des US-Bundesstaates Arizona. Das Gebiet steht seit 1919 als Nationalpark unter Schutz. Seit 1979 ist der Grand Canyon als\u00a0<a class=\"internal-link\" href=\"https:\/\/www.dw.com\/de\/neues-naturschutzgebiet-nahe-des-grand-canyon\/a-66477542\" rel=\"nofollow noopener\" target=\"_blank\">UNESCO-Weltnaturerbe\u00a0<\/a>ausgewiesen. Die Schlucht ist rund 450 Kilometer lang und wurde \u00fcber Millionen Jahre hinweg durch den Colorado River ins Gestein gegraben.<\/p>\n<p>haz\/fab (dpa, afp, ap)<\/p>\n","protected":false},"excerpt":{"rendered":"Von der Sturzflut im Grand-Canyon-Nationalpark im Bundesstaat Arizona in den USA wurden zwei bei Touristen besonders beliebte Ziele&hellip;\n","protected":false},"author":2,"featured_media":1271545,"comment_status":"","ping_status":"","sticky":false,"template":"","format":"standard","meta":{"footnotes":"","_share_on_mastodon":"0"},"categories":[3977],"tags":[331,332,13,14,15,12,4017,4018,4016,64,4019,4020],"class_list":["post-1271544","post","type-post","status-publish","format-standard","has-post-thumbnail","category-usa","tag-aktuelle-nachrichten","tag-aktuelle-news","tag-headlines","tag-nachrichten","tag-news","tag-schlagzeilen","tag-united-states","tag-united-states-of-america","tag-us","tag-usa","tag-vereinigte-staaten","tag-vereinigte-staaten-von-amerika"],"share_on_mastodon":{"url":"https:\/\/pubeurope.com\/@de\/117189437278073909","error":""},"_links":{"self":[{"href":"https:\/\/www.europesays.com\/de\/wp-json\/wp\/v2\/posts\/1271544","targetHints":{"allow":["GET"]}}],"collection":[{"href":"https:\/\/www.europesays.com\/de\/wp-json\/wp\/v2\/posts"}],"about":[{"href":"https:\/\/www.europesays.com\/de\/wp-json\/wp\/v2\/types\/post"}],"author":[{"embeddable":true,"href":"https:\/\/www.europesays.com\/de\/wp-json\/wp\/v2\/users\/2"}],"replies":[{"embeddable":true,"href":"https:\/\/www.europesays.com\/de\/wp-json\/wp\/v2\/comments?post=1271544"}],"version-history":[{"count":0,"href":"https:\/\/www.europesays.com\/de\/wp-json\/wp\/v2\/posts\/1271544\/revisions"}],"wp:featuredmedia":[{"embeddable":true,"href":"https:\/\/www.europesays.com\/de\/wp-json\/wp\/v2\/media\/1271545"}],"wp:attachment":[{"href":"https:\/\/www.europesays.com\/de\/wp-json\/wp\/v2\/media?parent=1271544"}],"wp:term":[{"taxonomy":"category","embeddable":true,"href":"https:\/\/www.europesays.com\/de\/wp-json\/wp\/v2\/categories?post=1271544"},{"taxonomy":"post_tag","embeddable":true,"href":"https:\/\/www.europesays.com\/de\/wp-json\/wp\/v2\/tags?post=1271544"}],"curies":[{"name":"wp","href":"https:\/\/api.w.org\/{rel}","templated":true}]}}