{"id":1271546,"date":"2026-08-31T09:34:14","date_gmt":"2026-08-31T09:34:14","guid":{"rendered":"https:\/\/www.europesays.com\/de\/1271546\/"},"modified":"2026-08-31T09:34:14","modified_gmt":"2026-08-31T09:34:14","slug":"china-bleibt-randphaenomen-vereinigtes-koenigreich-loest-usa-als-groesster-investor-in-deutschland-ab","status":"publish","type":"post","link":"https:\/\/www.europesays.com\/de\/1271546\/","title":{"rendered":"China bleibt \u201eRandph\u00e4nomen\u201c: Vereinigtes K\u00f6nigreich l\u00f6st USA als gr\u00f6\u00dfter Investor in Deutschland ab"},"content":{"rendered":"<p class=\"tspCJpg tspCJph\">Die ausl\u00e4ndischen Investitionen in Deutschland sind einer Studie zufolge sprunghaft gestiegen. <strong>Unternehmen investierten 2025 rund 86 Milliarden Euro<\/strong> und damit 50 Prozent mehr als im Jahr zuvor, wie aus einer Analyse des arbeitgebernahen Instituts der deutschen Wirtschaft K\u00f6ln (IW) auf Basis neuer Bundesbank-Daten hervorgeht.<\/p>\n<p class=\"tspCJpg\">\u201eNach dem Einbruch um fast 32 Prozent im Jahr 2024 stabilisierten sich die Auslandsinvestitionen damit wieder\u201c, sagte IW-\u00d6konomin Samina Sultan am Montag der Nachrichtenagentur Reuters. Die Direktinvestitionsfl\u00fcsse k\u00f6nnen von Jahr zu Jahr stark schwanken und durch einzelne gr\u00f6\u00dfere Transaktionen verzerrt sein. Zudem werden die Werte im Nachhinein oft noch nach oben oder unten korrigiert. Das IW hat den Gesamtwert f\u00fcr 2025 deshalb mit dem Median der Jahre 2015 bis 2024 verglichen: Demnach bleibt immer noch ein Anstieg von fast elf Prozent.<\/p>\n<p class=\"tspCJpg\">\u201eDie Herkunftsl\u00e4nder des Kapitals haben sich 2025 deutlich verschoben\u201c, betonte Sultan. <strong>US-Unternehmen investierten nur noch 11,8 Milliarden Euro in Deutschland<\/strong> \u2013 ein Einbruch von fast 44 Prozent im Vergleich zu 2024. Ihr Anteil an allen ausl\u00e4ndischen Investitionen hierzulande schrumpfte damit von mehr als 36 Prozent auf rund 14 Prozent.<\/p>\n<p class=\"tspCJpg\"><strong>Wettgemacht wurde das durch das Vereinigte K\u00f6nigreich<\/strong>: Dessen Investitionen stiegen 2025 um rund 284 Prozent auf 26 Milliarden Euro. \u201eMit einem Anteil von fast 31 Prozent an allen ausl\u00e4ndischen Investitionen in Deutschland liegt das Vereinigte K\u00f6nigreich damit klar vor den USA\u201c, betonte IW-Expertin Sultan.<\/p>\n<p> Europa bleibt wichtigster Partner <\/p>\n<p class=\"tspCJpg\"><strong>Chinesische Investitionen legten zwar um rund 51 Prozent zu, blieben mit 199 Millionen Euro aber \u201eein Randph\u00e4nomen\u201c<\/strong>, wie das Institut erkl\u00e4rt. Der chinesische Anteil liegt demnach bei gerade einmal 0,2 Prozent. <strong>Auch die Investitionen aus Chile und Saudi-Arabien legten kr\u00e4ftig zu<\/strong>, um jeweils mehr als 40 Prozent.<\/p>\n<p>Lesen Sie auch<a href=\"https:\/\/www.tagesspiegel.de\/berlin\/linke-vor-cdu-und-afd-neue-umfrage-sagt-dreikampf-um-wahlsieg-in-berlin-voraus-15997950.html?icid=topic-list_15999612___\" data-gtm-class=\"article-mzt-link\" data-hydrate-fingerprint=\"09740a54944caac75fd2c0c63fd5c5df\" data-hydrate-props=\"{&amp;escapedquot;element&amp;escapedquot;:{&amp;escapedquot;type&amp;escapedquot;:&amp;escapedquot;relatedContent&amp;escapedquot;,&amp;escapedquot;fieldMap&amp;escapedquot;:{},&amp;escapedquot;relation&amp;escapedquot;:{&amp;escapedquot;fields&amp;escapedquot;:{&amp;escapedquot;isPaid&amp;escapedquot;:null},&amp;escapedquot;href&amp;escapedquot;:&amp;escapedquot;\/berlin\/linke-vor-cdu-und-afd-neue-umfrage-sagt-dreikampf-um-wahlsieg-in-berlin-voraus-15997950.html&amp;escapedquot;,&amp;escapedquot;teaserTitle&amp;escapedquot;:{&amp;escapedquot;kicker&amp;escapedquot;:&amp;escapedquot;Linke vor CDU und AfD&amp;escapedquot;,&amp;escapedquot;headline&amp;escapedquot;:&amp;escapedquot;Neue Umfrage sagt Dreikampf um Wahlsieg in Berlin voraus&amp;escapedquot;},&amp;escapedquot;id&amp;escapedquot;:&amp;escapedquot;15997950&amp;escapedquot;,&amp;escapedquot;type&amp;escapedquot;:&amp;escapedquot;story&amp;escapedquot;},&amp;escapedquot;isPartOfList&amp;escapedquot;:true,&amp;escapedquot;topicListType&amp;escapedquot;:&amp;escapedquot;topic-list&amp;escapedquot;},&amp;escapedquot;showArrow&amp;escapedquot;:true}\" data-hydrate-slots=\"{&#039;default&#039;:[]}\" class=\"tspCPp3 tspDEsb\" rel=\"nofollow noopener\" target=\"_blank\">Linke vor CDU und AfD Neue Umfrage sagt Dreikampf um Wahlsieg in Berlin voraus <\/a><a href=\"https:\/\/www.tagesspiegel.de\/berlin\/bezirke\/spandau\/was-passiert-hinter-dieser-weissen-wand-die-geheimnisvolle-baustelle-an-berlins-grossem-bvg-drehkreuz-15999527.html?icid=topic-list_15999612___\" data-gtm-class=\"article-mzt-link\" data-hydrate-fingerprint=\"09740a54944caac75fd2c0c63fd5c5df\" data-hydrate-props=\"{&amp;escapedquot;element&amp;escapedquot;:{&amp;escapedquot;type&amp;escapedquot;:&amp;escapedquot;relatedContent&amp;escapedquot;,&amp;escapedquot;fieldMap&amp;escapedquot;:{},&amp;escapedquot;relation&amp;escapedquot;:{&amp;escapedquot;fields&amp;escapedquot;:{&amp;escapedquot;isPaid&amp;escapedquot;:true},&amp;escapedquot;href&amp;escapedquot;:&amp;escapedquot;\/berlin\/bezirke\/spandau\/was-passiert-hinter-dieser-weissen-wand-die-geheimnisvolle-baustelle-an-berlins-grossem-bvg-drehkreuz-15999527.html&amp;escapedquot;,&amp;escapedquot;teaserTitle&amp;escapedquot;:{&amp;escapedquot;kicker&amp;escapedquot;:&amp;escapedquot;Was passiert hinter dieser wei\u00dfen Wand?&amp;escapedquot;,&amp;escapedquot;headline&amp;escapedquot;:&amp;escapedquot;Die geheimnisvolle Baustelle an Berlins gro\u00dfem BVG-Drehkreuz&amp;escapedquot;},&amp;escapedquot;id&amp;escapedquot;:&amp;escapedquot;15999527&amp;escapedquot;,&amp;escapedquot;type&amp;escapedquot;:&amp;escapedquot;story&amp;escapedquot;},&amp;escapedquot;isPartOfList&amp;escapedquot;:true,&amp;escapedquot;topicListType&amp;escapedquot;:&amp;escapedquot;topic-list&amp;escapedquot;},&amp;escapedquot;showArrow&amp;escapedquot;:true}\" data-hydrate-slots=\"{&#039;default&#039;:[]}\" class=\"tspCPp3 tspDEsb\" rel=\"nofollow noopener\" target=\"_blank\">Was passiert hinter dieser wei\u00dfen Wand? Die geheimnisvolle Baustelle an Berlins gro\u00dfem BVG-Drehkreuz <\/a><a href=\"https:\/\/www.tagesspiegel.de\/politik\/grundsicherung-trotz-offenem-haftbefehl-unionsfraktionsvize-wirft-arbeitsministerin-bas-untatigkeit-bei-sozialleistungsmissbrauch-vor-15999526.html?icid=topic-list_15999612___\" data-gtm-class=\"article-mzt-link\" data-hydrate-fingerprint=\"09740a54944caac75fd2c0c63fd5c5df\" data-hydrate-props=\"{&amp;escapedquot;element&amp;escapedquot;:{&amp;escapedquot;type&amp;escapedquot;:&amp;escapedquot;relatedContent&amp;escapedquot;,&amp;escapedquot;fieldMap&amp;escapedquot;:{},&amp;escapedquot;relation&amp;escapedquot;:{&amp;escapedquot;fields&amp;escapedquot;:{&amp;escapedquot;isPaid&amp;escapedquot;:null},&amp;escapedquot;href&amp;escapedquot;:&amp;escapedquot;\/politik\/grundsicherung-trotz-offenem-haftbefehl-unionsfraktionsvize-wirft-arbeitsministerin-bas-untatigkeit-bei-sozialleistungsmissbrauch-vor-15999526.html&amp;escapedquot;,&amp;escapedquot;teaserTitle&amp;escapedquot;:{&amp;escapedquot;kicker&amp;escapedquot;:&amp;escapedquot;Grundsicherung trotz offenem Haftbefehl?&amp;escapedquot;,&amp;escapedquot;headline&amp;escapedquot;:&amp;escapedquot;Unionsfraktionsvize wirft Bas Unt\u00e4tigkeit bei Sozialleistungsmissbrauch vor&amp;escapedquot;},&amp;escapedquot;id&amp;escapedquot;:&amp;escapedquot;15999526&amp;escapedquot;,&amp;escapedquot;type&amp;escapedquot;:&amp;escapedquot;story&amp;escapedquot;},&amp;escapedquot;isPartOfList&amp;escapedquot;:true,&amp;escapedquot;topicListType&amp;escapedquot;:&amp;escapedquot;topic-list&amp;escapedquot;},&amp;escapedquot;showArrow&amp;escapedquot;:true}\" data-hydrate-slots=\"{&#039;default&#039;:[]}\" class=\"tspCPp3 tspDEsb\" rel=\"nofollow noopener\" target=\"_blank\">Grundsicherung trotz offenem Haftbefehl? Unionsfraktionsvize wirft Bas Unt\u00e4tigkeit bei Sozialleistungsmissbrauch vor <\/a><\/p>\n<p class=\"tspCJpg\">\u201eDer mit Abstand gr\u00f6\u00dfte Teil des ausl\u00e4ndischen Investitionskapitals kommt weiterhin aus Europa\u201c, sagte Sultan. Die anderen EU-Staaten investierten im vergangenen Jahr \u2013 trotz eines leichten R\u00fcckgangs von 2,7 Prozent \u2013 rund 43 Milliarden Euro in Deutschland. Das entspricht gut 50 Prozent aller ausl\u00e4ndischen Investitionen. Z\u00e4hlt man das Vereinigte K\u00f6nigreich hinzu, kommen <strong>mehr als 80 Prozent der ausl\u00e4ndischen Investitionen aus Europa<\/strong>. \u201eDie Zahlen zeigen: Die engsten und verl\u00e4sslichsten wirtschaftlichen Beziehungen bleiben die zu den europ\u00e4ischen Nachbarn\u201c, betonte IW-\u00d6konomin Sultan.<\/p>\n<p class=\"tspCJpg\">Zu den ausl\u00e4ndischen Direktinvestitionen werden beispielsweise Unternehmensfusionen, \u00dcbernahmen oder Beteiligungen gez\u00e4hlt. Dabei flie\u00dft h\u00e4ufig nicht nur Geld, sondern oftmals auch Know-how und Technologie. (Reuters)<\/p>\n","protected":false},"excerpt":{"rendered":"Die ausl\u00e4ndischen Investitionen in Deutschland sind einer Studie zufolge sprunghaft gestiegen. Unternehmen investierten 2025 rund 86 Milliarden Euro&hellip;\n","protected":false},"author":2,"featured_media":1271547,"comment_status":"","ping_status":"","sticky":false,"template":"","format":"standard","meta":{"footnotes":"","_share_on_mastodon":"0"},"categories":[3976],"tags":[331,332,227,13,1420,14,15,12,3992,3993,3994,64,3995,3996,3997],"class_list":["post-1271546","post","type-post","status-publish","format-standard","has-post-thumbnail","category-vereinigtes-koenigreich","tag-aktuelle-nachrichten","tag-aktuelle-news","tag-china","tag-headlines","tag-koeln","tag-nachrichten","tag-news","tag-schlagzeilen","tag-uk","tag-united-kingdom","tag-united-kingdom-of-great-britain-and-northern-ireland","tag-usa","tag-vereinigtes-koenigreich","tag-vereinigtes-koenigreich-grossbritannien-und-nordirland","tag-vereinigtes-koenigreich-von-grossbritannien-und-nordirland"],"share_on_mastodon":{"url":"https:\/\/pubeurope.com\/@de\/117189441509536139","error":""},"_links":{"self":[{"href":"https:\/\/www.europesays.com\/de\/wp-json\/wp\/v2\/posts\/1271546","targetHints":{"allow":["GET"]}}],"collection":[{"href":"https:\/\/www.europesays.com\/de\/wp-json\/wp\/v2\/posts"}],"about":[{"href":"https:\/\/www.europesays.com\/de\/wp-json\/wp\/v2\/types\/post"}],"author":[{"embeddable":true,"href":"https:\/\/www.europesays.com\/de\/wp-json\/wp\/v2\/users\/2"}],"replies":[{"embeddable":true,"href":"https:\/\/www.europesays.com\/de\/wp-json\/wp\/v2\/comments?post=1271546"}],"version-history":[{"count":0,"href":"https:\/\/www.europesays.com\/de\/wp-json\/wp\/v2\/posts\/1271546\/revisions"}],"wp:featuredmedia":[{"embeddable":true,"href":"https:\/\/www.europesays.com\/de\/wp-json\/wp\/v2\/media\/1271547"}],"wp:attachment":[{"href":"https:\/\/www.europesays.com\/de\/wp-json\/wp\/v2\/media?parent=1271546"}],"wp:term":[{"taxonomy":"category","embeddable":true,"href":"https:\/\/www.europesays.com\/de\/wp-json\/wp\/v2\/categories?post=1271546"},{"taxonomy":"post_tag","embeddable":true,"href":"https:\/\/www.europesays.com\/de\/wp-json\/wp\/v2\/tags?post=1271546"}],"curies":[{"name":"wp","href":"https:\/\/api.w.org\/{rel}","templated":true}]}}