{"id":1271560,"date":"2026-08-31T09:44:20","date_gmt":"2026-08-31T09:44:20","guid":{"rendered":"https:\/\/www.europesays.com\/de\/1271560\/"},"modified":"2026-08-31T09:44:20","modified_gmt":"2026-08-31T09:44:20","slug":"tierquaelerei-im-schlachthof-huerth-bleibt-ohne-urteil-aninova-masslos-enttaeuscht","status":"publish","type":"post","link":"https:\/\/www.europesays.com\/de\/1271560\/","title":{"rendered":"Tierqu\u00e4lerei im Schlachthof H\u00fcrth bleibt ohne Urteil &#8211; ANINOVA ma\u00dflos entt\u00e4uscht"},"content":{"rendered":"<p class=\"date\">31.08.2026 \u2013 11:18<\/p>\n<p class=\"customer\">\n                        <a class=\"story-customer\" title=\"weiter zum newsroom von ANINOVA\" href=\"https:\/\/www.presseportal.de\/nr\/115581\" rel=\"nofollow noopener\" target=\"_blank\">ANINOVA<\/a>\n                    <\/p>\n<p><a data-category=\"citylink-story-view\" data-action=\"click\" data-label=\"Citylink in Meldungsansicht\" class=\"story-city event-trigger\" href=\"https:\/\/www.presseportal.de\/regional\/K%F6ln\" title=\"News aus K\u00f6ln \" rel=\"nofollow noopener\" target=\"_blank\">K\u00f6ln<\/a> (ots)<\/p>\n<p> Das Strafverfahren gegen vier ehemalige Besch\u00e4ftigte des Schlachthofs H\u00fcrth ist vorl\u00e4ufig eingestellt worden. Das Amtsgericht K\u00f6ln stellte das Verfahren (Az. 584 Ds 237\/24) mit Zustimmung der Staatsanwaltschaft und der Angeklagten nach \u00a7 153a Abs. 2 StPO ein. Die vier Angeklagten m\u00fcssen innerhalb von sechs Monaten jeweils eine Geldauflage im mittleren vierstelligen Bereich an vom Gericht bestimmte Tierschutzorganisationen zahlen. Kommen sie dieser Auflage nach, gibt es weder ein Urteil noch eine strafrechtliche Verurteilung. <\/p>\n<p> Die Tierrechtsorganisation ANINOVA zeigt sich ma\u00dflos entt\u00e4uscht. &#8222;Angesichts der Bilder ist f\u00fcr uns kaum nachvollziehbar, dass dieses Verfahren ohne Urteil und ohne Verurteilung endet. Die Angeklagten kommen strafrechtlich ohne Verurteilung davon. Das sendet aus unserer Sicht ein v\u00f6llig falsches Signal&#8220;, sagt Jan Peifer, Vorstandsvorsitzender von ANINOVA e.V. <\/p>\n<p> ANINOVA hatte das Bildmaterial aus dem Schlachthof Anfang 2023 ver\u00f6ffentlicht. Zu sehen ist unter anderem, wie Tiere ohne wirksame Bet\u00e4ubung geschlachtet werden, Tiere unzureichend bet\u00e4ubt sind und weiter leiden sowie Rinder, Schafe und Ziegen brutal gezerrt und in den Schlachtbereich getrieben werden. <\/p>\n<p> Die Ver\u00f6ffentlichung hatte damals unmittelbare Konsequenzen: Der Schlachthof wurde vom zust\u00e4ndigen Veterin\u00e4ramt geschlossen und den Besch\u00e4ftigten wurden die Schlachtberechtigungen entzogen. <\/p>\n<p> &#8222;Die Aufnahmen sind aus unserer Sicht so eindeutig wie in kaum einem anderen Fall, zu dem uns Bildmaterial vorgelegen hat. Wenn selbst solche Bilder am Ende nicht zu einer Verurteilung f\u00fchren, stellt sich die Frage, was eigentlich noch passieren muss, damit Tierqu\u00e4lerei konsequent strafrechtlich geahndet wird&#8220;, so Peifer. <\/p>\n<p> Bei der Verhandlung am 22. Mai 2026 hatte die Verteidigung unter anderem argumentiert, dass das von ANINOVA ver\u00f6ffentlichte Bildmaterial ohne Zustimmung des Schlachthofbetreibers entstanden sei und deshalb nicht als Beweismittel verwertet werden d\u00fcrfe. Die Verhandlung wurde daraufhin unterbrochen. <\/p>\n<p> ANINOVA h\u00e4lt es f\u00fcr nicht nachvollziehbar, wenn die Art der Entstehung solcher Aufnahmen dazu f\u00fchrt, dass das dokumentierte Leid der Tiere strafrechtlich in den Hintergrund tritt. Aus anderen Verfahren ist bekannt, dass vergleichbares Bildmaterial trotz Einw\u00e4nden gegen dessen Entstehung vor Gericht ber\u00fccksichtigt und Grundlage von Verurteilungen wurde. <\/p>\n<p> &#8222;Eine Geldauflage ist keine strafrechtliche Verurteilung. Genau das macht uns so entt\u00e4uscht&#8220;, sagt Peifer. &#8222;Es darf nicht der Eindruck entstehen, dass sich massive Tierqu\u00e4lerei am Ende mit einer Zahlung erledigen l\u00e4sst.&#8220; <\/p>\n<p> ANINOVA sieht sich trotz der Entscheidung darin best\u00e4rkt, auch k\u00fcnftig Bildmaterial \u00fcber Missst\u00e4nde in Tierhaltungs- und Schlachtbetrieben zu ver\u00f6ffentlichen, die \u00d6ffentlichkeit dar\u00fcber zu informieren und entsprechende Hinweise an die zust\u00e4ndigen Beh\u00f6rden weiterzugeben. <\/p>\n<p> &#8222;Unsere Arbeit ist gerade deshalb notwendig. Hinter den verschlossenen T\u00fcren von Schlachth\u00f6fen haben Tiere keine Stimme. Wir werden auch k\u00fcnftig ver\u00f6ffentlichen, was ihnen dort angetan wird, wenn uns entsprechendes Material vorliegt&#8220;, so Peifer. <\/p>\n<p> F\u00fcr ANINOVA geht die grunds\u00e4tzliche Kritik \u00fcber den einzelnen Fall hinaus: <\/p>\n<p> &#8222;Kein Tier geht freiwillig in einen Schlachthof. Tiere sind Lebewesen und wollen leben. Wer wirklich Gerechtigkeit f\u00fcr Tiere will, entscheidet sich gegen das T\u00f6ten &#8211; und f\u00fcr ein veganes Leben.&#8220; <\/p>\n<p> Weitere Informationen  <a target=\"_blank\" class=\"uri-ext outbound\" rel=\"noopener nofollow\" href=\"https:\/\/aninova.org\/aufdeckung\/undercover-recherche-deckt-tierquaelerei-im-schlachthof-auf\/\">hier<\/a>. <\/p>\n<p class=\"contact-headline\">Pressekontakt:<\/p>\n<p class=\"contact-text\">Jan Peifer (Vorstandsvorsitzender ANINOVA e.V.)<br \/>Mobil: 0171-4841004<br \/>Email: <a href=\"https:\/\/www.presseportal.de\/pm\/115581\/mailto:presse@aninova.org\" class=\"uri-mailto\" rel=\"nofollow noopener\" target=\"_blank\">presse@aninova.org<\/a><\/p>\n<p>ANINOVA e.V.<br \/>-Pressestelle-<br \/>An der Autobahn 23<br \/>53757 Sankt Augustin<br \/>Telefon: 02241-261549-2<br \/>Mobil: 0171-4841004<br \/>Fax: 02241-261549-1<br \/>Mail: <a href=\"https:\/\/www.presseportal.de\/pm\/115581\/mailto:presse@aninova.org\" class=\"uri-mailto\" rel=\"nofollow noopener\" target=\"_blank\">presse@aninova.org<\/a><br \/>Web: <a target=\"_blank\" class=\"uri-ext outbound\" rel=\"noopener nofollow\" href=\"https:\/\/www.aninova.org\">www.aninova.org<\/a><\/p>\n<p class=\"originator\">Original-Content von: ANINOVA, \u00fcbermittelt durch news aktuell<\/p>\n","protected":false},"excerpt":{"rendered":"31.08.2026 \u2013 11:18 ANINOVA K\u00f6ln (ots) Das Strafverfahren gegen vier ehemalige Besch\u00e4ftigte des Schlachthofs H\u00fcrth ist vorl\u00e4ufig eingestellt&hellip;\n","protected":false},"author":2,"featured_media":1266941,"comment_status":"","ping_status":"","sticky":false,"template":"","format":"standard","meta":{"footnotes":"","_share_on_mastodon":"0"},"categories":[1842],"tags":[1741,3364,29,30,1015,4615,1209,178,180,179,181,63083,1886,14899,145968,3367,18606],"class_list":["post-1271560","post","type-post","status-publish","format-standard","has-post-thumbnail","category-bonn","tag-bonn","tag-de","tag-deutschland","tag-germany","tag-justiz","tag-landwirtschaft","tag-nordrhein-westfalen","tag-presse","tag-pressemeldung","tag-pressemitteilung","tag-pressemitteilungen","tag-schlachthof","tag-tiere","tag-tierhaltung","tag-tierqulerei","tag-tierschutz","tag-tierschutzorganisation"],"share_on_mastodon":{"url":"","error":""},"_links":{"self":[{"href":"https:\/\/www.europesays.com\/de\/wp-json\/wp\/v2\/posts\/1271560","targetHints":{"allow":["GET"]}}],"collection":[{"href":"https:\/\/www.europesays.com\/de\/wp-json\/wp\/v2\/posts"}],"about":[{"href":"https:\/\/www.europesays.com\/de\/wp-json\/wp\/v2\/types\/post"}],"author":[{"embeddable":true,"href":"https:\/\/www.europesays.com\/de\/wp-json\/wp\/v2\/users\/2"}],"replies":[{"embeddable":true,"href":"https:\/\/www.europesays.com\/de\/wp-json\/wp\/v2\/comments?post=1271560"}],"version-history":[{"count":0,"href":"https:\/\/www.europesays.com\/de\/wp-json\/wp\/v2\/posts\/1271560\/revisions"}],"wp:featuredmedia":[{"embeddable":true,"href":"https:\/\/www.europesays.com\/de\/wp-json\/wp\/v2\/media\/1266941"}],"wp:attachment":[{"href":"https:\/\/www.europesays.com\/de\/wp-json\/wp\/v2\/media?parent=1271560"}],"wp:term":[{"taxonomy":"category","embeddable":true,"href":"https:\/\/www.europesays.com\/de\/wp-json\/wp\/v2\/categories?post=1271560"},{"taxonomy":"post_tag","embeddable":true,"href":"https:\/\/www.europesays.com\/de\/wp-json\/wp\/v2\/tags?post=1271560"}],"curies":[{"name":"wp","href":"https:\/\/api.w.org\/{rel}","templated":true}]}}