{"id":1271561,"date":"2026-08-31T09:45:18","date_gmt":"2026-08-31T09:45:18","guid":{"rendered":"https:\/\/www.europesays.com\/de\/1271561\/"},"modified":"2026-08-31T09:45:18","modified_gmt":"2026-08-31T09:45:18","slug":"puetzchens-markt-2026-in-bonn-so-fahren-busse-und-bahnen","status":"publish","type":"post","link":"https:\/\/www.europesays.com\/de\/1271561\/","title":{"rendered":"P\u00fctzchens Markt 2026 in Bonn: So fahren Busse und Bahnen"},"content":{"rendered":"<p class=\"richtext text-em-55 !leading-serif mx-6 desktop:mx-0\">Tausende Besucher str\u00f6men vom 11. bis 15. September wieder zu <a href=\"https:\/\/ga.de\/freizeit\/puetzchens-markt\/puetzchens-markt-2026-in-bonn-alle-infos-zur-grossen-kirmes_aid-43283795\" target=\"_blank\" rel=\"nofollow noopener\">P\u00fctzchens Markt<\/a>. Damit auch alle Menschen an- und sp\u00e4ter wieder abreisen k\u00f6nnen, sind Sonderbusse der Stadtwerke Bonn (SWB) im Einsatz.<\/p>\n<p class=\"richtext text-em-55 !leading-serif mx-6 desktop:mx-0\">Vom Bussteig B3 am Bonner Hauptbahnhof fahren die Sonderlinien <strong class=\"font-bold dark:text-white-solid\">PM1<\/strong> und <strong class=\"font-bold dark:text-white-solid\">PM2<\/strong> zum Festgel\u00e4nde. Die Linie <strong class=\"font-bold dark:text-white-solid\">PM1 <\/strong>f\u00e4hrt wie die Linien <strong class=\"font-bold dark:text-white-solid\">608 <\/strong>und <strong class=\"font-bold dark:text-white-solid\">609 <\/strong>zur Haltestelle \u201eP\u00fctzchens Kloster\u201c und dann \u00fcber P\u00fctzchens Cahusee und Holtorfer Stra\u00dfe bis zur Haltestelle \u201eP\u00fctzchens Markt, Adelheidisplatz\u201c. Besucher k\u00f6nnen an den Knotenpunkten \u201eFriedensplatz&#8220;, \u201eBertha-von-Suttner-Platz&#8220; und \u201eKonrad-Adenauer-Platz&#8220; zusteigen.<\/p>\n<p class=\"richtext text-em-55 !leading-serif mx-6 desktop:mx-0\">Die Sonderlinie <strong class=\"font-bold dark:text-white-solid\">PM2<\/strong> f\u00e4hrt entlang des Linienwegs der Linien <strong class=\"font-bold dark:text-white-solid\">608<\/strong> und <strong class=\"font-bold dark:text-white-solid\">609<\/strong> bis zur Haltestelle \u201ePantheon Beuel\u201c. Im Anschluss geht es \u00fcber die Siegburger Stra\u00dfe weiter bis zur Haltestelle \u201eP\u00fctzchens Markt, Friedenstra\u00dfe\u201c.<\/p>\n<p class=\"richtext text-em-55 !leading-serif mx-6 desktop:mx-0\">Aus Richtung Bad Godesberg f\u00e4hrt die Sonderlinie <strong class=\"font-bold dark:text-white-solid\">PM3<\/strong> ab der &#8222;Stadthalle&#8220; \u00fcber die Friedrich-Ebert-Allee, Kurf\u00fcrstenallee, Am Kurpark, Koblenzer Stra\u00dfe und L\u00f6bestra\u00dfe bis zur Haltestelle \u201eBad Godesberg Bahnhof\/Ria-Maternus-Platz\u201c. Anschlie\u00dfend geht es durch die Unterf\u00fchrung R\u00fcngsdorfer Stra\u00dfe zur Haltestelle \u201eBad Godesberg Bahnhof\/Rheinallee\u201c und weiter \u00fcber die Rheinallee, Ubierstra\u00dfe, Mittelstra\u00dfe und Ludwig-Erhard-Allee auf die A 562. Die Busse nehmen die Ausfahrt Bonn-Oberkassel\/Beuel-S\u00fcd und fahren \u00fcber den Landgrabenweg und die Oberkasseler Stra\u00dfe zur Haltestelle \u201eRamersdorf\u201c. Von dort geht es \u00fcber die K\u00f6nigswinterer Stra\u00dfe, Samansstra\u00dfe, Gallusstra\u00dfe, Kirchstra\u00dfe, Wehrhausweg, Buchenweg, Broichstra\u00dfe und Maarstra\u00dfe bis zur finalen Haltestelle \u201eIm Thelenpfand\u201c. Auf dem R\u00fcckweg startet die Linie <strong class=\"font-bold dark:text-white-solid\">PM3<\/strong> bei der Haltestelle \u201eP\u00fctzchens Markt, Adelheidisplatz&#8220;.<\/p>\n<p class=\"richtext text-em-55 !leading-serif mx-6 desktop:mx-0\">Wer aus dem Rechtsrheinischen anreist, kann nach Angaben der SWB die Sonderlinie <strong class=\"font-bold dark:text-white-solid\">PM4<\/strong> nutzen. Ab der Haltestelle \u201eOberdollendorf\u201c \u00fcber die Heisterbacher Stra\u00dfe und C\u00e4sariusstra\u00dfe zur Haltestelle \u201eOberdollendorf, Oberkasseler Stra\u00dfe\u201c und weiter zur Haltestelle \u201eOberdollendorf, Malteserstra\u00dfe\u201c. Danach geht es \u00fcber den Gr\u00fcnen Weg und die K\u00f6nigswinterer Stra\u00dfe zu den Haltestellen \u201eTheresienau\u201c, \u201eIm Mohrenfeld\u201c, \u201eOberkassel Mitte\u201c, \u201eOberkassel Nord\u201c und \u201eHeinrich-Konen-Stra\u00dfe\u201c.<\/p>\n<p class=\"text_ohne_einzug richtext text-em-55 !leading-serif mx-6 desktop:mx-0\">Anschlie\u00dfend fahren die Busse \u00fcber den Kreisverkehr Oberkasseler Stra\u00dfe zur Haltestelle \u201eRamersdorf \u201c und weiter \u00fcber die K\u00f6nigswinterer Stra\u00dfe mit Halt den Haltestellen \u201eMehlemstra\u00dfe\u201c und \u201eK\u00fcdinghoven\u201c. \u00dcber die Maarstra\u00dfe geht es zur Haltestelle \u201eK\u00f6nigswinterer Stra\u00dfe\u201c und \u201eGemeinn\u00fctzige Werkstatt\u201c. Die Fahrt endet in unmittelbarer N\u00e4he zu P\u00fctzchens Markt an der Haltestelle \u201eIm Thelenpfand\u201c. Auf dem R\u00fcckweg startet die Linie <strong class=\"font-bold dark:text-white-solid\">PM4<\/strong> bei der Haltestelle \u201eP\u00fctzchens Markt, Adelheidisplatz&#8220;.<\/p>\n<p class=\"richtext text-em-55 !leading-serif mx-6 desktop:mx-0\">Die letzten garantierte Fahrten der Sonderlinien finden jeweils um 2 Uhr, beziehungsweise 3.20 Uhr am Samstag- und Sonntagmorgen, statt.<\/p>\n<p class=\"text_ohne_einzug richtext text-em-55 !leading-serif mx-6 desktop:mx-0\">Die Linie <strong class=\"font-bold dark:text-white-solid\">P10<\/strong> f\u00e4hrt im 30-Minuten-Takt vom Siegburger Bahnhof zu P\u00fctzchens Markt. Mit der Linie <strong class=\"font-bold dark:text-white-solid\">P20<\/strong> kommt man halbst\u00fcndlich von P\u00fctzchens Markt zum Troisdorfer Bahnhof. St\u00fcndlich verkehrt die Linie <strong class=\"font-bold dark:text-white-solid\">P40<\/strong> zwischen P\u00fctzchens Markt, Sankt Augustin Zentrum und der Haltestelle Menden Markt. Die Linie <strong class=\"font-bold dark:text-white-solid\">P50<\/strong> verbindet die Haltestelle Rheidt Unterf\u00fchrung halbst\u00fcndlich mit P\u00fctzchens Markt.<\/p>\n<p class=\"richtext text-em-55 !leading-serif mx-6 desktop:mx-0\">Fahrg\u00e4ste k\u00f6nnen auch die Stadtbahnlinie 66 in Fahrtrichtung Siegburg nutzen. Um P\u00fctzchens Markt am schnellsten zu erreichen, eignet sich zum Ausstieg die Haltestelle &#8222;Vilich-M\u00fcldorf&#8220;.<\/p>\n<p class=\"richtext text-em-55 !leading-serif mx-6 desktop:mx-0\">In den N\u00e4chten von Freitag auf Samstag sowie von Samstag auf Sonntag fahren die Nachtbuslinien <strong class=\"font-bold dark:text-white-solid\">N1 <\/strong>bis <strong class=\"font-bold dark:text-white-solid\">N5<\/strong> ab Bonn Hauptbahnhof halbst\u00fcndlich von 0.35 Uhr bis 4.35 Uhr, die Linien <strong class=\"font-bold dark:text-white-solid\">N6<\/strong> bis <strong class=\"font-bold dark:text-white-solid\">N10 <\/strong>st\u00fcndlich von 0.35 bis 4.35 Uhr. In den \u00fcbrigen N\u00e4chten fahren alle Nachtbuslinien von 0.35 Uhr bis 2.35 Uhr st\u00fcndlich ab Bonn Hauptbahnhof.<\/p>\n<p class=\"richtext text-em-55 !leading-serif mx-6 desktop:mx-0\">Nachts f\u00e4hrt die <strong class=\"font-bold dark:text-white-solid\">Stadtbahn 66<\/strong> in Richtung Siegburg um 0.15 Uhr, 0.45 Uhr und 1.45 Uhr ab &#8222;Vilich-M\u00fcldorf&#8220;. In Richtung Bonn geht es um 0.15 Uhr, 0.45 Uhr, 01.15 Uhr und 02.15 Uhr. In den N\u00e4chten auf Samstag und auf Sonntag werden in Richtung Siegburg zus\u00e4tzlich um 2.45 Uhr und 3.45 Uhr sowie in Richtung Bonn um 3.15 Uhr und 4.15 Uhr Fahrten angeboten.<\/p>\n<p class=\"richtext text-em-55 !leading-serif mx-6 desktop:mx-0\"><a href=\"https:\/\/www.swb-busundbahn.de\/fahrplaene\/puetzchens-markt\/\" target=\"_blank\" rel=\"nofollow noopener\">Die Stadtwerke Bonn<\/a> empfehlen das Einzelticket (4 Euro f\u00fcr Erwachsene, 2,90 Euro f\u00fcr Kinder), oder das 24-Stunden-Ticket f\u00fcr Gruppen bis 5 Personen f\u00fcr 10,90 Euro. Die Tickets sind in der VRS-App, bei privaten Vorverkaufsstellen und w\u00e4hrend den Veranstaltungstagen an allen Automaten erh\u00e4ltlich. Im Vorverkauf gibt es au\u00dferdem Tickets in den SWB-ServiceCentern Cassius-Bastei, M\u00fcnsterstra\u00dfe 18, an den Service-Stellen Bertha-von-Suttner-Platz und am Zentralen Omnibusbahnhof. Im \u00dcbrigen gelten die \u00fcblichen VRS-Fahrausweise und das Deutschlandticket.<\/p>\n<p class=\"richtext text-em-55 !leading-serif mx-6 desktop:mx-0\">P\u00fctzchens Markt wirkt sich auch auf den Busverkehr rund um das Festgel\u00e4nde aus. Ab Dienstag, 8. September, bis etwa Donnerstag, 17. September, ist wegen des Markt-Aufbaus das Festgel\u00e4nde bereits f\u00fcr den Durchgangsverkehr gesperrt. Davon betroffen sind nach Angaben der Stadtwerke die Buslinien 516, 529, 603, 608 und 609, die in dem Zeitraum umgeleitet werden.<\/p>\n<p class=\"richtext text-em-55 !leading-serif mx-6 desktop:mx-0\">Ab der Haltestelle \u201eAm Rehsprung\u201c nehmen die Busse in Fahrtrichtung \u201eVilich-M\u00fcldorf Kirche\u201c den Weg \u00fcber die M\u00fcldorfer Stra\u00dfe zur Ersatzhaltestelle \u201eBechlinghoven\u201c und fahren dann geradeaus \u00fcber die M\u00fcldorfer und die Siegburger Stra\u00dfe. Von dort geht es \u00fcber die Stra\u00dfe Am Herrengarten zur Haltestelle \u201cGesamtschule Beuel\u201c weiter auf dem Linienweg.<\/p>\n<p class=\"richtext text-em-55 !leading-serif mx-6 desktop:mx-0\">In Fahrtrichtung Hennef Bahnhof fahren die Busse ab der Haltestelle \u201eGesamtschule Beuel\u201c \u00fcber die Stra\u00dfe Am Herrengarten in die Alte Schulstra\u00dfe und von dort \u00fcber die M\u00fcldorfer Stra\u00dfe bis zur Haltestelle \u201eAm Rehsprung\u201c und schlie\u00dflich weiter auf dem Linienweg.<\/p>\n<p class=\"richtext text-em-55 !leading-serif mx-6 desktop:mx-0\">Die Haltestellen \u201eAlte Schulstra\u00dfe\u201c und \u201eFriedenstra\u00dfe\u201c der Linie 516 werden in beide Fahrtrichtungen an die Haltestelle \u201eGesamtschule Beuel\u201c verlegt.<\/p>\n<p class=\"richtext text-em-55 !leading-serif mx-6 desktop:mx-0\">In der Fahrtrichtung Ramersdorf f\u00e4hren die Busse ab der Haltestelle \u201eAm Rehsprung\u201c \u00fcber die M\u00fcldorfer Stra\u00dfe zur Ersatzhaltestelle \u201eBechlinghoven\u201c und von dort weiter \u00fcber die Siegburger Stra\u00dfe. \u00dcber P\u00fctzchens Chaussee und Holtorfer Stra\u00dfe geht es bis zur Markthaltestelle \u201eP\u00fctzchens Markt, Adelheidisplatz\u201c.<\/p>\n<p class=\"richtext text-em-55 !leading-serif mx-6 desktop:mx-0\">In Fahrtrichtung Hennef Bahnhof fahren die Busse von \u201eIm Thelenpfand\u201c weiter \u00fcber Maarstra\u00dfe und Holtorfer Stra\u00dfe zur P\u00fctzchens Chaussee, dann auf die Siegburger Stra\u00dfe, Alte Schulstra\u00dfe und M\u00fcldorfer Stra\u00dfe und weiter auf dem Linienweg.<\/p>\n<p class=\"richtext text-em-55 !leading-serif mx-6 desktop:mx-0\">In der Fahrtrichtung R\u00f6ttgen nehmen die Busse ab der Endhaltestelle &#8222;Alte Schulstra\u00dfe&#8220; ihren Weg geradeaus \u00fcber die Siegburger Stra\u00dfe, Reinhold-Hagen-Stra\u00dfe, M\u00fcldorfer Stra\u00dfe bis zur Ersatzhaltestelle \u201eBechlinghoven\u201c und von dort aus weiter in Richtung M\u00fcldorfer Stra\u00dfe, Siegburger Stra\u00dfe zur Haltestelle &#8222;Friedenstra\u00dfe&#8220; und weiter auf normalem Linienweg. Die Fahrtrichtung P\u00fctzchen bis zur Haltestelle \u201eAlte Schulstra\u00dfe\u201c ist nicht betroffen.<\/p>\n<p class=\"richtext text-em-55 !leading-serif mx-6 desktop:mx-0\">Busse der Linie 608 in Richtung Gielgen fahren von der Haltestelle \u201ePantheon Beuel\u201c weiter auf die Siegburger Stra\u00dfe, die Alte Schulstra\u00dfe, die M\u00fcldorfer Stra\u00dfe und weiter auf den regul\u00e4ren Linienwegen.<\/p>\n<p class=\"richtext text-em-55 !leading-serif mx-6 desktop:mx-0\">Entgegengesetzt in Richtung Hardth\u00f6he S\u00fcdwache fahren die Busse ab der Haltestelle \u201eAm Rehsprung\u201c weiter \u00fcber die M\u00fcldorfer Stra\u00dfe zur Ersatzhaltestelle \u201eBechlinghoven\u201c, dann auf die M\u00fcldorfer Stra\u00dfe, die Siegburger Stra\u00dfe bis zur Haltestelle \u201ePantheon Beuel\u201c und nehmen weiter den regul\u00e4ren Linienweg.<\/p>\n<p class=\"richtext text-em-55 !leading-serif mx-6 desktop:mx-0\">Die Linie 609 in Fahrtrichtung Hardth\u00f6he S\u00fcdwacht f\u00e4hrt ab der Haltestelle \u201eAm Pappelhain\u201c \u00fcber den Finkenweg und die M\u00fcldorfer Stra\u00dfe zur Ersatzhaltestelle \u201eBechlinghoven\u201c. Von dort geht es weiter \u00fcber die Siegburger Stra\u00dfe bis zur Haltestelle \u201ePantheon Beuel\u201c und weiter auf dem Linienweg.<\/p>\n<p class=\"text_ohne_einzug richtext text-em-55 !leading-serif mx-6 desktop:mx-0\">Die Haltestelle \u201eBechlinghoven\u201c in Fahrtrichtung stadtausw\u00e4rts wird an die Ersatzhaltestelle auf der Alten Schulstra\u00dfe zwischen den Einm\u00fcndungen Marktstra\u00dfe und M\u00fcldorfer Stra\u00dfe verlegt.<\/p>\n<p class=\"text_ohne_einzug richtext text-em-55 !leading-serif mx-6 desktop:mx-0\">In Fahrtrichtung stadteinw\u00e4rts gibt es f\u00fcr die Haltestelle \u201eBechlinghoven\u201c eine Ersatzhaltestelle auf H\u00f6he der M\u00fcldorfer Stra\u00dfe gegen\u00fcber der Hausnummern 110-112.<\/p>\n<p class=\"text_ohne_einzug richtext text-em-55 !leading-serif mx-6 desktop:mx-0\">Die Haltestellen \u201eP\u00fctzchen Schule\u201c und \u201eIm Bonnet\u201c werden in beiden Fahrtrichtungen aufgehoben. SWB Bus und Bahn empfiehlt den Fahrg\u00e4sten, stadttdessen die Ersatzhaltestelle \u201eBechlinghoven\u201c zu nutzen.<\/p>\n<p class=\"text_ohne_einzug richtext text-em-55 !leading-serif mx-6 desktop:mx-0\">F\u00fcr die Linien N4, 608 und 609 werden die Haltestellen \u201eP\u00fctzchen Kloster\u201c und \u201eP\u00fctzchen Kirche\u201c in beiden Fahrtrichtungen an die Haltestelle \u201eP\u00fctzchen Zur Autobahn\u201c verlegt.<\/p>\n<p class=\"text_ohne_einzug richtext text-em-55 !leading-serif mx-6 desktop:mx-0\">Die Haltestellen \u201eAlte Schulstra\u00dfe\u201c und \u201eFriedenstra\u00dfe\u201c der Linie 516 werden in beiden Fahrtrichtungen an die Haltestelle \u201eGesamtschule Beuel\u201c verlegt.<\/p>\n<p class=\"text_ohne_einzug richtext text-em-55 !leading-serif mx-6 desktop:mx-0\">Die Haltestellen \u201eR\u00f6hfeldstra\u00dfe\u201c und \u201eR\u00f6hfeldstra\u00dfe Ost\u201c werden f\u00fcr die Linien N4, 608 und 609 an die Haltestelle \u201eSchevastesstra\u00dfe\u201c verlegt.<\/p>\n<p class=\"text_ohne_einzug richtext text-em-55 !leading-serif mx-6 desktop:mx-0\">Des Weiteren weist SWB Bus und Bahn an den Haltestellen \u201eP\u00fctzchen Kloster\u201c, \u201eR\u00f6hfeldstra\u00dfe Ost\u201c und \u201eR\u00f6hfeldstra\u00dfe\u201c auf die umgeleitete Linie 529 hin, um bis zur Haltestelle \u201eSchevastesstra\u00dfe\u201c zu fahren.<\/p>\n","protected":false},"excerpt":{"rendered":"Tausende Besucher str\u00f6men vom 11. bis 15. September wieder zu P\u00fctzchens Markt. Damit auch alle Menschen an- und&hellip;\n","protected":false},"author":2,"featured_media":1271562,"comment_status":"","ping_status":"","sticky":false,"template":"","format":"standard","meta":{"footnotes":"","_share_on_mastodon":"0"},"categories":[1842],"tags":[1741,3364,29,30,1209],"class_list":["post-1271561","post","type-post","status-publish","format-standard","has-post-thumbnail","category-bonn","tag-bonn","tag-de","tag-deutschland","tag-germany","tag-nordrhein-westfalen"],"share_on_mastodon":{"url":"https:\/\/pubeurope.com\/@de\/117189484717776863","error":""},"_links":{"self":[{"href":"https:\/\/www.europesays.com\/de\/wp-json\/wp\/v2\/posts\/1271561","targetHints":{"allow":["GET"]}}],"collection":[{"href":"https:\/\/www.europesays.com\/de\/wp-json\/wp\/v2\/posts"}],"about":[{"href":"https:\/\/www.europesays.com\/de\/wp-json\/wp\/v2\/types\/post"}],"author":[{"embeddable":true,"href":"https:\/\/www.europesays.com\/de\/wp-json\/wp\/v2\/users\/2"}],"replies":[{"embeddable":true,"href":"https:\/\/www.europesays.com\/de\/wp-json\/wp\/v2\/comments?post=1271561"}],"version-history":[{"count":0,"href":"https:\/\/www.europesays.com\/de\/wp-json\/wp\/v2\/posts\/1271561\/revisions"}],"wp:featuredmedia":[{"embeddable":true,"href":"https:\/\/www.europesays.com\/de\/wp-json\/wp\/v2\/media\/1271562"}],"wp:attachment":[{"href":"https:\/\/www.europesays.com\/de\/wp-json\/wp\/v2\/media?parent=1271561"}],"wp:term":[{"taxonomy":"category","embeddable":true,"href":"https:\/\/www.europesays.com\/de\/wp-json\/wp\/v2\/categories?post=1271561"},{"taxonomy":"post_tag","embeddable":true,"href":"https:\/\/www.europesays.com\/de\/wp-json\/wp\/v2\/tags?post=1271561"}],"curies":[{"name":"wp","href":"https:\/\/api.w.org\/{rel}","templated":true}]}}