{"id":1271570,"date":"2026-08-31T09:52:32","date_gmt":"2026-08-31T09:52:32","guid":{"rendered":"https:\/\/www.europesays.com\/de\/1271570\/"},"modified":"2026-08-31T09:52:32","modified_gmt":"2026-08-31T09:52:32","slug":"hannover-96-wir-machen-ihn-wieder-staerker-96-muss-wm-fahrer-aufbauen-sport","status":"publish","type":"post","link":"https:\/\/www.europesays.com\/de\/1271570\/","title":{"rendered":"Hannover 96: \u201eWir machen ihn wieder st\u00e4rker!\u201c 96 muss WM-Fahrer aufbauen | Sport"},"content":{"rendered":"<p><a class=\"skip-content skip-content--link\" href=\"#in-content-skip-link-target-v-0-0\">TTS-Player \u00fcberspringen\u21b5<\/a><a id=\"in-content-skip-link-target-v-0-0\" class=\"skip-content--target-link-hidden skip-content skip-content--target-link\" href=\"#in-content-skip-link-target-v-0-0\">Artikel weiterlesen<\/a><\/p>\n<p><b>Dieser Hannover-Sieg hatte einen gro\u00dfen 96\u2011Verlierer. Beim <\/b><a href=\"https:\/\/www.bild.de\/sport\/fussball\/hannover-96-feiert-sieg-in-darmstadt-mit-der-dicken-anna-6a94522ad88567044d84a666\" class=\"text-link\" rel=\"nofollow noopener\" target=\"_blank\"><b>1:0 in Darmstadt<\/b><\/a><b> erwischte Ime Okon (22) einen gebrauchten Tag. Der WM-Fahrer zeigte eine schlechte Leistung und wurde folgerichtig von Trainer Christian Titz (55) bereits in der 34.\u00a0Minute f\u00fcr Virgil Ghi\u021ba (28) ausgewechselt. Jetzt wartet Aufbauarbeit auf die Niedersachsen.<\/b><\/p>\n<p>\u201eDer Ime hatte in Darmstadt keinen guten Tag\u201c, sagt Titz. \u201eAber das kann mal vorkommen im Spiel. Es wird dadurch aber keinen Bruch geben. Ime wird in der Woche wieder ganz normal ins Training einsteigen. Klar ist er entt\u00e4uscht nach dem Spiel. Aber es wird keine Auswirkungen haben.\u201c<\/p>\n<p>Hannover 96: Aufbauarbeit f\u00fcr Okon<\/p>\n<p>Die Spieler schnappten sich den S\u00fcdafrikaner schon nach dem Abpfiff und versuchten, ihm gut zuzureden. \u201eEs ist immer ung\u00fcnstig f\u00fcr einen Spieler, wenn du gerade vor der Halbzeit schon ausgewechselt wirst. Er hatte vielleicht nicht seinen besten Tag gegen Darmstadt. Aber wir bauen ihn wieder auf und machen ihn wieder st\u00e4rker\u201c, betont 96-Star Marcel Hartel (30). \u201eWir m\u00fcssen mit ihm positiv reden, er ist ja ein sehr guter Verteidiger. Ein nicht so gutes Spiel kann schon mal vorkommen. Ich hatte auch schon schlechte Spiele und wurde zur Halbzeit ausgewechselt. Er muss das jetzt schnell rausbekommen aus dem Kopf und wird dann wieder Gas geben.\u201c<\/p>\n<p>Mehr zum Thema<\/p>\n<p>Auch Boris Tomiak (27) wird sich um seinen Kollegen k\u00fcmmern. \u201eIn einer Karriere hat man solche Tage und solche Spiele mal. Aber wir sind ein Team und halten alle zusammen. Da kann man auch mal einen schlechten Tag haben. Und Ime hatte auch schon viele gute Tage. Wir bleiben zusammen und halten zusammen, egal, wer gerade Tore geschossen hat oder mal nicht so gut gespielt hat\u201c, sagt Tomiak. \u201eWir fangen ihn auf. Ich denke, Ime wird auch keine gro\u00dfen Probleme mit der Auswechslung haben und wird das gut einsch\u00e4tzen k\u00f6nnen. Er ist reif im Kopf. Beim n\u00e4chsten Training ist die Sache vergessen.\u201c<\/p>\n","protected":false},"excerpt":{"rendered":"TTS-Player \u00fcberspringen\u21b5Artikel weiterlesen Dieser Hannover-Sieg hatte einen gro\u00dfen 96\u2011Verlierer. Beim 1:0 in Darmstadt erwischte Ime Okon (22) einen&hellip;\n","protected":false},"author":2,"featured_media":1271571,"comment_status":"","ping_status":"","sticky":false,"template":"","format":"standard","meta":{"footnotes":"","_share_on_mastodon":"0"},"categories":[1836],"tags":[621,27367,3364,29,1002,30,46,2366,250080,1411,119247,10699,542,246130,784],"class_list":["post-1271570","post","type-post","status-publish","format-standard","has-post-thumbnail","category-hannover","tag-2-bundesliga","tag-christian-titz","tag-de","tag-deutschland","tag-fans","tag-germany","tag-hannover","tag-hannover-96","tag-hartel-marcel","tag-niedersachsen","tag-okon-ime","tag-schwank-kevin","tag-sport-leuchtturm-hamburg","tag-tomiak-boris","tag-zweite-bundesliga"],"share_on_mastodon":{"url":"https:\/\/pubeurope.com\/@de\/117189511857026583","error":""},"_links":{"self":[{"href":"https:\/\/www.europesays.com\/de\/wp-json\/wp\/v2\/posts\/1271570","targetHints":{"allow":["GET"]}}],"collection":[{"href":"https:\/\/www.europesays.com\/de\/wp-json\/wp\/v2\/posts"}],"about":[{"href":"https:\/\/www.europesays.com\/de\/wp-json\/wp\/v2\/types\/post"}],"author":[{"embeddable":true,"href":"https:\/\/www.europesays.com\/de\/wp-json\/wp\/v2\/users\/2"}],"replies":[{"embeddable":true,"href":"https:\/\/www.europesays.com\/de\/wp-json\/wp\/v2\/comments?post=1271570"}],"version-history":[{"count":0,"href":"https:\/\/www.europesays.com\/de\/wp-json\/wp\/v2\/posts\/1271570\/revisions"}],"wp:featuredmedia":[{"embeddable":true,"href":"https:\/\/www.europesays.com\/de\/wp-json\/wp\/v2\/media\/1271571"}],"wp:attachment":[{"href":"https:\/\/www.europesays.com\/de\/wp-json\/wp\/v2\/media?parent=1271570"}],"wp:term":[{"taxonomy":"category","embeddable":true,"href":"https:\/\/www.europesays.com\/de\/wp-json\/wp\/v2\/categories?post=1271570"},{"taxonomy":"post_tag","embeddable":true,"href":"https:\/\/www.europesays.com\/de\/wp-json\/wp\/v2\/tags?post=1271570"}],"curies":[{"name":"wp","href":"https:\/\/api.w.org\/{rel}","templated":true}]}}