{"id":1271577,"date":"2026-08-31T09:57:16","date_gmt":"2026-08-31T09:57:16","guid":{"rendered":"https:\/\/www.europesays.com\/de\/1271577\/"},"modified":"2026-08-31T09:57:16","modified_gmt":"2026-08-31T09:57:16","slug":"werder-bremen-fuellkrug-haette-mir-nie-ausmalen-koennen-wie-gross-die-unterschiede-sind","status":"publish","type":"post","link":"https:\/\/www.europesays.com\/de\/1271577\/","title":{"rendered":"Werder Bremen: F\u00fcllkrug \u2013 \u201eH\u00e4tte mir nie ausmalen k\u00f6nnen, wie gro\u00df die Unterschiede sind\u201c"},"content":{"rendered":"<p>Werder Bremens Zugang Niclas F\u00fcllkrug zieht im Interview Bilanz \u00fcber seine vergangenen Jahre und Karrierestationen. Er l\u00e4sst durchblicken, dass er einen Fehler begangen hat.<\/p>\n<p class=\"c-inline-alert__description\">Klicken Sie hier, um sich Artikel von WELT in der Google-Suche bevorzugt anzeigen zu lassen.<\/p>\n<p class=\"is-first-paragraph\" data-external=\"Article.FirstParagraph\">Niclas F\u00fcllkrug kehrte nach drei Jahren mit gro\u00dfen Ambitionen zu Werder Bremen zur\u00fcck. Er sei nicht gekommen, \u201eum hier meine Karriere ausklingen zu lassen\u201c, hatte der 33-J\u00e4hrige gesagt. Vielmehr wolle er an seine erfolgreiche erste Zeit an der Weser ankn\u00fcpfen, als er als Torsch\u00fctzenk\u00f6nig der Bundesliga auch den Sprung in die Nationalmannschaft schaffte.<\/p>\n<p>Werder hat den St\u00fcrmer erst einmal f\u00fcr ein Jahr vom Premier-League-Absteiger West Ham United ausgeliehen. F\u00fcllkrug nimmt, um bei den Bremern spielen zu k\u00f6nnen, Einbu\u00dfen beim Gehalt hin. \u201eVerzichten tue ich nicht. Ich werde einfach in einer anderen W\u00e4hrung bezahlt: Emotionen und Leidenschaft.\u201c Er will das nicht \u00fcberbewertet wissen.<\/p>\n<p><b>Frage: <\/b>Erinnern Sie sich an den 8. Juni 2025?<\/p>\n<p><a class=\"is-link c-block-items__link c-link--rich-text-renderer\" href=\"https:\/\/www.welt.de\/themen\/niclas-fuellkrug\/\" data-internal-tracking-enabled=\"true\" data-internal-tracking=\"{&quot;action&quot;:&quot;click&quot;,&quot;label&quot;:&quot;link&quot;,&quot;name&quot;:&quot;Inline Element&quot;,&quot;data&quot;:{&quot;source&quot;:&quot;&quot;,&quot;target&quot;:&quot;https:\/\/www.welt.de\/themen\/niclas-fuellkrug\/&quot;,&quot;trackingName&quot;:&quot;&quot;,&quot;trackingLabel&quot;:&quot;&quot;}}\" rel=\"nofollow noopener\" target=\"_blank\"><b>Niclas F\u00fcllkrug<\/b><\/a><b>: <\/b>(\u00fcberlegt einen Moment und sagt dann) Da haben wir mit der Nationalmannschaft gegen <a class=\"is-link c-block-items__link c-link--rich-text-renderer\" href=\"https:\/\/www.welt.de\/themen\/frankreich\/\" data-internal-tracking-enabled=\"true\" data-internal-tracking=\"{&quot;action&quot;:&quot;click&quot;,&quot;label&quot;:&quot;link&quot;,&quot;name&quot;:&quot;Inline Element&quot;,&quot;data&quot;:{&quot;source&quot;:&quot;&quot;,&quot;target&quot;:&quot;https:\/\/www.welt.de\/themen\/frankreich\/&quot;,&quot;trackingName&quot;:&quot;&quot;,&quot;trackingLabel&quot;:&quot;&quot;}}\" rel=\"nofollow noopener\" target=\"_blank\">Frankreich<\/a> in der <a class=\"is-link c-block-items__link c-link--rich-text-renderer\" href=\"https:\/\/www.welt.de\/themen\/nations-league\/\" data-internal-tracking-enabled=\"true\" data-internal-tracking=\"{&quot;action&quot;:&quot;click&quot;,&quot;label&quot;:&quot;link&quot;,&quot;name&quot;:&quot;Inline Element&quot;,&quot;data&quot;:{&quot;source&quot;:&quot;&quot;,&quot;target&quot;:&quot;https:\/\/www.welt.de\/themen\/nations-league\/&quot;,&quot;trackingName&quot;:&quot;&quot;,&quot;trackingLabel&quot;:&quot;&quot;}}\" rel=\"nofollow noopener\" target=\"_blank\">Nations League<\/a> gespielt.<\/p>\n<p><b>Frage: <\/b>Das 0:2 im Spiel um Platz drei war Ihr bisher letztes L\u00e4nderspiel\u2026<\/p>\n<p><b>F\u00fcllkrug: <\/b>Beim folgenden Lehrgang geh\u00f6rte ich noch zum Aufgebot. Trotz guter Vorbereitung war ich in der Hinrunde der vergangenen Saison immer wieder verletzt. Das ist das leidige Thema f\u00fcr mich in England gewesen. Somit wei\u00df ich gar nicht, ob es aus Leistungs- oder medizinischen Gr\u00fcnden mein bislang letztes L\u00e4nderspiel war. Aber eines ist mir wichtig \u2026<\/p>\n<p><b>Frage: <\/b>Und zwar?<\/p>\n<p><b>F\u00fcllkrug: <\/b>Ich bin dankbar und froh \u00fcber jedes Spiel, das ich f\u00fcr die Nationalmannschaft machen durfte. \u00dcber jede Erfahrung, vor allem \u00fcber die Eindr\u00fccke bei der WM in Katar. Ich war <a class=\"is-link c-block-items__link c-link--rich-text-renderer\" href=\"https:\/\/www.welt.de\/sport\/fussball\/wm\/\" target=\"_blank\" title=\"Link wird in einem neuen Tab ge\u00f6ffnet\" rel=\"nofollow noopener\" data-internal-tracking-enabled=\"true\" data-internal-tracking=\"{&quot;action&quot;:&quot;click&quot;,&quot;label&quot;:&quot;link&quot;,&quot;name&quot;:&quot;Inline Element&quot;,&quot;data&quot;:{&quot;source&quot;:&quot;&quot;,&quot;target&quot;:&quot;https:\/\/www.welt.de\/sport\/fussball\/wm\/&quot;,&quot;trackingName&quot;:&quot;&quot;,&quot;trackingLabel&quot;:&quot;&quot;}}\">bis vor der WM 2026 i<\/a>m dauerhaften Austausch mit dem Bundestrainer, was ich als gro\u00dfe Wertsch\u00e4tzung empfunden habe.<\/p>\n<p><b>Frage: <\/b>Allerdings hat Ex-Bundestrainer Julian Nagelsmann auf Sie f\u00fcr das Turnier in den USA, Kanada und Mexiko verzichtet. Wie gro\u00df war die Entt\u00e4uschung?<\/p>\n<p><b>F\u00fcllkrug: <\/b>Ich wei\u00df, <a class=\"is-link c-block-items__link c-link--rich-text-renderer\" href=\"https:\/\/www.welt.de\/themen\/deutsche-fussball-nationalmannschaft\/\" data-internal-tracking-enabled=\"true\" data-internal-tracking=\"{&quot;action&quot;:&quot;click&quot;,&quot;label&quot;:&quot;link&quot;,&quot;name&quot;:&quot;Inline Element&quot;,&quot;data&quot;:{&quot;source&quot;:&quot;&quot;,&quot;target&quot;:&quot;https:\/\/www.welt.de\/themen\/deutsche-fussball-nationalmannschaft\/&quot;,&quot;trackingName&quot;:&quot;&quot;,&quot;trackingLabel&quot;:&quot;&quot;}}\" rel=\"nofollow noopener\" target=\"_blank\">was ich f\u00fcr die Nationalmannschaft <\/a>drei Jahre lang geleistet habe. Ich habe nie Anspr\u00fcche gestellt. Und es h\u00e4ngt immer mit der Erwartung zusammen. Es ist alles fair abgelaufen, ich trauere deshalb nichts nach.<\/p>\n<p><b>Frage: <\/b>Aber w\u00e4re eine Nominierung aufgrund Ihrer Leistungen und regelm\u00e4\u00dfigen Eins\u00e4tze in Mailand nicht verdient gewesen?<\/p>\n<p><b>F\u00fcllkrug: <\/b>Meine Leistungen waren, auch wenn ich bei vielen Spielen von der Bank kam, soweit positiv. Was leider nicht gestimmt hat, war die Statistik. Die h\u00e4tte besser aussehen m\u00fcssen, um mit zur WM zu fahren.<\/p>\n<p><b>Frage: <\/b>In 20 Spielen haben Sie nur ein Tor erzielt \u2026<\/p>\n<p><b>F\u00fcllkrug: <\/b>Deshalb war die Entt\u00e4uschung am Ende, nicht zur WM zu fahren, nicht so gro\u00df. Aber ich bin super dankbar f\u00fcr das halbe Jahr bei Milan. Es hat nicht nur super viel Spa\u00df gemacht, sondern ich habe auch sehr viele wichtige Erfahrungen mitnehmen k\u00f6nnen.<\/p>\n<p><b>Frage: <\/b>Hatten Sie schon Kontakt mit Nagelsmann-Nachfolger J\u00fcrgen Klopp?<\/p>\n<p><b>F\u00fcllkrug: <\/b>Die Nationalmannschaft ist aktuell kein Thema, ich m\u00f6chte mich voll und ganz auf Werder konzentrieren.<\/p>\n<p><b>Frage: <\/b>Was halten Sie grunds\u00e4tzlich davon, <a class=\"is-link c-block-items__link c-link--rich-text-renderer\" href=\"https:\/\/www.welt.de\/sport\/fussball\/bundesliga\/fc-bayern-muenchen\/article6a91a8d6b3df30a61552944c\/juergen-klopp-ich-habe-den-besten-job-der-welt-und-noch-kein-spiel-verloren-sehr-geil.html\" data-internal-tracking-enabled=\"true\" data-internal-tracking=\"{&quot;action&quot;:&quot;click&quot;,&quot;label&quot;:&quot;link&quot;,&quot;name&quot;:&quot;Inline Element&quot;,&quot;data&quot;:{&quot;source&quot;:&quot;&quot;,&quot;target&quot;:&quot;https:\/\/www.welt.de\/sport\/fussball\/bundesliga\/fc-bayern-muenchen\/article6a91a8d6b3df30a61552944c\/juergen-klopp-ich-habe-den-besten-job-der-welt-und-noch-kein-spiel-verloren-sehr-geil.html&quot;,&quot;trackingName&quot;:&quot;&quot;,&quot;trackingLabel&quot;:&quot;&quot;}}\" rel=\"nofollow noopener\" target=\"_blank\">dass Klopp neuer Bundestrainer ist?<\/a><\/p>\n<p><b>F\u00fcllkrug: <\/b>Er ist eine riesengro\u00dfe Pers\u00f6nlichkeit mit einer immensen Strahlkraft. Zusammen mit Rudi V\u00f6ller als Sportdirektor kann erneut einiges zum Positiven f\u00fcr Fu\u00dfball-Deutschland bewirkt werden. Und ich bin davon \u00fcberzeugt, dass es f\u00fcr jeden Spieler eine tolle M\u00f6glichkeit ist, f\u00fcr die Nationalmannschaft zu spielen, von J\u00fcrgen Klopp trainiert zu werden und unter ihm seine Erfahrungen machen zu d\u00fcrfen.<\/p>\n<p><b>Frage: <\/b>Damit Sie das noch erleben d\u00fcrfen, m\u00fcssen die Leistungen stimmen. Wie gro\u00df ist die Vorfreude auf Ihr Bundesliga-Comeback in Freiburg?<\/p>\n<p><b>F\u00fcllkrug: <\/b>Riesengro\u00df! Schon vor unserem 3:0-Sieg im Pokal gegen L\u00fcneburg am Millerntor wurde ich von unseren zahlreichen Fans herzlichst empfangen. Das ist Werder durch und durch!<a class=\"is-link c-block-items__link c-link--rich-text-renderer\" href=\"https:\/\/www.welt.de\/sport\/fussball\/bundesliga\/article6a916f2b518a586e1855b595\/werder-bremen-wundertuete-werder-neustart-unter-erschwerten-bedingungen.html\" data-internal-tracking-enabled=\"true\" data-internal-tracking=\"{&quot;action&quot;:&quot;click&quot;,&quot;label&quot;:&quot;link&quot;,&quot;name&quot;:&quot;Inline Element&quot;,&quot;data&quot;:{&quot;source&quot;:&quot;&quot;,&quot;target&quot;:&quot;https:\/\/www.welt.de\/sport\/fussball\/bundesliga\/article6a916f2b518a586e1855b595\/werder-bremen-wundertuete-werder-neustart-unter-erschwerten-bedingungen.html&quot;,&quot;trackingName&quot;:&quot;&quot;,&quot;trackingLabel&quot;:&quot;&quot;}}\" rel=\"nofollow noopener\" target=\"_blank\"> Der Verein steht f\u00fcr Emotionen und Leidenschaft. <\/a>Das tut mir gut. Darum bin ich zur\u00fcck. Etwas Besseres h\u00e4tte mir nicht passieren k\u00f6nnen.<\/p>\n<p><b>Frage: <\/b>Wie hat sich die R\u00fcckkehr nach Bremen nach drei Jahren in Dortmund, London und Mailand angef\u00fchlt?<\/p>\n<p><b>F\u00fcllkrug: <\/b>Als wenn man nach dem Urlaub wieder heimkommt. Ich habe als Kind hier im Nachwuchs-Leistungszentrum, das im Stadion ist, gewohnt, bin hier zur Schule gegangen und regelm\u00e4\u00dfig mit Bus und Bahn durch die Stadt gefahren. Ich kenne \u2013 angefangen von den Junioren-Trainern bis zur Physioabteilung \u2013 so viele Menschen bei Werder, von denen einige enge Freunde von mir sind. Darum ben\u00f6tige ich keine Zeit zum Ankommen.<\/p>\n<p><b>Frage: <\/b>Nach dem Champions-League-Finale mit dem BVB und der EM 2024 sind Sie zu West Ham gewechselt. Ein Fehler?<\/p>\n<p><b>F\u00fcllkrug: <\/b>Im Nachhinein muss man festhalten, dass es in England keine Erfolgsgeschichte war, und der Plan nicht aufgegangen ist. Dennoch wei\u00df ich nicht, ob es besser gewesen w\u00e4re, in der Konstellation damals beim BVB zu bleiben.<\/p>\n<p><b>Frage: <\/b>Warum?<\/p>\n<p><b>F\u00fcllkrug: <\/b>In der Saison 2023\/2024 kam ich inklusive L\u00e4nderspiel-Eins\u00e4tze auf 22 Tore und elf Vorlagen. Man stellt sich die Frage: Gelingt einem ein solches Jahr erneut, wenn Dortmund zu dem Zeitpunkt Serhou Guirassy <a class=\"is-link c-block-items__link is-external c-link--rich-text-renderer\" href=\"https:\/\/www.transfermarkt.de\/serhou-guirassy\/profil\/spieler\/270541\" target=\"_blank\" title=\"Link wird in einem neuen Tab ge\u00f6ffnet\" rel=\"nofollow noopener\" data-internal-tracking-enabled=\"true\" data-internal-tracking=\"{&quot;action&quot;:&quot;click&quot;,&quot;label&quot;:&quot;link&quot;,&quot;name&quot;:&quot;Inline Element&quot;,&quot;data&quot;:{&quot;source&quot;:&quot;&quot;,&quot;target&quot;:&quot;https:\/\/www.transfermarkt.de\/serhou-guirassy\/profil\/spieler\/270541&quot;,&quot;trackingName&quot;:&quot;&quot;,&quot;trackingLabel&quot;:&quot;&quot;}}\">(kam f\u00fcr 18 Millionen Euro aus Stuttgart, <\/a>Anmerkung der Redaktion) verpflichtet? Oder nutzt man eine neue Situation, wenn ein \u2013 nicht aus wirtschaftlichen Gr\u00fcnden \u2013 lukratives Angebot vorliegt?<\/p>\n<p><b>Frage: <\/b>Wenn es nicht um Geld ging: Was hat einen Wechsel auf die Insel so attraktiv gemacht?<\/p>\n<p><b>F\u00fcllkrug: <\/b>Die Perspektive und die Wertsch\u00e4tzung. Denn mit 31 Jahren einen langfristigen Vertrag \u00fcber vier Jahre zu erhalten wie damals, hat mir gezeigt, welche wichtige Rolle ich bei West Ham einnehmen sollte. Dass mit dem Abstieg und meinen vielen Verletzungen der Worst Case eintritt, war damals nicht abzusehen. Die Konstellation hat viel mehr f\u00fcr einen Transfer als f\u00fcr ein Dableiben gesprochen \u2013 auch wenn ich in Dortmund ein tolles Jahr hatte. Mit dem Wissen von jetzt h\u00e4tte ich vielleicht nicht nach England gehen sollen.<\/p>\n<p><b>Frage: <\/b>Wieso?<\/p>\n<p><b>F\u00fcllkrug: <\/b>Ich glaube, dass es einen Unterschied macht, ob man im Alter von 22 Jahren in die <a class=\"is-link c-block-items__link c-link--rich-text-renderer\" href=\"https:\/\/www.welt.de\/themen\/premier-league\/\" data-internal-tracking-enabled=\"true\" data-internal-tracking=\"{&quot;action&quot;:&quot;click&quot;,&quot;label&quot;:&quot;link&quot;,&quot;name&quot;:&quot;Inline Element&quot;,&quot;data&quot;:{&quot;source&quot;:&quot;&quot;,&quot;target&quot;:&quot;https:\/\/www.welt.de\/themen\/premier-league\/&quot;,&quot;trackingName&quot;:&quot;&quot;,&quot;trackingLabel&quot;:&quot;&quot;}}\" rel=\"nofollow noopener\" target=\"_blank\">Premier League<\/a> geht und sich an die Dynamik und Physis gew\u00f6hnen muss oder mit 31 Jahren. Das Training, die Spiele, die Regeneration und auch die medizinische Betreuung sind ganz anders als in Deutschland. Ich h\u00e4tte mir niemals ausmalen k\u00f6nnen, wie gro\u00df die Unterschiede sind.<\/p>\n<p><b>Das Interview wurde f\u00fcr das Sport-Kompetenzcenter (<\/b><a class=\"is-link c-block-items__link c-link--rich-text-renderer\" href=\"https:\/\/www.welt.de\/sport\/\" data-internal-tracking-enabled=\"true\" data-internal-tracking=\"{&quot;action&quot;:&quot;click&quot;,&quot;label&quot;:&quot;link&quot;,&quot;name&quot;:&quot;Inline Element&quot;,&quot;data&quot;:{&quot;source&quot;:&quot;&quot;,&quot;target&quot;:&quot;https:\/\/www.welt.de\/sport\/&quot;,&quot;trackingName&quot;:&quot;&quot;,&quot;trackingLabel&quot;:&quot;&quot;}}\" rel=\"nofollow noopener\" target=\"_blank\"><b>WELT, <\/b><\/a><a class=\"is-link c-block-items__link is-external c-link--rich-text-renderer\" href=\"https:\/\/www.bild.de\/sport\/startseite\/sport\/sport-home-15479124.bild.html\" rel=\"nofollow noopener\" data-internal-tracking-enabled=\"true\" data-internal-tracking=\"{&quot;action&quot;:&quot;click&quot;,&quot;label&quot;:&quot;link&quot;,&quot;name&quot;:&quot;Inline Element&quot;,&quot;data&quot;:{&quot;source&quot;:&quot;&quot;,&quot;target&quot;:&quot;https:\/\/www.bild.de\/sport\/startseite\/sport\/sport-home-15479124.bild.html&quot;,&quot;trackingName&quot;:&quot;&quot;,&quot;trackingLabel&quot;:&quot;&quot;}}\" target=\"_blank\"><b>\u201eBild\u201c<\/b><\/a><b>, <\/b><a class=\"is-link c-block-items__link is-external c-link--rich-text-renderer\" href=\"https:\/\/sportbild.bild.de\/\" rel=\"nofollow noopener\" data-internal-tracking-enabled=\"true\" data-internal-tracking=\"{&quot;action&quot;:&quot;click&quot;,&quot;label&quot;:&quot;link&quot;,&quot;name&quot;:&quot;Inline Element&quot;,&quot;data&quot;:{&quot;source&quot;:&quot;&quot;,&quot;target&quot;:&quot;https:\/\/sportbild.bild.de\/&quot;,&quot;trackingName&quot;:&quot;&quot;,&quot;trackingLabel&quot;:&quot;&quot;}}\" target=\"_blank\"><b>\u201eSport Bild\u201c<\/b><\/a><b>) erstellt und zuerst in der \u201eBild am Sonntag\u201c ver\u00f6ffentlicht.<\/b><\/p>\n","protected":false},"excerpt":{"rendered":"Werder Bremens Zugang Niclas F\u00fcllkrug zieht im Interview Bilanz \u00fcber seine vergangenen Jahre und Karrierestationen. Er l\u00e4sst durchblicken,&hellip;\n","protected":false},"author":2,"featured_media":1271578,"comment_status":"","ping_status":"","sticky":false,"template":"","format":"standard","meta":{"footnotes":"","_share_on_mastodon":"0"},"categories":[1824],"tags":[2420,3364,29,41124,30,261502,66327,45,1288,537],"class_list":["post-1271577","post","type-post","status-publish","format-standard","has-post-thumbnail","category-bremen","tag-bremen","tag-de","tag-deutschland","tag-fuellkrug","tag-germany","tag-niclas","tag-premier-league-geo-gb-ks","tag-texttospeech","tag-transfers","tag-werder-bremen"],"share_on_mastodon":{"url":"","error":""},"_links":{"self":[{"href":"https:\/\/www.europesays.com\/de\/wp-json\/wp\/v2\/posts\/1271577","targetHints":{"allow":["GET"]}}],"collection":[{"href":"https:\/\/www.europesays.com\/de\/wp-json\/wp\/v2\/posts"}],"about":[{"href":"https:\/\/www.europesays.com\/de\/wp-json\/wp\/v2\/types\/post"}],"author":[{"embeddable":true,"href":"https:\/\/www.europesays.com\/de\/wp-json\/wp\/v2\/users\/2"}],"replies":[{"embeddable":true,"href":"https:\/\/www.europesays.com\/de\/wp-json\/wp\/v2\/comments?post=1271577"}],"version-history":[{"count":0,"href":"https:\/\/www.europesays.com\/de\/wp-json\/wp\/v2\/posts\/1271577\/revisions"}],"wp:featuredmedia":[{"embeddable":true,"href":"https:\/\/www.europesays.com\/de\/wp-json\/wp\/v2\/media\/1271578"}],"wp:attachment":[{"href":"https:\/\/www.europesays.com\/de\/wp-json\/wp\/v2\/media?parent=1271577"}],"wp:term":[{"taxonomy":"category","embeddable":true,"href":"https:\/\/www.europesays.com\/de\/wp-json\/wp\/v2\/categories?post=1271577"},{"taxonomy":"post_tag","embeddable":true,"href":"https:\/\/www.europesays.com\/de\/wp-json\/wp\/v2\/tags?post=1271577"}],"curies":[{"name":"wp","href":"https:\/\/api.w.org\/{rel}","templated":true}]}}