{"id":1271579,"date":"2026-08-31T10:01:24","date_gmt":"2026-08-31T10:01:24","guid":{"rendered":"https:\/\/www.europesays.com\/de\/1271579\/"},"modified":"2026-08-31T10:01:24","modified_gmt":"2026-08-31T10:01:24","slug":"pol-e-essen-schuesse-auf-pkw-mordkommission-eingerichtet-zeugenaufruf","status":"publish","type":"post","link":"https:\/\/www.europesays.com\/de\/1271579\/","title":{"rendered":"POL-E: Essen: Sch\u00fcsse auf PKW &#8211; Mordkommission eingerichtet &#8211; Zeugenaufruf"},"content":{"rendered":"<p class=\"date\">31.08.2026 \u2013 11:40<\/p>\n<p class=\"customer\">\n                        <a class=\"story-customer\" title=\"weiter zum newsroom von Polizei Essen\" href=\"https:\/\/www.presseportal.de\/blaulicht\/nr\/11562\" rel=\"nofollow noopener\" target=\"_blank\">Polizei Essen<\/a>\n                    <\/p>\n<p><a data-category=\"citylink-story-view\" data-action=\"click\" data-label=\"Citylink in Meldungsansicht\" class=\"story-city event-trigger\" href=\"https:\/\/www.presseportal.de\/regional\/Essen\" title=\"News aus Essen \" rel=\"nofollow noopener\" target=\"_blank\">Essen<\/a> (ots)<\/p>\n<p>45127 E.-Stadtkern: Heute am fr\u00fchen Morgen (31. August) erhielt die Polizei Kenntnis von mehreren Sch\u00fcssen auf einen PKW, in dem sich nach derzeitigen Erkenntnissen zu dem Zeitpunkt ein 38-j\u00e4hriger Essener befand. Die Polizei steht in enger Absprache mit der Staatsanwaltschaft Essen, hat eine Mordkommission eingerichtet und sucht Zeugen.<\/p>\n<p>Gegen 1 Uhr meldete ein 38-j\u00e4hriger Essener, dass ein unbekannter maskierter Mann auf ihn geschossen hat, als er sich in seinem Mietwagen befand. Die eingesetzten Polizeikr\u00e4fte trafen den Mann mit seinem grauen VW T-Roc am Berliner Platz an und stellten mehrere Einschussl\u00f6cher an dem PKW fest. Der 38-j\u00e4hrige Iraner war lediglich durch Glassplitter leicht verletzt worden.<\/p>\n<p>Die Polizei Essen hat eine Mordkommission eingerichtet und umfangreiche Spuren an dem Fahrzeug gesichert. Zum jetzigen Zeitpunkt sind der genaue Tatort sowie Hintergr\u00fcnde der Tat unbekannt.<\/p>\n<p>Die Ermittler der Mordkommission suchen deshalb Zeugen, die im Bereich der Innenstadt Sch\u00fcsse geh\u00f6rt haben und\/ oder Angaben zu der Tat machen k\u00f6nnen. Sollten Sie sachdienliche Hinweise geben k\u00f6nnen, melden Sie sich bitte bei der Polizei Essen unter 0201\/8290 oder per E-Mail an <a href=\"https:\/\/www.presseportal.de\/blaulicht\/pm\/11562\/mailto:hinweise.essen@polizei.nrw.de\" class=\"uri-mailto\" rel=\"nofollow noopener\" target=\"_blank\">hinweise.essen@polizei.nrw.de<\/a>. \/hey<\/p>\n<p class=\"contact-headline\">R\u00fcckfragen bitte an:<\/p>\n<p class=\"contact-text\">Polizei Essen\/ M\u00fclheim an der Ruhr<br \/>Pressestelle<br \/>Telefon: 0201-829 1065 (au\u00dferhalb der B\u00fcrodienstzeit 0201-829 7230)<br \/>Fax: 0201-829 1069<br \/>E-Mail: <a href=\"https:\/\/www.presseportal.de\/blaulicht\/pm\/11562\/mailto:pressestelle.essen@polizei.nrw.de\" class=\"uri-mailto\" rel=\"nofollow noopener\" target=\"_blank\">pressestelle.essen@polizei.nrw.de<\/a><\/p>\n<p><a target=\"_blank\" class=\"uri-ext outbound\" rel=\"noopener nofollow\" href=\"https:\/\/twitter.com\/Polizei_NRW_E\">https:\/\/twitter.com\/Polizei_NRW_E<\/a><br \/><a target=\"_blank\" class=\"uri-ext outbound\" rel=\"noopener nofollow\" href=\"http:\/\/www.facebook.com\/PolizeiEssen\">http:\/\/www.facebook.com\/PolizeiEssen<\/a><br \/><a target=\"_blank\" class=\"uri-ext outbound\" rel=\"noopener nofollow\" href=\"https:\/\/www.instagram.com\/polizei.nrw.e\">https:\/\/www.instagram.com\/polizei.nrw.e<\/a><br \/><a target=\"_blank\" class=\"uri-ext outbound\" rel=\"noopener nofollow\" href=\"https:\/\/www.whatsapp.com\/channel\/0029VaEsg0q1CYoUFKnPFk2F\">https:\/\/www.whatsapp.com\/channel\/0029VaEsg0q1CYoUFKnPFk2F<\/a><\/p>\n<p class=\"originator\">Original-Content von: Polizei Essen, \u00fcbermittelt durch news aktuell<\/p>\n<p>            <script async src=\"https:\/\/platform.twitter.com\/widgets.js\" charset=\"utf-8\"><\/script><script async src=\"\/\/www.instagram.com\/embed.js\"><\/script><\/p>\n","protected":false},"excerpt":{"rendered":"31.08.2026 \u2013 11:40 Polizei Essen Essen (ots) 45127 E.-Stadtkern: Heute am fr\u00fchen Morgen (31. August) erhielt die Polizei&hellip;\n","protected":false},"author":2,"featured_media":1266941,"comment_status":"","ping_status":"","sticky":false,"template":"","format":"standard","meta":{"footnotes":"","_share_on_mastodon":"0"},"categories":[1834],"tags":[3364,29,3688,30,177,1209,176,121,178,180,179,181],"class_list":["post-1271579","post","type-post","status-publish","format-standard","has-post-thumbnail","category-essen","tag-de","tag-deutschland","tag-essen","tag-germany","tag-kriminalitt","tag-nordrhein-westfalen","tag-nrw","tag-polizei","tag-presse","tag-pressemeldung","tag-pressemitteilung","tag-pressemitteilungen"],"share_on_mastodon":{"url":"https:\/\/pubeurope.com\/@de\/117189547302284347","error":""},"_links":{"self":[{"href":"https:\/\/www.europesays.com\/de\/wp-json\/wp\/v2\/posts\/1271579","targetHints":{"allow":["GET"]}}],"collection":[{"href":"https:\/\/www.europesays.com\/de\/wp-json\/wp\/v2\/posts"}],"about":[{"href":"https:\/\/www.europesays.com\/de\/wp-json\/wp\/v2\/types\/post"}],"author":[{"embeddable":true,"href":"https:\/\/www.europesays.com\/de\/wp-json\/wp\/v2\/users\/2"}],"replies":[{"embeddable":true,"href":"https:\/\/www.europesays.com\/de\/wp-json\/wp\/v2\/comments?post=1271579"}],"version-history":[{"count":0,"href":"https:\/\/www.europesays.com\/de\/wp-json\/wp\/v2\/posts\/1271579\/revisions"}],"wp:featuredmedia":[{"embeddable":true,"href":"https:\/\/www.europesays.com\/de\/wp-json\/wp\/v2\/media\/1266941"}],"wp:attachment":[{"href":"https:\/\/www.europesays.com\/de\/wp-json\/wp\/v2\/media?parent=1271579"}],"wp:term":[{"taxonomy":"category","embeddable":true,"href":"https:\/\/www.europesays.com\/de\/wp-json\/wp\/v2\/categories?post=1271579"},{"taxonomy":"post_tag","embeddable":true,"href":"https:\/\/www.europesays.com\/de\/wp-json\/wp\/v2\/tags?post=1271579"}],"curies":[{"name":"wp","href":"https:\/\/api.w.org\/{rel}","templated":true}]}}