{"id":1271582,"date":"2026-08-31T10:04:27","date_gmt":"2026-08-31T10:04:27","guid":{"rendered":"https:\/\/www.europesays.com\/de\/1271582\/"},"modified":"2026-08-31T10:04:27","modified_gmt":"2026-08-31T10:04:27","slug":"bvb-vermeldet-weiteren-millionen-deal","status":"publish","type":"post","link":"https:\/\/www.europesays.com\/de\/1271582\/","title":{"rendered":"BVB vermeldet weiteren Millionen-Deal"},"content":{"rendered":"\n<p>Wieder gute Nachrichten aus wirtschaftlicher Sicht f\u00fcr Borussia Dortmund: Der BVB hat einen weiteren mutma\u00dflich lukrativen Sponsorenvertrag abgeschlossen.<\/p>\n<p>Wie rund um den Bundesliga-Auftakt\u00a0gegen den Hamburger SV am Samstag (2:0) bekannt wurde, fungiert Megabad k\u00fcnftig als Premium Partner der Schwarz-Gelben.<\/p>\n<p>Das auf\u00a0Bad- und Sanit\u00e4rgestaltung spezialisierte Unternehmen ist beim BVB nun unter anderem durch Bandenwerbung im Signal Iduna Park pr\u00e4sent.\u00a0Ein weiterer zentraler Baustein der Zusammenarbeit ist die Erschlie\u00dfung des polnischen Marktes, wie der Klub vermeldete.<\/p>\n<p>Megabad tritt im deutschen Nachbarland zuk\u00fcnftig daher als &#8222;Regional Partner von Borussia Dortmund&#8220; auf. Polnische BVB-Legenden wie Lukas\u00a0Piszczek sollen in die\u00a0Unternehmenskommunikation eingebunden werden.<\/p>\n<p>&#8222;Wir hei\u00dfen Megabad als neuen Premium Partner herzlich willkommen. Hier begegnen sich zwei starke Marken, die beide f\u00fcr h\u00f6chste Qualit\u00e4t stehen&#8220;, sagte\u00a0Benedikt Scholz, Direktor Internationalisierung und Commercial Partnerships beim BVB.<\/p>\n<p>Stefan Gesing, CEO von Megabad, erkl\u00e4rte: &#8222;Die Partnerschaft mit Borussia Dortmund ist f\u00fcr uns der n\u00e4chste logische Schritt auf unserem europ\u00e4ischen Wachstumskurs.\u00a0Die enorme Strahlkraft des BVB, kombiniert mit herausragenden Pers\u00f6nlichkeiten, bietet uns eine exzellente Plattform f\u00fcr unsere strategische Expansion in Polen. Mit dem BVB haben wir einen starken Partner an unserer Seite, der ebenfalls gro\u00dfe Wachstumsziele in Europa hat.&#8220;<\/p>\n<p>Megabad als &#8222;ganzheitlicher Projektbegleiter&#8220; beim BVB<\/p>\n<p>Der BVB teilte zudem mit, zuk\u00fcnftig auch bei Bauvorhaben, beispielsweise im Signal Iduna Park, auf Produkte von Megabad zur\u00fcckzugreifen.<\/p>\n<p>&#8222;Wir verstehen uns als ganzheitlicher Projektbegleiter \u2013 egal ob f\u00fcr das heimische Badezimmer, den Profi auf der Baustelle oder eben f\u00fcr ein Stadionprojekt von der Dimension des Signal Iduna Park&#8220;, sagte\u00a0Gesing. &#8222;Dass Borussia Dortmund bei seinen eigenen Einrichtungen auf unsere Produkte vertraut, ist ein starker Vertrauensbeweis in unsere Qualit\u00e4t und Verl\u00e4sslichkeit.&#8220;<\/p>\n<p>Wie viel Geld f\u00fcr die neue Partnerschaft genau an den BVB flie\u00dft, ist unbekannt.\u00a0Premium Partner sollen dem Vernehmen nach aber zwischen einer und drei Millionen Euro pro Jahr zahlen.<\/p>\n","protected":false},"excerpt":{"rendered":"Wieder gute Nachrichten aus wirtschaftlicher Sicht f\u00fcr Borussia Dortmund: Der BVB hat einen weiteren mutma\u00dflich lukrativen Sponsorenvertrag abgeschlossen.&hellip;\n","protected":false},"author":2,"featured_media":1271583,"comment_status":"","ping_status":"","sticky":false,"template":"","format":"standard","meta":{"footnotes":"","_share_on_mastodon":"0"},"categories":[1833],"tags":[888,299,3364,29,217,347,30,1209,863,887],"class_list":["post-1271582","post","type-post","status-publish","format-standard","has-post-thumbnail","category-dortmund","tag-borussia-dortmund","tag-bundesliga","tag-de","tag-deutschland","tag-dortmund","tag-fussball","tag-germany","tag-nordrhein-westfalen","tag-sport-allgemein","tag-top-fussball"],"share_on_mastodon":{"url":"https:\/\/pubeurope.com\/@de\/117189559295015352","error":""},"_links":{"self":[{"href":"https:\/\/www.europesays.com\/de\/wp-json\/wp\/v2\/posts\/1271582","targetHints":{"allow":["GET"]}}],"collection":[{"href":"https:\/\/www.europesays.com\/de\/wp-json\/wp\/v2\/posts"}],"about":[{"href":"https:\/\/www.europesays.com\/de\/wp-json\/wp\/v2\/types\/post"}],"author":[{"embeddable":true,"href":"https:\/\/www.europesays.com\/de\/wp-json\/wp\/v2\/users\/2"}],"replies":[{"embeddable":true,"href":"https:\/\/www.europesays.com\/de\/wp-json\/wp\/v2\/comments?post=1271582"}],"version-history":[{"count":0,"href":"https:\/\/www.europesays.com\/de\/wp-json\/wp\/v2\/posts\/1271582\/revisions"}],"wp:featuredmedia":[{"embeddable":true,"href":"https:\/\/www.europesays.com\/de\/wp-json\/wp\/v2\/media\/1271583"}],"wp:attachment":[{"href":"https:\/\/www.europesays.com\/de\/wp-json\/wp\/v2\/media?parent=1271582"}],"wp:term":[{"taxonomy":"category","embeddable":true,"href":"https:\/\/www.europesays.com\/de\/wp-json\/wp\/v2\/categories?post=1271582"},{"taxonomy":"post_tag","embeddable":true,"href":"https:\/\/www.europesays.com\/de\/wp-json\/wp\/v2\/tags?post=1271582"}],"curies":[{"name":"wp","href":"https:\/\/api.w.org\/{rel}","templated":true}]}}