{"id":1271590,"date":"2026-08-31T10:12:18","date_gmt":"2026-08-31T10:12:18","guid":{"rendered":"https:\/\/www.europesays.com\/de\/1271590\/"},"modified":"2026-08-31T10:12:18","modified_gmt":"2026-08-31T10:12:18","slug":"duesseldorf-kunstkiosk-mit-anja-utler-und-yuliia-paievska","status":"publish","type":"post","link":"https:\/\/www.europesays.com\/de\/1271590\/","title":{"rendered":"D\u00fcsseldorf: Kunstkiosk mit Anja Utler und Yuliia Paievska"},"content":{"rendered":"<p class=\"text_ohne_einzug richtext text-em-55 !leading-serif mx-6 desktop:mx-0\">  Kurz nach dem Ende der Sommerferien kehrt der \u201eKunstkiosk\u201c mit seiner zweiten Ausgabe in diesem Jahr, der 13. insgesamt, zur\u00fcck. Nach der Schlie\u00dfung des Elona Caffee wechselt die Lesereihe an einen neuen Veranstaltungsort: Die Patogh Hannibal Lounge liegt ebenfalls in Oberbilk, schr\u00e4g gegen\u00fcber der alten Location an der Markenstra\u00dfe 1. Dort erwartet Kuratorin Vera Vorneweg am 10. September (19 Uhr, Eintritt frei) die Autorinnen Anja Utler aus Leipzig und die Ukrainerin Yuliia Paievska.<\/p>\n<p class=\"richtext text-em-55 !leading-serif mx-6 desktop:mx-0\">Paievska, auch bekannt unter dem Namen Taira, hat Vera Vorneweg im vergangenen Jahr beim \u201eMeridian Czernowitz Festival\u201c kennengelernt, wo die Ukrainerin ihren Lyrikband \u201eLeben\u201c vorstellte. \u201eIn den Gedichten verarbeitet Yuliia ihre Erfahrungen aus drei Monaten russischer Gefangenschaft. Ich war so beeindruckt von ihrem Vortrag und ihrer Pr\u00e4senz, dass ich sie gerne nach D\u00fcsseldorf holen wollte\u201c, erkl\u00e4rt Vera Vorneweg. Die Gedichte, die bislang nicht in deutscher \u00dcbersetzung vorlagen, werden eigens f\u00fcr den Kunstkiosk von der renommierten \u00dcbersetzerin Claudia Dathe ins Deutsche \u00fcbertragen, die sie auch vorlesen wird.<\/p>\n<p class=\"richtext text-em-55 !leading-serif mx-6 desktop:mx-0\">Anja Utler hat \u2013 wenn auch aus v\u00f6llig anderer Perspektive \u2013 ebenfalls k\u00fcnstlerisch auf den russischen Angriffskrieg reagiert: mit einer eindrucksvollen Sammlung von Haikus (japanische Gedichtform) unter der \u00dcberschrift \u201eEs beginnt\u201c. \u201eDas Schlimme ist das Aufwachen am Morgen und die Realisierung, dass die Welt nicht mehr so ist, wie man dachte, dass sie ist\u201c, sagte Utler in einem Interview. Diese Fassungslosigkeit verdichtet die Autorin zu atmosph\u00e4rischen Haikus, die den Weltverlust aus unterschiedlichen Perspektiven beleuchten.<\/p>\n<p class=\"richtext text-em-55 !leading-serif mx-6 desktop:mx-0\">Ihr Buch, das ausf\u00fchrlich im Kunstkiosk-Buchklub am 5. Juli besprochen wurde, schlie\u00dft mit einem Essay, der f\u00fcr eine st\u00e4rkere Aufmerksamkeit gegen\u00fcber Gef\u00fchlen als Form der Erkenntnis pl\u00e4diert. Emotionen seien \u201ekeine Schw\u00e4che, sondern Reaktionen eines verletzlichen Wesens auf das, was ihm widerf\u00e4hrt\u201c. Im Rahmen des Kunstkiosks wird eine performative Lesung von Anja Utler stattfinden.<\/p>\n","protected":false},"excerpt":{"rendered":"Kurz nach dem Ende der Sommerferien kehrt der \u201eKunstkiosk\u201c mit seiner zweiten Ausgabe in diesem Jahr, der 13.&hellip;\n","protected":false},"author":2,"featured_media":1271591,"comment_status":"","ping_status":"","sticky":false,"template":"","format":"standard","meta":{"footnotes":"","_share_on_mastodon":"0"},"categories":[1831],"tags":[52465,18983,262634,39522,3364,29,3405,30,213888,196565,1209,37707,262635,262637,262636],"class_list":["post-1271590","post","type-post","status-publish","format-standard","has-post-thumbnail","category-duesseldorf","tag-hannibal","tag-angriffskrieg","tag-anja-utler","tag-ausgabe","tag-de","tag-deutschland","tag-duesseldorf","tag-germany","tag-kunstkiosk","tag-lounge","tag-nordrhein-westfalen","tag-oberbilk","tag-paievska","tag-patogh","tag-yuliia"],"share_on_mastodon":{"url":"","error":""},"_links":{"self":[{"href":"https:\/\/www.europesays.com\/de\/wp-json\/wp\/v2\/posts\/1271590","targetHints":{"allow":["GET"]}}],"collection":[{"href":"https:\/\/www.europesays.com\/de\/wp-json\/wp\/v2\/posts"}],"about":[{"href":"https:\/\/www.europesays.com\/de\/wp-json\/wp\/v2\/types\/post"}],"author":[{"embeddable":true,"href":"https:\/\/www.europesays.com\/de\/wp-json\/wp\/v2\/users\/2"}],"replies":[{"embeddable":true,"href":"https:\/\/www.europesays.com\/de\/wp-json\/wp\/v2\/comments?post=1271590"}],"version-history":[{"count":0,"href":"https:\/\/www.europesays.com\/de\/wp-json\/wp\/v2\/posts\/1271590\/revisions"}],"wp:featuredmedia":[{"embeddable":true,"href":"https:\/\/www.europesays.com\/de\/wp-json\/wp\/v2\/media\/1271591"}],"wp:attachment":[{"href":"https:\/\/www.europesays.com\/de\/wp-json\/wp\/v2\/media?parent=1271590"}],"wp:term":[{"taxonomy":"category","embeddable":true,"href":"https:\/\/www.europesays.com\/de\/wp-json\/wp\/v2\/categories?post=1271590"},{"taxonomy":"post_tag","embeddable":true,"href":"https:\/\/www.europesays.com\/de\/wp-json\/wp\/v2\/tags?post=1271590"}],"curies":[{"name":"wp","href":"https:\/\/api.w.org\/{rel}","templated":true}]}}