{"id":1271592,"date":"2026-08-31T10:13:16","date_gmt":"2026-08-31T10:13:16","guid":{"rendered":"https:\/\/www.europesays.com\/de\/1271592\/"},"modified":"2026-08-31T10:13:16","modified_gmt":"2026-08-31T10:13:16","slug":"ab-schorndorf-oder-waiblingen-mit-dem-nostalgie-zug-zum-rhein-in-flammen-nachrichten-aus-dem-rems-murr-kreis","status":"publish","type":"post","link":"https:\/\/www.europesays.com\/de\/1271592\/","title":{"rendered":"Ab Schorndorf oder Waiblingen: Mit dem Nostalgie-Zug zum \u201eRhein in Flammen\u201c &#8211; Nachrichten aus dem Rems-Murr-Kreis"},"content":{"rendered":"<p><strong>Rems-Murr-Kreis.<\/strong> Mal wieder so ein richtig stressfreier Ausflug w\u00e4re doch wirklich was Sch\u00f6nes, oder? Sich fahren lassen, genie\u00dfen, Sch\u00f6nes sehen, nicht planen m\u00fcssen. Das h\u00e4tten Sie gerne? Dann nehmen Sie doch den Nostalgie-Zug am Samstag, 12. September. F\u00e4hrt ab Schorndorf oder Waiblingen. Und das Ziel ist spektakul\u00e4r!<\/p>\n<p>Was gibt\u2019s Sch\u00f6neres als das Zusammenspiel von Wasser und Feuerwerk?<\/p>\n<p>Oberwesel ist ein wirklich h\u00fcbsches St\u00e4dtle am Mittelrhein. Da gibt\u2019s<\/p>\n","protected":false},"excerpt":{"rendered":"Rems-Murr-Kreis. Mal wieder so ein richtig stressfreier Ausflug w\u00e4re doch wirklich was Sch\u00f6nes, oder? Sich fahren lassen, genie\u00dfen,&hellip;\n","protected":false},"author":2,"featured_media":1271593,"comment_status":"","ping_status":"","sticky":false,"template":"","format":"standard","meta":{"footnotes":"","_share_on_mastodon":"0"},"categories":[1830],"tags":[20216,3903,1634,262638,3364,29,4851,30,262639,247199,8760,8761,1441,230833,9887],"class_list":["post-1271592","post","type-post","status-publish","format-standard","has-post-thumbnail","category-stuttgart","tag-rhein-in-flammen","tag-ausflug","tag-baden-wuerttemberg","tag-dbk-historische-bahn-e-v","tag-de","tag-deutschland","tag-feuerwerk","tag-germany","tag-nostalgie-zug","tag-oberwesel","tag-rems-murr-kreis","tag-schorndorf","tag-stuttgart","tag-un_unterhalte-mich","tag-waiblingen"],"share_on_mastodon":{"url":"https:\/\/pubeurope.com\/@de\/117189594930988645","error":""},"_links":{"self":[{"href":"https:\/\/www.europesays.com\/de\/wp-json\/wp\/v2\/posts\/1271592","targetHints":{"allow":["GET"]}}],"collection":[{"href":"https:\/\/www.europesays.com\/de\/wp-json\/wp\/v2\/posts"}],"about":[{"href":"https:\/\/www.europesays.com\/de\/wp-json\/wp\/v2\/types\/post"}],"author":[{"embeddable":true,"href":"https:\/\/www.europesays.com\/de\/wp-json\/wp\/v2\/users\/2"}],"replies":[{"embeddable":true,"href":"https:\/\/www.europesays.com\/de\/wp-json\/wp\/v2\/comments?post=1271592"}],"version-history":[{"count":0,"href":"https:\/\/www.europesays.com\/de\/wp-json\/wp\/v2\/posts\/1271592\/revisions"}],"wp:featuredmedia":[{"embeddable":true,"href":"https:\/\/www.europesays.com\/de\/wp-json\/wp\/v2\/media\/1271593"}],"wp:attachment":[{"href":"https:\/\/www.europesays.com\/de\/wp-json\/wp\/v2\/media?parent=1271592"}],"wp:term":[{"taxonomy":"category","embeddable":true,"href":"https:\/\/www.europesays.com\/de\/wp-json\/wp\/v2\/categories?post=1271592"},{"taxonomy":"post_tag","embeddable":true,"href":"https:\/\/www.europesays.com\/de\/wp-json\/wp\/v2\/tags?post=1271592"}],"curies":[{"name":"wp","href":"https:\/\/api.w.org\/{rel}","templated":true}]}}