{"id":1271597,"date":"2026-08-31T10:17:18","date_gmt":"2026-08-31T10:17:18","guid":{"rendered":"https:\/\/www.europesays.com\/de\/1271597\/"},"modified":"2026-08-31T10:17:18","modified_gmt":"2026-08-31T10:17:18","slug":"frankfurt-main-kosicke-bei-laenderspielen-nicht-neben-klopp-auf-der-bank","status":"publish","type":"post","link":"https:\/\/www.europesays.com\/de\/1271597\/","title":{"rendered":"Frankfurt\/Main | Kosicke bei L\u00e4nderspielen nicht neben Klopp auf der Bank"},"content":{"rendered":"<p>Frankfurt\/Main (dpa) &#8211; J\u00fcrgen Klopps Berater und enger Vertrauter Marc Kosicke hat sich gegen Kritik aus der Fu\u00dfball-Branche an seinem Engagement beim DFB verteidigt. Aus allen sportlichen Belangen der Nationalmannschaft werde er sich heraushalten, versicherte der 55-J\u00e4hrige.\u00a0<\/p>\n<p>\u00abJ\u00fcrgen hat mir augenzwinkernd die Bezeichnung AAF gegeben: Alles au\u00dfer Fu\u00dfball. Meine Aufgabe besteht darin, f\u00fcr J\u00fcrgen und sein Trainerteam die bestm\u00f6glichen Rahmenbedingungen zu schaffen\u00bb, sagte Kosicke in einem Interview der \u00abFrankfurter Rundschau\u00bb.\u00a0<\/p>\n<p>Bei den L\u00e4nderspielen werde er auch nicht neben Klopp auf der Ersatzbank sitzen. \u00abNein, da geh\u00f6re ich nicht hin\u00bb, sagte der langj\u00e4hrige Berater und Begleiter des neuen Bundestrainers, dem er freundschaftlich verbunden ist.\u00a0<\/p>\n<p>Assistent mit besonderen Aufgaben<\/p>\n<p>Klopp hatte Kosicke bei seiner DFB-Pr\u00e4sentation als seinen Co-Trainer f\u00fcr Strategie, Entwicklung und Innovation in seinem Stab vorgestellt. Kosicke sa\u00df dabei im Plenum. Auf das anschlie\u00dfende Foto mit der DFB-F\u00fchrung und Klopp wollte er nicht.\u00a0<\/p>\n<p>DFB-Pr\u00e4sident Bernd Neuendorf hatte ihm als \u00abexternem Berater\u00bb zugesichert, im DFB \u00abjeden Zugang\u00bb zu bekommen. Klopp und Kosicke habe es \u00abnur im Paket\u00bb gegeben, sagte der Verbandschef.\u00a0<\/p>\n<p>Das hatte Kritik ausgel\u00f6st. Als prominentester Zweifler hatte zuletzt Uli Hoene\u00df angemerkt, er wisse nicht, was die Konstruktion mit Kosicke beim DFB bezwecken solle. \u00abKlopp und Co. haben den DFB \u00fcbernommen, und das halte ich f\u00fcr falsch\u00bb, sagte der Ehrenpr\u00e4sident des FC Bayern M\u00fcnchen.\u00a0<\/p>\n<p>Kosicke trat dieser Meinung nun entgegen. \u00abEs geht nicht um eine \u00dcbernahme, es geht einfach darum, die richtigen Dinge zu tun. Dass wir gemeinsam mit den Menschen, die hier arbeiten und denen der Fu\u00dfball am Herzen liegt, das Optimale f\u00fcr die Nationalmannschaft und den deutschen Fu\u00dfball herausholen. Immer in einer demokratischen Diskussionskultur\u00bb, sagte er.<\/p>\n<p>Klopp: Diskussion in einem Jahr hinf\u00e4llig<\/p>\n<p>Auch Klopp hatte bereits auf die Debatte um Kosicke reagiert. \u00abIch bin mir sicher, wir werden in einem Jahr \u00fcber seine Rolle nicht mehr diskutieren, weil dann der Einfluss erkennbar sein wird\u00bb, sagte er als Stadiongast beim Bundesliga-Auftakt des FC Bayern gegen den VfB Stuttgart bei Sky.\u00a0<\/p>\n<p>Klopp befindet sich derzeit auf einer Tour bei mehreren Vereinen, um Gespr\u00e4che mit und \u00fcber seine potenziellen Spieler-Kandidaten zu f\u00fchren. Am Sonntag wurde er beim FC Bayern gesichtet. Seinen ersten Kader als Bundestrainer wird er am 17. September bekanntgeben.\u00a0<\/p>\n<p>Nach der WM-Entt\u00e4uschung mit dem Aus in der ersten K.o.-Runde gegen Paraguay und dem folgenden Abschied von Julian Nagelsmann als Bundestrainer startet die DFB-Elf am 24. September in den Niederlanden in die Nations League. Binnen zehn Tagen folgen noch die Partien in Augsburg gegen Griechenland, in M\u00fcnchen gegen Serbien und ausw\u00e4rts in Griechenland.<\/p>\n","protected":false},"excerpt":{"rendered":"Frankfurt\/Main (dpa) &#8211; J\u00fcrgen Klopps Berater und enger Vertrauter Marc Kosicke hat sich gegen Kritik aus der Fu\u00dfball-Branche&hellip;\n","protected":false},"author":2,"featured_media":1271598,"comment_status":"","ping_status":"","sticky":false,"template":"","format":"standard","meta":{"footnotes":"","_share_on_mastodon":"0"},"categories":[1829],"tags":[29,481,663,2050,2051,347,30,2052,10702],"class_list":["post-1271597","post","type-post","status-publish","format-standard","has-post-thumbnail","category-frankfurt-am-main","tag-deutschland","tag-dfb","tag-europa","tag-frankfurt","tag-frankfurt-am-main","tag-fussball","tag-germany","tag-hessen","tag-nationalmannschaft"],"share_on_mastodon":{"url":"https:\/\/pubeurope.com\/@de\/117189610598717125","error":""},"_links":{"self":[{"href":"https:\/\/www.europesays.com\/de\/wp-json\/wp\/v2\/posts\/1271597","targetHints":{"allow":["GET"]}}],"collection":[{"href":"https:\/\/www.europesays.com\/de\/wp-json\/wp\/v2\/posts"}],"about":[{"href":"https:\/\/www.europesays.com\/de\/wp-json\/wp\/v2\/types\/post"}],"author":[{"embeddable":true,"href":"https:\/\/www.europesays.com\/de\/wp-json\/wp\/v2\/users\/2"}],"replies":[{"embeddable":true,"href":"https:\/\/www.europesays.com\/de\/wp-json\/wp\/v2\/comments?post=1271597"}],"version-history":[{"count":0,"href":"https:\/\/www.europesays.com\/de\/wp-json\/wp\/v2\/posts\/1271597\/revisions"}],"wp:featuredmedia":[{"embeddable":true,"href":"https:\/\/www.europesays.com\/de\/wp-json\/wp\/v2\/media\/1271598"}],"wp:attachment":[{"href":"https:\/\/www.europesays.com\/de\/wp-json\/wp\/v2\/media?parent=1271597"}],"wp:term":[{"taxonomy":"category","embeddable":true,"href":"https:\/\/www.europesays.com\/de\/wp-json\/wp\/v2\/categories?post=1271597"},{"taxonomy":"post_tag","embeddable":true,"href":"https:\/\/www.europesays.com\/de\/wp-json\/wp\/v2\/tags?post=1271597"}],"curies":[{"name":"wp","href":"https:\/\/api.w.org\/{rel}","templated":true}]}}