{"id":1271599,"date":"2026-08-31T10:18:21","date_gmt":"2026-08-31T10:18:21","guid":{"rendered":"https:\/\/www.europesays.com\/de\/1271599\/"},"modified":"2026-08-31T10:18:21","modified_gmt":"2026-08-31T10:18:21","slug":"grosseinsatz-der-polizei-unbekannter-schiesst-auf-cafe-in-koeln-regional","status":"publish","type":"post","link":"https:\/\/www.europesays.com\/de\/1271599\/","title":{"rendered":"Gro\u00dfeinsatz der Polizei: Unbekannter schie\u00dft auf Caf\u00e9 in K\u00f6ln | Regional"},"content":{"rendered":"<p><a class=\"skip-content skip-content--link\" href=\"#in-content-skip-link-target-v-0-0\">TTS-Player \u00fcberspringen\u21b5<\/a><a id=\"in-content-skip-link-target-v-0-0\" class=\"skip-content--target-link-hidden skip-content skip-content--target-link\" href=\"#in-content-skip-link-target-v-0-0\">Artikel weiterlesen<\/a><\/p>\n<p>K\u00f6ln \u2013 <b>Ein Unbekannter feuerte am Montagmorgen mehrere Sch\u00fcsse auf ein t\u00fcrkisches Caf\u00e9 in der Bonner Stra\u00dfe ab. Die Polizei r\u00fcckte mit einem Gro\u00dfaufgebot an und sperrte das Gebiet weitr\u00e4umig ab. Die Beamten fanden mehrere Einschussl\u00f6cher und stellten Patronenh\u00fclsen sicher. Der T\u00e4ter ist auf der Flucht.<\/b><\/p>\n<p>Der Alarm ging am Montagmorgen ein. Zeugen hatten nach Angaben einer Polizeisprecherin mehrere Sch\u00fcsse geh\u00f6rt und gegen 7.30 Uhr den Notruf gew\u00e4hlt. <\/p>\n<p>Sch\u00fcsse auf t\u00fcrkisches Caf\u00e9<\/p>\n<p>Als die Beamten eintrafen, fanden sie mehrere Einschussl\u00f6cher. Auch Patronenh\u00fclsen wurden am Tatort entdeckt und sichergestellt. Die Polizei spricht insgesamt von vier Sch\u00fcssen. Nach BILD-Informationen wurden 9-mm-Patronen gefunden. Die <a href=\"https:\/\/www.bild.de\/regional\/aktuelles\/polizei\/polizeieinsatz-alle-infos-76681760.bild.html\" class=\"text-link\" rel=\"nofollow noopener\" target=\"_blank\">Polizei<\/a> r\u00fcckte mit zahlreichen Kr\u00e4ften an. Nach Angaben einer Zeugin waren auch Polizeihunde vor Ort. Die Einsatzkr\u00e4fte sperrten den Tatort gro\u00dfr\u00e4umig ab. <\/p>\n<p><img decoding=\"async\" width=\"992\" height=\"558\" alt=\"In K\u00f6ln fielen am Montagmorgen mehrere Sch\u00fcsse auf ein t\u00fcrkisches Caf\u00e9\" loading=\"lazy\" src=\"https:\/\/www.europesays.com\/de\/wp-content\/uploads\/2026\/08\/5278793bc5e80e42ac7c9cacb97e3d02,a2574cd7.jpeg\"   class=\"landscape\"\/><\/p>\n<p class=\"fig__caption__text\">In K\u00f6ln fielen am Montagmorgen mehrere Sch\u00fcsse auf ein t\u00fcrkisches Caf\u00e9 <\/p>\n<p>Foto: Mario J\u00fcngling\/BILD<\/p>\n<p><img decoding=\"async\" width=\"992\" height=\"558\" alt=\"Die Spurensicherung untersuchte den Tatort in der Bonner Stra\u00dfe\" loading=\"lazy\" src=\"https:\/\/www.europesays.com\/de\/wp-content\/uploads\/2026\/08\/c9ee5426068c0e71bb3710fd245b016a,dca55412.jpeg\"   class=\"landscape\"\/><\/p>\n<p class=\"fig__caption__text\">Die Spurensicherung untersuchte den Tatort in der Bonner Stra\u00dfe<\/p>\n<p>Foto: Mario J\u00fcngling\/BILD<\/p>\n<p>T\u00e4ter auf der Flucht<\/p>\n<p>Verletzte gab es nicht, so ein Polizeisprecher. Laut Augenzeugen fl\u00fcchtete ein schwarz gekleideter, etwa 1,70 Meter gro\u00dfer Mann vom Tatort. Er soll von der gegen\u00fcberliegenden Stra\u00dfenseite auf das Caf\u00e9 gefeuert haben.<\/p>\n<p>In <a href=\"https:\/\/www.bild.de\/regional\/koeln\/koeln-regional\/home-16344378.bild.html\" class=\"text-link\" rel=\"nofollow noopener\" target=\"_blank\">K\u00f6ln<\/a> und Umgebung waren bereits in den Tagen zuvor weitere Sch\u00fcsse gemeldet worden. Erst gestern hatten zwei Unbekannte auf ein Einfamilienhaus in Erftstadt-K\u00f6ttingen bei K\u00f6ln geschossen. Mehrere Kugeln trafen das Haus, ein davor geparktes Auto und ein Nachbarhaus. <\/p>\n<p>Mehr zum Thema<\/p>\n<p>Am 21. August hatten Unbekannte auf ein Juweliergesch\u00e4ft in K\u00f6ln-M\u00fclheim geschossen. Wenige Tage sp\u00e4ter fielen Sch\u00fcsse an einem Wohnhaus in K\u00f6ln-Vingst. Die Polizei pr\u00fcft aktuell, ob die F\u00e4lle zusammenh\u00e4ngen.<\/p>\n","protected":false},"excerpt":{"rendered":"TTS-Player \u00fcberspringen\u21b5Artikel weiterlesen K\u00f6ln \u2013 Ein Unbekannter feuerte am Montagmorgen mehrere Sch\u00fcsse auf ein t\u00fcrkisches Caf\u00e9 in der&hellip;\n","protected":false},"author":2,"featured_media":1271600,"comment_status":"","ping_status":"","sticky":false,"template":"","format":"standard","meta":{"footnotes":"","_share_on_mastodon":"0"},"categories":[1828],"tags":[1737,29,1736,30,1420,1209,121,16039,5995,9115,138370],"class_list":["post-1271599","post","type-post","status-publish","format-standard","has-post-thumbnail","category-koeln","tag-breaking-news","tag-deutschland","tag-fb-instantarticles","tag-germany","tag-koeln","tag-nordrhein-westfalen","tag-polizei","tag-polizeiliche-massnahmen","tag-schiesserei","tag-schusswaffen","tag-team-first"],"share_on_mastodon":{"url":"https:\/\/pubeurope.com\/@de\/117189617606281754","error":""},"_links":{"self":[{"href":"https:\/\/www.europesays.com\/de\/wp-json\/wp\/v2\/posts\/1271599","targetHints":{"allow":["GET"]}}],"collection":[{"href":"https:\/\/www.europesays.com\/de\/wp-json\/wp\/v2\/posts"}],"about":[{"href":"https:\/\/www.europesays.com\/de\/wp-json\/wp\/v2\/types\/post"}],"author":[{"embeddable":true,"href":"https:\/\/www.europesays.com\/de\/wp-json\/wp\/v2\/users\/2"}],"replies":[{"embeddable":true,"href":"https:\/\/www.europesays.com\/de\/wp-json\/wp\/v2\/comments?post=1271599"}],"version-history":[{"count":0,"href":"https:\/\/www.europesays.com\/de\/wp-json\/wp\/v2\/posts\/1271599\/revisions"}],"wp:featuredmedia":[{"embeddable":true,"href":"https:\/\/www.europesays.com\/de\/wp-json\/wp\/v2\/media\/1271600"}],"wp:attachment":[{"href":"https:\/\/www.europesays.com\/de\/wp-json\/wp\/v2\/media?parent=1271599"}],"wp:term":[{"taxonomy":"category","embeddable":true,"href":"https:\/\/www.europesays.com\/de\/wp-json\/wp\/v2\/categories?post=1271599"},{"taxonomy":"post_tag","embeddable":true,"href":"https:\/\/www.europesays.com\/de\/wp-json\/wp\/v2\/tags?post=1271599"}],"curies":[{"name":"wp","href":"https:\/\/api.w.org\/{rel}","templated":true}]}}