{"id":1271613,"date":"2026-08-31T10:26:16","date_gmt":"2026-08-31T10:26:16","guid":{"rendered":"https:\/\/www.europesays.com\/de\/1271613\/"},"modified":"2026-08-31T10:26:16","modified_gmt":"2026-08-31T10:26:16","slug":"umfrage-zur-berlin-wahl-dreikampf-ums-abgeordnetenhaus-zeichnet-sich-ab","status":"publish","type":"post","link":"https:\/\/www.europesays.com\/de\/1271613\/","title":{"rendered":"Umfrage zur Berlin-Wahl: Dreikampf ums Abgeordnetenhaus zeichnet sich ab"},"content":{"rendered":"<p>Wahl zum Abgeordnetenhaus in Berlin <\/p>\n<p>Neue Umfrage deutet knappes Rennen an \u2013 drei Parteien im Fokus<\/p>\n<p>Von dpa, reuters, afp, t-online, <a href=\"https:\/\/www.t-online.de\/author\/id_100564812\/mark-stoffers.html\" class=\"transition-colors cursor-pointer no-underline md:hover:text-magenta md:focus:text-magenta text-inherit\" rel=\"nofollow noopener\" target=\"_blank\">MST<\/a><\/p>\n<p>Aktualisiert am 31.08.2026 &#8211; 11:53 UhrLesedauer: 4 Min.<\/p>\n<p><a href=\"#focus-0\" class=\"transition-colors block text-current relative\" data-sctrack=\"FocusGalleryImage.Reference\"><img fetchpriority=\"high\" data-testid=\"Opener.Image\"   loading=\"eager\" src=\"https:\/\/www.europesays.com\/de\/wp-content\/uploads\/2026\/08\/1785957142_13_image.jpg\" alt=\"urn:newsml:dpa.com:20090101:260724-935-1500366\" title=\"urn:newsml:dpa.com:20090101:260724-935-1500366\" width=\"726\" height=\"409\" class=\"bg-[url:var(--lqipURL)] bg-cover bg-center flex h-full w-full max-w-full\" style=\"--lqipURL:url('https:\/\/images.t-online.de\/2026\/07\/wOhTCsmtwqUJ\/37x110:726x409\/fit-in\/150x0\/filters:blur(25)\/image.jpg')\" decoding=\"async\"\/><img loading=\"lazy\" src=\"https:\/\/www.t-online.de\/s\/paper\/_next\/static\/media\/zoom-in.f7dae02f.svg\" alt=\"Vergr\u00f6\u00dfern des Bildes\" title=\"Vergr\u00f6\u00dfern des Bildes\" class=\"block h-[calc(var(--height)_\/_16_*_1rem)] w-[calc(var(--width)_\/_16_*_1rem)] max-w-none absolute right-8 bottom-8 rounded-4 bg-snow p-8\" style=\"--width:32;--height:32\" decoding=\"async\"\/><\/a><\/p>\n<p>Im September wird das Berliner Abgeordnetenhaus neu gew\u00e4hlt. (Archivbild) (Quelle: dpa\/Wolfgang Kumm)<\/p>\n<p><img loading=\"lazy\" src=\"https:\/\/www.t-online.de\/s\/paper\/_next\/static\/media\/audio-volume.6689034c.svg\" alt=\"\" title=\"\" class=\"block h-[calc(var(--height)_\/_16_*_1rem)] w-[calc(var(--width)_\/_16_*_1rem)] max-w-none group-hover:brightness-0 group-hover:invert\" style=\"--width:16;--height:16\" decoding=\"async\"\/>Vorlesen<\/p>\n<p>Aktuelle Zeit:0:00Gesamtdauer:0:00<\/p>\n<p>1x<img loading=\"lazy\" src=\"https:\/\/www.t-online.de\/s\/paper\/_next\/static\/media\/font-sizes.32942e33.svg\" alt=\"\" title=\"\" class=\"block h-[calc(var(--height)_\/_16_*_1rem)] w-[calc(var(--width)_\/_16_*_1rem)] max-w-none group-hover:hidden group-aria-expanded:hidden\" style=\"--width:16;--height:16\" decoding=\"async\"\/><img loading=\"lazy\" src=\"https:\/\/www.t-online.de\/s\/paper\/_next\/static\/media\/font-sizes-dark-mode.e382645c.svg\" alt=\"\" title=\"\" class=\"block h-[calc(var(--height)_\/_16_*_1rem)] w-[calc(var(--width)_\/_16_*_1rem)] max-w-none hidden group-hover:block group-aria-expanded:block\" style=\"--width:16;--height:16\" decoding=\"async\"\/><img loading=\"lazy\" src=\"https:\/\/www.t-online.de\/s\/paper\/_next\/static\/media\/sharing-menu-icon.1eb71368.svg\" alt=\"\" title=\"\" class=\"block h-[calc(var(--height)_\/_16_*_1rem)] w-[calc(var(--width)_\/_16_*_1rem)] max-w-none group-hover:brightness-0 group-hover:invert\" style=\"--width:16;--height:16\" decoding=\"async\"\/>Artikel teilen<\/p>\n<p class=\"font-bold text-18 leading-17 user-text-lg:text-22 user-text-xl:text-24\">Die Wahl zum Berliner Abgeordnetenhaus im September wird mit Spannung erwartet. Die Umfragen deuten ein enges Rennen an.<\/p>\n<p class=\"text-18 leading-17 user-text-lg:text-22 user-text-xl:text-24\">Die <a href=\"https:\/\/www.t-online.de\/themen\/abgeordnetenhauswahl-berlin\/\" class=\"transition-colors cursor-pointer no-underline md:hover:text-magenta md:focus:text-magenta border-b border-solid border-current text-salemsfur md:hover:border-magenta\" data-tracking=\"{&quot;action&quot;:&quot;click&quot;,&quot;category&quot;:&quot;intextLink&quot;,&quot;label&quot;:&quot;\/themen\/abgeordnetenhauswahl-berlin\/&quot;}\" data-sctrack=\"BodyAnchor\" rel=\"nofollow noopener\" target=\"_blank\">Wahl zum 20. Abgeordnetenhaus von Berlin<\/a> findet am 20. September 2026 statt. Bei der Berlin-Wahl wird das Parlament \u2013 die gesetzgebende Volksvertretung \u2013 der Hauptstadt gew\u00e4hlt. Das Abgeordnetenhaus hat mindestens 130 Mitglieder. Von ihnen werden in den Wahlkreisen 78 Mitglieder direkt gew\u00e4hlt. F\u00fcr die Kandidaten sind die Erststimmen im Wahlkreis entscheidend.<\/p>\n<p class=\"text-18 leading-17 user-text-lg:text-22 user-text-xl:text-24\">Die \u00fcbrigen Abgeordneten werden \u00fcber die Listen der Parteien und deren Anteile an den Zweitstimmen bestimmt. Durch die \u00dcberhang- oder Ausgleichsmandate der Parteien variiert die Anzahl der Abgeordneten nach jeder Berlin-Wahl. Derzeit kommt das Abgeordnetenhaus auf 159 Mitglieder.<\/p>\n<p class=\"text-18 leading-17 user-text-lg:text-22 user-text-xl:text-24\">Nach Angaben der Berliner Landeszentrale f\u00fcr politische Bildung darf jede Person ihre Stimme bei der Berlin-Wahl abgeben, die am Wahltag die deutsche Staatsb\u00fcrgerschaft hat. Weiterhin muss sie mindestens 16 Jahre alt sein und seit mindestens drei Monaten den Wohnsitz in <a href=\"https:\/\/berlin.t-online.de\/region\/berlin\/\" class=\"transition-colors cursor-pointer no-underline md:hover:text-magenta md:focus:text-magenta border-b border-solid border-current text-salemsfur md:hover:border-magenta\" data-tracking=\"{&quot;action&quot;:&quot;click&quot;,&quot;category&quot;:&quot;intextLink&quot;,&quot;label&quot;:&quot;https:\/\/berlin.t-online.de\/region\/berlin\/&quot;}\" data-sctrack=\"BodyAnchor\" rel=\"nofollow noopener\" target=\"_blank\">Berlin<\/a> haben oder sich f\u00fcr gew\u00f6hnlich in Berlin aufhalten.<\/p>\n<p>Wahlumfragen in Berlin bilden Trend und keine Prognose ab<\/p>\n<p class=\"text-18 leading-17 user-text-lg:text-22 user-text-xl:text-24\">Die Umfragen vor der Wahl zum Abgeordnetenhaus in Berlin geben zum Zeitpunkt der Erhebung nur Aufschluss dar\u00fcber, welche Tendenz sich f\u00fcr die Berlin-Wahl 2026 abzeichnet. Eine genaue Prognose im Hinblick auf den Ausgang der Abgeordnetenhauswahl stellen die Wahlumfragen allerdings nicht dar.<\/p>\n<p class=\"text-18 leading-17 user-text-lg:text-22 user-text-xl:text-24\">Vielmehr sind die Umfragen vor der Berlin-Wahl eine Momentaufnahme, die zeigt, wie die Parteien bei den Themen punkten, die zum Zeitpunkt der Wahlumfrage die politische Debatte bestimmt haben.<\/p>\n<ul class=\"text-18 leading-17 block pl-24 *:pb-16 *:before:inline-block *:before:size-8 *:before:bg-magenta *:before:mt-0 *:before:mr-12 *:before:mb-2 *:before:-ml-[20px]\">\n<li><strong class=\"font-bold\">Enteignungsdebatte:<\/strong> <a href=\"https:\/\/www.t-online.de\/finanzen\/ratgeber\/immobilien\/immobilienrecht\/id_101397042\/enteignungsdebatte-diese-46-milliarden-frage-entscheidet-die-berlin-wahl.html\" class=\"transition-colors cursor-pointer no-underline md:hover:text-magenta md:focus:text-magenta border-b border-solid border-current text-salemsfur md:hover:border-magenta\" data-tracking=\"{&quot;action&quot;:&quot;click&quot;,&quot;category&quot;:&quot;intextLink&quot;,&quot;label&quot;:&quot;\/finanzen\/ratgeber\/immobilien\/immobilienrecht\/id_101397042\/enteignungsdebatte-diese-46-milliarden-frage-entscheidet-die-berlin-wahl.html&quot;}\" data-sctrack=\"BodyAnchor\" rel=\"nofollow noopener\" target=\"_blank\">Diese 46-Milliarden-Frage entscheidet die Berlin-Wahl<\/a><\/li>\n<\/ul>\n<p>Umfragen f\u00fcr die Berlin-Wahl 2026 im \u00dcberblick<\/p>\n<p class=\"text-18 leading-17 user-text-lg:text-22 user-text-xl:text-24\">Vor der Abgeordnetenhauswahl in Berlin werden zahlreiche Umfrageergebnisse ver\u00f6ffentlicht \u2013 h\u00e4ufig zu den Parteien oder Spitzenkandidaten. Laut einer neuen <a href=\"https:\/\/www.t-online.de\/themen\/umfragen\/\" class=\"transition-colors cursor-pointer no-underline md:hover:text-magenta md:focus:text-magenta border-b border-solid border-current text-salemsfur md:hover:border-magenta\" data-tracking=\"{&quot;action&quot;:&quot;click&quot;,&quot;category&quot;:&quot;intextLink&quot;,&quot;label&quot;:&quot;\/themen\/umfragen\/&quot;}\" data-sctrack=\"BodyAnchor\" rel=\"nofollow noopener\" target=\"_blank\">Umfrage<\/a> vor der Berlin-Wahl 2026 k\u00f6nnte sich ein Dreikampf um das Abgeordnetenhaus abzeichnen.<\/p>\n<p class=\"text-18 leading-17 user-text-lg:text-22 user-text-xl:text-24\">Das geht aus den Umfrageergebnissen des Meinungsforschungsinstituts Civey hervor, das die neue Erhebung im Auftrag des &#8222;Tagesspiegel&#8220; f\u00fcr den 31. August durchgef\u00fchrt hat.<\/p>\n<p>Neue Umfrage zur Abgeordnetenhauswahl in Berlin<\/p>\n<p class=\"text-18 leading-17 user-text-lg:text-22 user-text-xl:text-24\">Laut der <a href=\"https:\/\/berlin.t-online.de\/region\/berlin\/id_101412676\/berlin-wahl-2026-enges-rennen-an-der-spitze-linke-knapp-vor-cdu-und-afd.html\" class=\"transition-colors cursor-pointer no-underline md:hover:text-magenta md:focus:text-magenta border-b border-solid border-current text-salemsfur md:hover:border-magenta\" data-tracking=\"{&quot;action&quot;:&quot;click&quot;,&quot;category&quot;:&quot;intextLink&quot;,&quot;label&quot;:&quot;https:\/\/berlin.t-online.de\/region\/berlin\/id_101412676\/berlin-wahl-2026-enges-rennen-an-der-spitze-linke-knapp-vor-cdu-und-afd.html&quot;}\" data-sctrack=\"BodyAnchor\" rel=\"nofollow noopener\" target=\"_blank\">neuen Umfrage zur Wahl in Berlin<\/a> f\u00fchrt die Linke mit 20 Prozent knapp vor der <a href=\"https:\/\/www.t-online.de\/themen\/cdu\/\" class=\"transition-colors cursor-pointer no-underline md:hover:text-magenta md:focus:text-magenta border-b border-solid border-current text-salemsfur md:hover:border-magenta\" data-tracking=\"{&quot;action&quot;:&quot;click&quot;,&quot;category&quot;:&quot;intextLink&quot;,&quot;label&quot;:&quot;\/themen\/cdu\/&quot;}\" data-sctrack=\"BodyAnchor\" rel=\"nofollow noopener\" target=\"_blank\">CDU<\/a> mit 19 Prozent und der <a href=\"https:\/\/www.t-online.de\/themen\/alternative-fuer-deutschland\/\" class=\"transition-colors cursor-pointer no-underline md:hover:text-magenta md:focus:text-magenta border-b border-solid border-current text-salemsfur md:hover:border-magenta\" data-tracking=\"{&quot;action&quot;:&quot;click&quot;,&quot;category&quot;:&quot;intextLink&quot;,&quot;label&quot;:&quot;\/themen\/alternative-fuer-deutschland\/&quot;}\" data-sctrack=\"BodyAnchor\" rel=\"nofollow noopener\" target=\"_blank\">AfD<\/a> mit 18 Prozent. Die viertst\u00e4rkste Kraft w\u00e4ren der Umfrage zufolge die Gr\u00fcnen mit 15 Prozent. 13 Prozent erh\u00e4lt die <a href=\"https:\/\/www.t-online.de\/themen\/spd\/\" class=\"transition-colors cursor-pointer no-underline md:hover:text-magenta md:focus:text-magenta border-b border-solid border-current text-salemsfur md:hover:border-magenta\" data-tracking=\"{&quot;action&quot;:&quot;click&quot;,&quot;category&quot;:&quot;intextLink&quot;,&quot;label&quot;:&quot;\/themen\/spd\/&quot;}\" data-sctrack=\"BodyAnchor\" rel=\"nofollow noopener\" target=\"_blank\">SPD<\/a>.<\/p>\n","protected":false},"excerpt":{"rendered":"Wahl zum Abgeordnetenhaus in Berlin Neue Umfrage deutet knappes Rennen an \u2013 drei Parteien im Fokus Von dpa,&hellip;\n","protected":false},"author":2,"featured_media":1217739,"comment_status":"","ping_status":"","sticky":false,"template":"","format":"standard","meta":{"footnotes":"","_share_on_mastodon":"0"},"categories":[1825],"tags":[85992,326,9071,9943,186,1941,1939,296,1937,64594,13871,31,75656,29,122559,187,27533,30,90426,1940,1938,184,44707,226,8635,4649,54580],"class_list":["post-1271613","post","type-post","status-publish","format-standard","has-post-thumbnail","category-berlin","tag-wahl-o-mat","tag-326","tag-abgeordnetenhaus","tag-abgeordnetenhauswahl","tag-afd","tag-aktuelle-nachrichten-aus-berlin","tag-aktuelle-news-aus-berlin","tag-berlin","tag-berlin-news","tag-berlin-wahl","tag-buendnis-sahra-wagenknecht","tag-cdu","tag-civey","tag-deutschland","tag-elif-eralp","tag-fdp","tag-forsa","tag-germany","tag-landeszentrale-fuer-politische-bildung","tag-nachrichten-aus-berlin","tag-news-aus-berlin","tag-spd","tag-stefan-evers","tag-t-online","tag-tagesspiegel","tag-umfrage","tag-wahlumfrage"],"share_on_mastodon":{"url":"https:\/\/pubeurope.com\/@de\/117189649317404588","error":""},"_links":{"self":[{"href":"https:\/\/www.europesays.com\/de\/wp-json\/wp\/v2\/posts\/1271613","targetHints":{"allow":["GET"]}}],"collection":[{"href":"https:\/\/www.europesays.com\/de\/wp-json\/wp\/v2\/posts"}],"about":[{"href":"https:\/\/www.europesays.com\/de\/wp-json\/wp\/v2\/types\/post"}],"author":[{"embeddable":true,"href":"https:\/\/www.europesays.com\/de\/wp-json\/wp\/v2\/users\/2"}],"replies":[{"embeddable":true,"href":"https:\/\/www.europesays.com\/de\/wp-json\/wp\/v2\/comments?post=1271613"}],"version-history":[{"count":0,"href":"https:\/\/www.europesays.com\/de\/wp-json\/wp\/v2\/posts\/1271613\/revisions"}],"wp:featuredmedia":[{"embeddable":true,"href":"https:\/\/www.europesays.com\/de\/wp-json\/wp\/v2\/media\/1217739"}],"wp:attachment":[{"href":"https:\/\/www.europesays.com\/de\/wp-json\/wp\/v2\/media?parent=1271613"}],"wp:term":[{"taxonomy":"category","embeddable":true,"href":"https:\/\/www.europesays.com\/de\/wp-json\/wp\/v2\/categories?post=1271613"},{"taxonomy":"post_tag","embeddable":true,"href":"https:\/\/www.europesays.com\/de\/wp-json\/wp\/v2\/tags?post=1271613"}],"curies":[{"name":"wp","href":"https:\/\/api.w.org\/{rel}","templated":true}]}}