{"id":1271618,"date":"2026-08-31T10:30:25","date_gmt":"2026-08-31T10:30:25","guid":{"rendered":"https:\/\/www.europesays.com\/de\/1271618\/"},"modified":"2026-08-31T10:30:25","modified_gmt":"2026-08-31T10:30:25","slug":"basketball-wm-in-berlin-prosieben-zeigt-das-eroeffnungsspiel-deutschland-spanien-am","status":"publish","type":"post","link":"https:\/\/www.europesays.com\/de\/1271618\/","title":{"rendered":"Basketball-WM in Berlin: ProSieben zeigt das Er\u00f6ffnungsspiel Deutschland &#8211; Spanien am &#8230;"},"content":{"rendered":"<p class=\"date\">31.08.2026 \u2013 12:00<\/p>\n<p class=\"customer\">\n                        <a class=\"story-customer\" title=\"weiter zum newsroom von ProSieben\" href=\"https:\/\/www.presseportal.de\/nr\/25171\" rel=\"nofollow noopener\" target=\"_blank\">ProSieben<\/a>\n                    <\/p>\n<p><a class=\"glightbox event-trigger\" href=\"https:\/\/cache.pressmailing.net\/thumbnail\/story_hires\/da877ce8-3bba-41cd-bcc4-eab06033d0fc\/ran_Basketball_3437581.jpg.jpg\" data-description=\"Titel: ran Basketball: FIBA Women&#039;s World Cup 2026;&#010;Staffel: 2026;&#010;Person: Matthias Killing; Sonja Greinacher; Christoph &quot;Icke&quot; Dommisch;&#010;Copyright: Joyn\/Tim L\u00f6bbert;&#010;Fotograf: Tim L\u00f6bbert;&#010;Bildredakteur: Clarissa Schreiner;&#010;Dateiname: 3437581.tif;&#010;Rechtehinweis: Dieses Bild darf honorarfrei f\u00fcr redaktionelle Zwecke und nur im Rahmen der Programmank\u00fcndigung verwendet werden. Andere Ver\u00f6ffentlichungen sind nur nach R\u00fccksprache und ausdr\u00fccklicher Genehmigung der Seven.One Entertainment Group GmbH m\u00f6glich. Nicht f\u00fcr EPG! Verwendung nur mit vollst\u00e4ndigem Copyrightvermerk. Das Foto darf nicht ver\u00e4ndert, bearbeitet und nur im Ganzen verwendet werden. Es darf nicht archiviert werden. Es darf nicht an Dritte weitergeleitet werden. Aneinanderreihung\/Zusammenlegung\/Kopplung von Bildern zum Zweck der Erstellung von Slide-Shows o.\u00e4. nicht gestattet; Verbindung\/Einf\u00fcgen\/Anf\u00fcgen von Werbung nicht gestattet. Das Bild kann KI generierte Elemente enthalten.&#010;Bei Fragen: foto@seven.one&#010;Voraussetzung f\u00fcr die Verwendung dieser Programmdaten ist die Zustimmung zu den Allgemeinen Gesch\u00e4ftsbedingungen der Presselounges der Sender der Seven.One Entertainment Group GmbH. \/ Weiterer Text \u00fcber ots und www.presseportal.de\/nr\/25171 \/ Die Verwendung dieses Bildes f\u00fcr redaktionelle Zwecke ist unter Beachtung aller mitgeteilten Nutzungsbedingungen zul\u00e4ssig und dann auch honorarfrei. Ver\u00f6ffentlichung ausschlie\u00dflich mit Bildrechte-Hinweis.\" data-category=\"medialightbox\" data-action=\"click\" data-label=\"single\" data-value=\"6a9550a6270000fd2cbe890a\" rel=\"nofollow noopener\" target=\"_blank\"><img decoding=\"async\" height=\"540\" with=\"720\" src=\"https:\/\/www.europesays.com\/de\/wp-content\/uploads\/2026\/08\/basketball-wm-in-berlin-prosieben-zeigt-das-er-ffnungsspiel-deutschland-spanien-am-freitag.jpeg\"   alt=\"Basketball-WM in Berlin: ProSieben zeigt das Er\u00f6ffnungsspiel Deutschland - Spanien am Freitag\" class=\"single\"\/><\/a><\/p>\n<p><a data-category=\"citylink-story-view\" data-action=\"click\" data-label=\"Citylink in Meldungsansicht\" class=\"story-city event-trigger\" href=\"https:\/\/www.presseportal.de\/regional\/Unterf%F6hring\" title=\"News aus Unterf\u00f6hring \" rel=\"nofollow noopener\" target=\"_blank\">Unterf\u00f6hring<\/a> (ots)<\/p>\n<p>Die Basketball-Welt blickt nach Berlin. ProSieben bietet die gro\u00dfe B\u00fchne! Am Freitag, 4. September, trifft Deutschland im Er\u00f6ffnungsspiel der FIBA Basketball-WM der Frauen 2026 in der Berliner Uber Arena auf Spanien. ProSieben \u00fcbertr\u00e4gt das erste Spiel der DBB-Damen ab 17:00 Uhr live, der Tip-Off folgt um 17:45 Uhr. Vor Ort berichtet das hochkar\u00e4tige &#8222;ran Basketball&#8220;-Team: Moderator Christoph &#8222;Icke&#8220; Dommisch, Olympiasiegerin und Expertin Sonja Greinacher und Kommentator Matthias Killing begleiten die Heim-Weltmeisterschaft. Zum Auftaktspiel erg\u00e4nzen Rekordnationalspieler Patrick Femerling und Field-Reporterin Andrea Kaiser die Expertenrunde.<\/p>\n<p><b>Sonja Greinacher<\/b>: &#8222;H\u00e4tte mir vor einigen Jahren jemand gesagt, dass die Spiele der Nationalmannschaft frei empfangbar \u00fcbertragen werden, h\u00e4tte ich es wahrscheinlich nicht geglaubt. Dass ProSieben und ProSieben MAXX nun die deutschen WM-Spiele live zeigen, ist riesig. Damit erreicht der Frauenbasketball auch Menschen, die bisher nur wenige Ber\u00fchrungspunkte mit diesem Sport hatten.&#8220;<\/p>\n<p><b>Matthias Killing<\/b>: &#8222;Eine Heim-WM ist f\u00fcr jede Sportlerin und jeden Sportler etwas ganz Besonderes. Wenn dann zum Auftakt eine volle Arena wartet und ganz Deutschland zuschaut, ist das schon ein G\u00e4nsehautmoment. Wir wollen diese Energie aus Berlin direkt ins Wohnzimmer bringen. Uns erwartet gro\u00dfer Sport!&#8220;<\/p>\n<p><b>Christoph &#8222;Icke&#8220; Dommisch<\/b>: &#8222;Basketball hat alles, was ProSieben verk\u00f6rpert: Emotionen, gro\u00dfe Pers\u00f6nlichkeiten und jede Menge spektakul\u00e4re Momente. Jetzt kommt die Weltmeisterschaft in unsere Hauptstadt und wir sind live dabei! Wir zeigen den Zuschauern nicht nur die Spiele, sondern wollen sie mit ins Basketball-Fieber ziehen.&#8220;<\/p>\n<p><b>Das Er\u00f6ffnungsspiel der Basketball-WM 2026 Deutschland &#8211; Spanien, 4. September ab 17:00 Uhr, live auf ProSieben. ProSieben MAXX \u00fcbertr\u00e4gt alle weiteren Spiele der deutschen Nationalmannschaft. <\/b><\/p>\n<p><b>Die Gruppenspiele der Heim-WM live auf ProSieben, ProSieben MAXX und auf Joyn:<\/b><\/p>\n<p>4. September, 17:00 Uhr: Deutschland &#8211; Spanien<\/p>\n<p>5. September, 17:15 Uhr: Deutschland &#8211; Japan<\/p>\n<p>7. September, 17:15 Uhr: Deutschland &#8211; Mali<\/p>\n<p><b>Pressekontakt:<\/b><\/p>\n<p>Hendrik H\u00fcbner<\/p>\n<p>Content Communications<\/p>\n<p>phone: +49 (0) 89 95 07 &#8211; 1176<\/p>\n<p>email: <a href=\"https:\/\/www.presseportal.de\/pm\/25171\/mailto:hendrik.huebner@seven.one\" class=\"uri-mailto\" rel=\"nofollow noopener\" target=\"_blank\">hendrik.huebner@seven.one<\/a><\/p>\n<p>Photo Production &amp; Editing<\/p>\n<p>Clarissa Schreiner<\/p>\n<p>email: <a href=\"https:\/\/www.presseportal.de\/pm\/25171\/mailto:clarissa.schreiner@seven.one\" class=\"uri-mailto\" rel=\"nofollow noopener\" target=\"_blank\">clarissa.schreiner@seven.one<\/a><\/p>\n<p><b>ProSieben<\/b><\/p>\n<p>Ein Unternehmen der Seven.One Entertainment Group<\/p>\n<p class=\"originator\">Original-Content von: ProSieben, \u00fcbermittelt durch news aktuell<\/p>\n","protected":false},"excerpt":{"rendered":"31.08.2026 \u2013 12:00 ProSieben Unterf\u00f6hring (ots) Die Basketball-Welt blickt nach Berlin. ProSieben bietet die gro\u00dfe B\u00fchne! Am Freitag,&hellip;\n","protected":false},"author":2,"featured_media":1271619,"comment_status":"","ping_status":"","sticky":false,"template":"","format":"standard","meta":{"footnotes":"","_share_on_mastodon":"0"},"categories":[1825],"tags":[296,3477,29,441,2507,30,62,178,180,179,181,265,6406,215],"class_list":["post-1271618","post","type-post","status-publish","format-standard","has-post-thumbnail","category-berlin","tag-berlin","tag-bild","tag-deutschland","tag-fernsehen","tag-freizeit","tag-germany","tag-medien","tag-presse","tag-pressemeldung","tag-pressemitteilung","tag-pressemitteilungen","tag-sport","tag-tv-ausblick","tag-unterhaltung"],"share_on_mastodon":{"url":"https:\/\/pubeurope.com\/@de\/117189663627795714","error":""},"_links":{"self":[{"href":"https:\/\/www.europesays.com\/de\/wp-json\/wp\/v2\/posts\/1271618","targetHints":{"allow":["GET"]}}],"collection":[{"href":"https:\/\/www.europesays.com\/de\/wp-json\/wp\/v2\/posts"}],"about":[{"href":"https:\/\/www.europesays.com\/de\/wp-json\/wp\/v2\/types\/post"}],"author":[{"embeddable":true,"href":"https:\/\/www.europesays.com\/de\/wp-json\/wp\/v2\/users\/2"}],"replies":[{"embeddable":true,"href":"https:\/\/www.europesays.com\/de\/wp-json\/wp\/v2\/comments?post=1271618"}],"version-history":[{"count":0,"href":"https:\/\/www.europesays.com\/de\/wp-json\/wp\/v2\/posts\/1271618\/revisions"}],"wp:featuredmedia":[{"embeddable":true,"href":"https:\/\/www.europesays.com\/de\/wp-json\/wp\/v2\/media\/1271619"}],"wp:attachment":[{"href":"https:\/\/www.europesays.com\/de\/wp-json\/wp\/v2\/media?parent=1271618"}],"wp:term":[{"taxonomy":"category","embeddable":true,"href":"https:\/\/www.europesays.com\/de\/wp-json\/wp\/v2\/categories?post=1271618"},{"taxonomy":"post_tag","embeddable":true,"href":"https:\/\/www.europesays.com\/de\/wp-json\/wp\/v2\/tags?post=1271618"}],"curies":[{"name":"wp","href":"https:\/\/api.w.org\/{rel}","templated":true}]}}