{"id":1271622,"date":"2026-08-31T10:34:17","date_gmt":"2026-08-31T10:34:17","guid":{"rendered":"https:\/\/www.europesays.com\/de\/1271622\/"},"modified":"2026-08-31T10:34:17","modified_gmt":"2026-08-31T10:34:17","slug":"ricarda-lang-die-alte-will-doch-kein-schwein-sehen","status":"publish","type":"post","link":"https:\/\/www.europesays.com\/de\/1271622\/","title":{"rendered":"Ricarda Lang: \u201eDie Alte will doch kein Schwein sehen\u201c"},"content":{"rendered":"<p class=\"is-first-paragraph\" data-external=\"Article.FirstParagraph\">Ricarda Lang bietet ihren Gegnern Hilfestellung. \u201eBoah, die Alte will doch kein Schwein sehen. Warum werden mir solche Videos angezeigt?\u201c, imitierte sie in einem Instagram-Video deren Unmut \u00fcber die Social-Media-Posts der ehemaligen Gr\u00fcnen-Vorsitzenden. \u201eIch sehe immer wieder solche Kommentare und als Serviceabgeordnete will ich euch das Leben leichter machen\u201c, f\u00fchrte sie aus. \u201eDeshalb dachte ich, ich gebe mal ein paar Tipps, wie man solche Videos vermeidet.\u201c<\/p>\n<p>\u201eBei Menschen, die ihr nicht m\u00f6gt oder f\u00fcr die ihr euch nicht interessiert, m\u00fcsst ihr euch gar nicht deren Inhalte anschauen\u201c, erkl\u00e4rte sie weiter. \u201eVerr\u00fcckt \u2013 ich wei\u00df.\u201c Zum einen w\u00fcrden jenen Nutzern mehr Beitr\u00e4ge eines Accounts angezeigt, die unter fr\u00fcheren Posts einen Kommentar hinterlassen haben. \u201eWenn ihr weniger Videos von Ricarda Lang sehen wollt, dann solltet ihr wahrscheinlich nicht unter Videos von Ricarda Lang kommentieren\u201c, schilderte die Gr\u00fcnen-Politikerin.<\/p>\n<p>Zum anderen k\u00f6nnten Nutzer im Falle unliebsamer Posts mit einer Fingerbewegung weiter scrollen \u2013 \u201eund zack ist das Video weg\u201c. Im Extremfall lie\u00dfen sich andere Accounts \u201eeinfach blockieren und schwuppdiwupps wird sie euch nicht mehr angezeigt\u201c, erkl\u00e4rte Lang. \u201eIhr seid gl\u00fccklich, ich bin gl\u00fccklich, wir alle sind gl\u00fccklich.\u201c<\/p>\n<p>Ihren Instagram-Post schloss die Bundestagsabgeordnete mit einem allgemeinen Tipp ab. \u201eHin und wieder mal rausgehen, Zeit mit Freunden und mit Familie verbringen \u2013 macht eindeutig gl\u00fccklicher, als in den Kommentarspalten von anderen Leuten rumzumoppern.\u201c<\/p>\n","protected":false},"excerpt":{"rendered":"Ricarda Lang bietet ihren Gegnern Hilfestellung. \u201eBoah, die Alte will doch kein Schwein sehen. Warum werden mir solche&hellip;\n","protected":false},"author":2,"featured_media":1271623,"comment_status":"","ping_status":"","sticky":false,"template":"","format":"standard","meta":{"footnotes":"","_share_on_mastodon":"0"},"categories":[1776],"tags":[262642,21,1801,29,214,30,152,78739,18388,110,1802,18389,71390,169925,45,215],"class_list":["post-1271622","post","type-post","status-publish","format-standard","has-post-thumbnail","category-prominente","tag-aufmerksamkeit-ks","tag-buendnis-90-die-gruenen","tag-celebrities","tag-deutschland","tag-entertainment","tag-germany","tag-instagram","tag-instagram-post","tag-lang","tag-newsteam","tag-prominente","tag-ricarda","tag-social-media-ks","tag-soziale-medien-ks","tag-texttospeech","tag-unterhaltung"],"share_on_mastodon":{"url":"https:\/\/pubeurope.com\/@de\/117189676990397560","error":""},"_links":{"self":[{"href":"https:\/\/www.europesays.com\/de\/wp-json\/wp\/v2\/posts\/1271622","targetHints":{"allow":["GET"]}}],"collection":[{"href":"https:\/\/www.europesays.com\/de\/wp-json\/wp\/v2\/posts"}],"about":[{"href":"https:\/\/www.europesays.com\/de\/wp-json\/wp\/v2\/types\/post"}],"author":[{"embeddable":true,"href":"https:\/\/www.europesays.com\/de\/wp-json\/wp\/v2\/users\/2"}],"replies":[{"embeddable":true,"href":"https:\/\/www.europesays.com\/de\/wp-json\/wp\/v2\/comments?post=1271622"}],"version-history":[{"count":0,"href":"https:\/\/www.europesays.com\/de\/wp-json\/wp\/v2\/posts\/1271622\/revisions"}],"wp:featuredmedia":[{"embeddable":true,"href":"https:\/\/www.europesays.com\/de\/wp-json\/wp\/v2\/media\/1271623"}],"wp:attachment":[{"href":"https:\/\/www.europesays.com\/de\/wp-json\/wp\/v2\/media?parent=1271622"}],"wp:term":[{"taxonomy":"category","embeddable":true,"href":"https:\/\/www.europesays.com\/de\/wp-json\/wp\/v2\/categories?post=1271622"},{"taxonomy":"post_tag","embeddable":true,"href":"https:\/\/www.europesays.com\/de\/wp-json\/wp\/v2\/tags?post=1271622"}],"curies":[{"name":"wp","href":"https:\/\/api.w.org\/{rel}","templated":true}]}}