{"id":1271634,"date":"2026-08-31T10:46:17","date_gmt":"2026-08-31T10:46:17","guid":{"rendered":"https:\/\/www.europesays.com\/de\/1271634\/"},"modified":"2026-08-31T10:46:17","modified_gmt":"2026-08-31T10:46:17","slug":"ralf-schumacher-verletzt-sich-bei-stefan-raab-show-jetski-star-wm","status":"publish","type":"post","link":"https:\/\/www.europesays.com\/de\/1271634\/","title":{"rendered":"Ralf Schumacher verletzt sich bei Stefan-Raab-Show \u201eJetski Star WM\u201c"},"content":{"rendered":"<p class=\"is-first-paragraph\" data-external=\"Article.FirstParagraph\">Ralf Schumacher hat sich in der neuen RTL-Show \u201eJetski Star WM\u201c verletzt. Der Ex-Rennfahrer kugelte sich w\u00e4hrend des von Show-Ikone <a class=\"is-link c-block-items__link c-link--rich-text-renderer\" href=\"https:\/\/www.welt.de\/themen\/stefan-raab\/\" data-internal-tracking-enabled=\"true\" data-internal-tracking=\"{&quot;action&quot;:&quot;click&quot;,&quot;label&quot;:&quot;link&quot;,&quot;name&quot;:&quot;Inline Element&quot;,&quot;data&quot;:{&quot;source&quot;:&quot;&quot;,&quot;target&quot;:&quot;https:\/\/www.welt.de\/themen\/stefan-raab\/&quot;,&quot;trackingName&quot;:&quot;&quot;,&quot;trackingLabel&quot;:&quot;&quot;}}\" rel=\"nofollow noopener\" target=\"_blank\">Stefan Raab<\/a> initiierten Wettbewerbs die Schulter aus. <\/p>\n<p><a class=\"is-link c-block-items__link c-link--rich-text-renderer\" href=\"https:\/\/www.welt.de\/themen\/ralf-schumacher\/\" data-internal-tracking-enabled=\"true\" data-internal-tracking=\"{&quot;action&quot;:&quot;click&quot;,&quot;label&quot;:&quot;link&quot;,&quot;name&quot;:&quot;Inline Element&quot;,&quot;data&quot;:{&quot;source&quot;:&quot;&quot;,&quot;target&quot;:&quot;https:\/\/www.welt.de\/themen\/ralf-schumacher\/&quot;,&quot;trackingName&quot;:&quot;&quot;,&quot;trackingLabel&quot;:&quot;&quot;}}\" rel=\"nofollow noopener\" target=\"_blank\">Schumacher<\/a> und Raab traten gemeinsam in der Team-Challenge an. Dabei steuerte der fr\u00fchere Formel-1-Pilot das Wasserfahrzeug, der Entertainer sa\u00df als Beifahrer hinten drauf. Schon nach 20 Fahrsekunden landeten beide gemeinsam das erste Mal im Wasser, als Raab versuchte, einen Schwimmring \u00fcber eine Boje zu st\u00fclpen.<\/p>\n<p>Beide konnten den auf dem Kopf liegenden Jetski zun\u00e4chst wieder umdrehen und die Fahrt nach wenigen Momenten fortsetzen \u2013 auch wenn Raab sichtliche Schwierigkeiten hatte, sich zur\u00fcck auf das Gef\u00e4hrt zu robben und zun\u00e4chst noch einmal vom Jetski fiel.<\/p>\n<p>Nach etwas mehr als zwei Fahrtminuten kippten beide erneut gemeinsam um. Beim Versuch, den Jetski umzudrehen, verletzte sich Schumacher dann und musste um Hilfe rufen. Auch Raab reagierte und winkte Hilfe herbei. <\/p>\n<p>RTL teilte einen Ausschnitt der Szenen in den sozialen Netzwerken. Darin sprach der Sender von \u201eschweren medizinischen Folgen\u201c bei Schumacher. \u201eIhm geht es aber den Umst\u00e4nden entsprechend gut, er wird medizinisch vor Ort betreut\u201c, hie\u00df es weiter. F\u00fcr Schumacher war der Wettbewerb beendet.<\/p>\n<p>\u201eDas tut echt weh\u201c, sagt Ralf Schumacher<\/p>\n<p>Der 51-J\u00e4hrige selbst konnte sp\u00e4ter bei Moderatorin Laura Wontorra f\u00fcr Aufkl\u00e4rung sorgen. \u201eDie Schulter ist ausgekugelt, als ich schnell versucht habe, den Jetski umzudrehen. Ich hoffe, dass nichts kaputt ist. Der Arzt hat wieder alles eingerenkt\u201c, sagte Schumacher und gab zu: \u201eDas tut echt weh.\u201c<\/p>\n<p>Den Titel bei der Team-Challenge sicherten sich Tokio-Hotel-Schlagzeuger Gustav Sch\u00e4fer und \u201eNinja Warrior\u201c-Bekanntheit Joel Mattli. In der Disziplin \u201eStaffel-Duell\u201c gewannen Influencer Jens Knossalla und Musiker und Extremsportler Joey Kelly. In der Einzelwertung \u201eSpeed Duell\u201c siegte Zirkusartist Ren\u00e9 Casselly. Die Raab-Show fand auf der Regattabahn Duisburg statt.<\/p>\n","protected":false},"excerpt":{"rendered":"Ralf Schumacher hat sich in der neuen RTL-Show \u201eJetski Star WM\u201c verletzt. Der Ex-Rennfahrer kugelte sich w\u00e4hrend des&hellip;\n","protected":false},"author":2,"featured_media":1271635,"comment_status":"","ping_status":"","sticky":false,"template":"","format":"standard","meta":{"footnotes":"","_share_on_mastodon":"0"},"categories":[155],"tags":[29,214,30,42086,38757,640,6876,42087,45,215,68951],"class_list":["post-1271634","post","type-post","status-publish","format-standard","has-post-thumbnail","category-unterhaltung","tag-deutschland","tag-entertainment","tag-germany","tag-raab","tag-ralf","tag-rtl","tag-schumacher","tag-stefan","tag-texttospeech","tag-unterhaltung","tag-wassersport"],"share_on_mastodon":{"url":"https:\/\/pubeurope.com\/@de\/117189724401547811","error":""},"_links":{"self":[{"href":"https:\/\/www.europesays.com\/de\/wp-json\/wp\/v2\/posts\/1271634","targetHints":{"allow":["GET"]}}],"collection":[{"href":"https:\/\/www.europesays.com\/de\/wp-json\/wp\/v2\/posts"}],"about":[{"href":"https:\/\/www.europesays.com\/de\/wp-json\/wp\/v2\/types\/post"}],"author":[{"embeddable":true,"href":"https:\/\/www.europesays.com\/de\/wp-json\/wp\/v2\/users\/2"}],"replies":[{"embeddable":true,"href":"https:\/\/www.europesays.com\/de\/wp-json\/wp\/v2\/comments?post=1271634"}],"version-history":[{"count":0,"href":"https:\/\/www.europesays.com\/de\/wp-json\/wp\/v2\/posts\/1271634\/revisions"}],"wp:featuredmedia":[{"embeddable":true,"href":"https:\/\/www.europesays.com\/de\/wp-json\/wp\/v2\/media\/1271635"}],"wp:attachment":[{"href":"https:\/\/www.europesays.com\/de\/wp-json\/wp\/v2\/media?parent=1271634"}],"wp:term":[{"taxonomy":"category","embeddable":true,"href":"https:\/\/www.europesays.com\/de\/wp-json\/wp\/v2\/categories?post=1271634"},{"taxonomy":"post_tag","embeddable":true,"href":"https:\/\/www.europesays.com\/de\/wp-json\/wp\/v2\/tags?post=1271634"}],"curies":[{"name":"wp","href":"https:\/\/api.w.org\/{rel}","templated":true}]}}