{"id":1271640,"date":"2026-08-31T10:49:17","date_gmt":"2026-08-31T10:49:17","guid":{"rendered":"https:\/\/www.europesays.com\/de\/1271640\/"},"modified":"2026-08-31T10:49:17","modified_gmt":"2026-08-31T10:49:17","slug":"deutsches-zentrum-fuer-integrations-und-migrationsforschung-waehler-mit-einwanderungsgeschichte-wenden-sich-von-parteien-ab","status":"publish","type":"post","link":"https:\/\/www.europesays.com\/de\/1271640\/","title":{"rendered":"Deutsches Zentrum f\u00fcr Integrations- und Migrationsforschung: W\u00e4hler mit Einwanderungsgeschichte wenden sich von Parteien ab"},"content":{"rendered":"<p class=\"paragraph article__item\">W\u00e4hler mit Einwanderungsgeschichte gehen noch st\u00e4rker auf Distanz zu den Parteien in Deutschland als andere Wahlberechtigte. Das geht aus einer Untersuchung des <a href=\"https:\/\/www.dezim-institut.de\/presse\/noch-waehlbar-welche-parteien-von-waehlerinnen-mit-und-ohne-migrationshintergrund-in-betracht-gezogen-werden\/\" target=\"_blank\" rel=\"nofollow noopener\">Deutschen Zentrums f\u00fcr Integrations- und Migrationsforschung (Dezim)<\/a> zur Wahlneigung verschiedener Bev\u00f6lkerungsgruppen hervor. Unter deutschen Staatsangeh\u00f6rigen mit Einwanderungsgeschichte war der Anteil derer, die eine bestimmte Partei f\u00fcr w\u00e4hlbar halten, demnach im Winter 2024\/2025 deutlich geringer als ein Jahr zuvor.\n<\/p>\n<p class=\"paragraph article__item\">Dies gilt insbesondere f\u00fcr W\u00e4hlerinnen und W\u00e4hler mit t\u00fcrkischen Wurzeln oder mit solchen im Nahen Osten, in Nordafrika, Afghanistan oder Pakistan. Von ihnen konnte sich zum Zeitpunkt der Befragung nur jeder Zweite vorstellen, jemals <a href=\"https:\/\/www.zeit.de\/thema\/cdu\" target=\"_blank\" rel=\"nofollow noopener\">CDU oder CSU<\/a> zu w\u00e4hlen \u2013 nach zwei Dritteln ein Jahr zuvor. Die Zustimmung zur <a class=\"rtr-entity\" href=\"https:\/\/www.zeit.de\/thema\/spd\" rel=\"nofollow noopener\" target=\"_blank\">SPD<\/a> ging in dieser Gruppe von 71 Prozent auf 60 Prozent zur\u00fcck. Auch die <a href=\"https:\/\/www.zeit.de\/thema\/die-linke\" target=\"_blank\" rel=\"nofollow noopener\">Linke<\/a> verlor demnach unter Wahlberechtigten mit famili\u00e4ren Wurzeln in diesen Staaten deutlich an Zuspruch.\n<\/p>\n<p class=\"paragraph article__item\">Die <a href=\"https:\/\/www.zeit.de\/thema\/spd\" target=\"_blank\" rel=\"nofollow noopener\">SPD<\/a> hat bei zugewanderten W\u00e4hlern<br \/>\nund ihren Nachkommen laut der Studie noch das gr\u00f6\u00dfte W\u00e4hlerpotenzial. Rund<br \/>\nzwei Drittel der Wahlberechtigten mit Migrationsgeschichte halten die<br \/>\nSozialdemokraten f\u00fcr w\u00e4hlbar. <a class=\"rtr-entity\" href=\"https:\/\/www.zeit.de\/thema\/cdu\" rel=\"nofollow noopener\" target=\"_blank\">CDU<\/a> und CSU belegen laut Dezim mit relativ<br \/>\n geringem Abstand den zweiten Platz.\n<\/p>\n<p>            AfD bei W\u00e4hlern aus ehemaligen Sowjetstaaten beliebter            <\/p>\n<p class=\"paragraph article__item\">Die <a href=\"https:\/\/www.zeit.de\/thema\/alternative-fuer-deutschland\" target=\"_blank\" rel=\"nofollow noopener\">AfD<\/a> kommt der Untersuchung zufolge bei Wahlberechtigten mit Einwanderungsgeschichte insgesamt weniger gut an. Die einzige Ausnahme bilden hier Menschen, die ihre Wurzeln in Russland oder anderen Staaten der fr\u00fcheren Sowjetunion haben. Im Winter 2024\/2025 konnten sich \u00fcberdurchschnittlich viele Befragte aus dieser Gruppe vorstellen, die Partei zu w\u00e4hlen, die vom Verfassungsschutz als rechtsextremistischer Verdachtsfall beobachtet wird und die Unterst\u00fctzung f\u00fcr die <a href=\"https:\/\/www.zeit.de\/thema\/krieg-in-ukraine\" target=\"_blank\" rel=\"nofollow noopener\">Ukraine in deren Abwehrkampf gegen Russland<\/a> kritisiert.\n<\/p>\n<p class=\"paragraph article__item\">Als <a href=\"https:\/\/www.zeit.de\/schwerpunkte\/weltland\" target=\"_blank\" rel=\"nofollow noopener\">Mensch mit Einwanderungsgeschichte<\/a> im Sinne der Studie gelten Menschen, die einen Elternteil haben, der ohne deutsche Staatsangeh\u00f6rigkeit geboren wurde.<\/p>\n","protected":false},"excerpt":{"rendered":"W\u00e4hler mit Einwanderungsgeschichte gehen noch st\u00e4rker auf Distanz zu den Parteien in Deutschland als andere Wahlberechtigte. Das geht&hellip;\n","protected":false},"author":2,"featured_media":1271641,"comment_status":"","ping_status":"","sticky":false,"template":"","format":"standard","meta":{"footnotes":"","_share_on_mastodon":"0"},"categories":[3],"tags":[31,774,262643,13,87461,14,15,16,307,12,184,10,8,9,11,94086,103,4951,104],"class_list":["post-1271640","post","type-post","status-publish","format-standard","has-post-thumbnail","category-welt","tag-cdu","tag-csu","tag-deutsches-zentrum-fuer-integrations-und-migrationsforschung","tag-headlines","tag-migrationshintergrund","tag-nachrichten","tag-news","tag-politik","tag-russland","tag-schlagzeilen","tag-spd","tag-top-news","tag-top-meldungen","tag-topmeldungen","tag-topnews","tag-wahlverhalten","tag-welt","tag-winter","tag-world"],"share_on_mastodon":{"url":"https:\/\/pubeurope.com\/@de\/117189736385014553","error":""},"_links":{"self":[{"href":"https:\/\/www.europesays.com\/de\/wp-json\/wp\/v2\/posts\/1271640","targetHints":{"allow":["GET"]}}],"collection":[{"href":"https:\/\/www.europesays.com\/de\/wp-json\/wp\/v2\/posts"}],"about":[{"href":"https:\/\/www.europesays.com\/de\/wp-json\/wp\/v2\/types\/post"}],"author":[{"embeddable":true,"href":"https:\/\/www.europesays.com\/de\/wp-json\/wp\/v2\/users\/2"}],"replies":[{"embeddable":true,"href":"https:\/\/www.europesays.com\/de\/wp-json\/wp\/v2\/comments?post=1271640"}],"version-history":[{"count":0,"href":"https:\/\/www.europesays.com\/de\/wp-json\/wp\/v2\/posts\/1271640\/revisions"}],"wp:featuredmedia":[{"embeddable":true,"href":"https:\/\/www.europesays.com\/de\/wp-json\/wp\/v2\/media\/1271641"}],"wp:attachment":[{"href":"https:\/\/www.europesays.com\/de\/wp-json\/wp\/v2\/media?parent=1271640"}],"wp:term":[{"taxonomy":"category","embeddable":true,"href":"https:\/\/www.europesays.com\/de\/wp-json\/wp\/v2\/categories?post=1271640"},{"taxonomy":"post_tag","embeddable":true,"href":"https:\/\/www.europesays.com\/de\/wp-json\/wp\/v2\/tags?post=1271640"}],"curies":[{"name":"wp","href":"https:\/\/api.w.org\/{rel}","templated":true}]}}