{"id":1271642,"date":"2026-08-31T10:50:24","date_gmt":"2026-08-31T10:50:24","guid":{"rendered":"https:\/\/www.europesays.com\/de\/1271642\/"},"modified":"2026-08-31T10:50:24","modified_gmt":"2026-08-31T10:50:24","slug":"messer-attacke-in-erkner-mann-ersticht-frau-auf-strasse-news","status":"publish","type":"post","link":"https:\/\/www.europesays.com\/de\/1271642\/","title":{"rendered":"Messer-Attacke in Erkner: Mann ersticht Frau auf Stra\u00dfe | News"},"content":{"rendered":"<p><a class=\"skip-content skip-content--link\" href=\"#in-content-skip-link-target-v-0-0\">TTS-Player \u00fcberspringen\u21b5<\/a><a id=\"in-content-skip-link-target-v-0-0\" class=\"skip-content--target-link-hidden skip-content skip-content--target-link\" href=\"#in-content-skip-link-target-v-0-0\">Artikel weiterlesen<\/a><\/p>\n<p>Erkner (Brandenburg) \u2013 <b>Messerangriff in einer Kleinstadt s\u00fcd\u00f6stlich von Berlin auf einer \u00f6ffentlichen Stra\u00dfe. In Erkner ging ein Mann am Montagmorgen auf eine Frau los und verletzte sie t\u00f6dlich. Der T\u00e4ter konnte nach kurzer Flucht gefasst werden. <\/b><\/p>\n<p>Der Vorfall ereignete sich gegen 6.30 Uhr in der Leo-Hendrik-Baekeland-Stra\u00dfe in Erkner (<a href=\"https:\/\/www.bild.de\/regional\/brandenburg\/home-4iuSIwgeKB4eBkcDkDKD\" class=\"text-link\" rel=\"nofollow noopener\" target=\"_blank\">Brandenburg<\/a>). \u201eTrotz umgehender Reanimationsma\u00dfnahmen erlag die Frau den erlittenen Verletzungen\u201c, teilte ein Polizeisprecher mit. Sie starb noch am Tatort nahe der Stadthalle. Laut RBB soll bei der Tat ein <a href=\"https:\/\/www.bild.de\/themen\/specials\/messerangriff\/news-fotos-videos-0h8oWhiUnMNXfTNwVJ1r\" class=\"text-link\" rel=\"nofollow noopener\" target=\"_blank\">Messer<\/a> eingesetzt worden sein. <\/p>\n<p>T\u00e4ter nach kurzer Flucht gefasst<\/p>\n<p>Als der T\u00e4ter die Flucht \u00fcber eine Br\u00fccke ergriff, versuchten mehrere Zeugen nach BILD-Informationen, ihn aufzuhalten. Ein Mann setzte sogar sein Auto ein, um dem Fl\u00fcchtenden den Weg abzuschneiden. Dabei durchbrach er mit seinem Wagen das Gel\u00e4nder einer Br\u00fccke und landete auf einem Abhang. <\/p>\n<p><img decoding=\"async\" width=\"992\" height=\"558\" alt=\"Die Polizei sperrte den Tatort nach der t\u00f6dlichen Attacke weitr\u00e4umig ab\" loading=\"lazy\" src=\"https:\/\/www.europesays.com\/de\/wp-content\/uploads\/2026\/08\/013228bfa4c892f19cf20bcebe9d5dc5,3ad9682e.jpeg\"   class=\"landscape\"\/><\/p>\n<p class=\"fig__caption__text\">Die Polizei sperrte den Tatort nach der t\u00f6dlichen Attacke weitr\u00e4umig ab<\/p>\n<p>Foto: BLP\/Sappeck<\/p>\n<p>Die Polizei leitete sofort eine Fahndung ein. Doch der Verd\u00e4chtige kam nicht weit: Wenig sp\u00e4ter konnten Einsatzkr\u00e4fte ihn aufsp\u00fcren und festnehmen. Zu dem schnellen Fahndungserfolg trugen auch die Hinweise mehrerer Zeugen bei.<\/p>\n<p><img decoding=\"async\" width=\"992\" height=\"558\" alt=\"W\u00e4hrend die Polizei den Bereich abgesperrt hielt, suchten Ermittler in wei\u00dfen Schutzanz\u00fcgen akribisch nach Spuren\" loading=\"lazy\" src=\"https:\/\/www.europesays.com\/de\/wp-content\/uploads\/2026\/08\/1656aa1b47f03cfca8766f7e41cdb211,3bc8d36f.jpeg\"   class=\"landscape\"\/><\/p>\n<p class=\"fig__caption__text\">Ermittler in wei\u00dfen Schutzanz\u00fcgen sichern akribisch Spuren am Tatort und in der N\u00e4he<\/p>\n<p>Foto: BLP\/Sappeck<\/p>\n<p>Zu den Hintergr\u00fcnden der Tat machten die Ermittler zun\u00e4chst keine Angaben. Bislang ist noch offen, ob sich die get\u00f6tete Frau und der mutma\u00dfliche T\u00e4ter kannten und in welcher Beziehung sie zueinander standen. Die Kriminalpolizei hat die Ermittlungen aufgenommen. <\/p>\n<p>Wie ein Polizeisprecher mitteilte, sind Kriminaltechniker vor Ort im Einsatz, um Spuren zu sichern und den Tatort zu untersuchen. Wegen des anhaltenden Regens wurde zum Schutz m\u00f6glicher Beweismittel ein Zelt errichtet. W\u00e4hrend die Ermittlungen laufen, bleibt der Bereich rund um den Tatort weitr\u00e4umig abgesperrt. Betroffen ist auch eine Auffahrt zur A10.<\/p>\n","protected":false},"excerpt":{"rendered":"TTS-Player \u00fcberspringen\u21b5Artikel weiterlesen Erkner (Brandenburg) \u2013 Messerangriff in einer Kleinstadt s\u00fcd\u00f6stlich von Berlin auf einer \u00f6ffentlichen Stra\u00dfe. In&hellip;\n","protected":false},"author":2,"featured_media":1271643,"comment_status":"","ping_status":"","sticky":false,"template":"","format":"standard","meta":{"footnotes":"","_share_on_mastodon":"0"},"categories":[2],"tags":[1890,1737,29,1736,30,13,2183,14,15,16039,12,138370,10,8,9,11],"class_list":["post-1271642","post","type-post","status-publish","format-standard","has-post-thumbnail","category-deutschland","tag-brandenburg","tag-breaking-news","tag-deutschland","tag-fb-instantarticles","tag-germany","tag-headlines","tag-mord","tag-nachrichten","tag-news","tag-polizeiliche-massnahmen","tag-schlagzeilen","tag-team-first","tag-top-news","tag-top-meldungen","tag-topmeldungen","tag-topnews"],"share_on_mastodon":{"url":"https:\/\/pubeurope.com\/@de\/117189743990844296","error":""},"_links":{"self":[{"href":"https:\/\/www.europesays.com\/de\/wp-json\/wp\/v2\/posts\/1271642","targetHints":{"allow":["GET"]}}],"collection":[{"href":"https:\/\/www.europesays.com\/de\/wp-json\/wp\/v2\/posts"}],"about":[{"href":"https:\/\/www.europesays.com\/de\/wp-json\/wp\/v2\/types\/post"}],"author":[{"embeddable":true,"href":"https:\/\/www.europesays.com\/de\/wp-json\/wp\/v2\/users\/2"}],"replies":[{"embeddable":true,"href":"https:\/\/www.europesays.com\/de\/wp-json\/wp\/v2\/comments?post=1271642"}],"version-history":[{"count":0,"href":"https:\/\/www.europesays.com\/de\/wp-json\/wp\/v2\/posts\/1271642\/revisions"}],"wp:featuredmedia":[{"embeddable":true,"href":"https:\/\/www.europesays.com\/de\/wp-json\/wp\/v2\/media\/1271643"}],"wp:attachment":[{"href":"https:\/\/www.europesays.com\/de\/wp-json\/wp\/v2\/media?parent=1271642"}],"wp:term":[{"taxonomy":"category","embeddable":true,"href":"https:\/\/www.europesays.com\/de\/wp-json\/wp\/v2\/categories?post=1271642"},{"taxonomy":"post_tag","embeddable":true,"href":"https:\/\/www.europesays.com\/de\/wp-json\/wp\/v2\/tags?post=1271642"}],"curies":[{"name":"wp","href":"https:\/\/api.w.org\/{rel}","templated":true}]}}