{"id":1271647,"date":"2026-08-31T10:53:29","date_gmt":"2026-08-31T10:53:29","guid":{"rendered":"https:\/\/www.europesays.com\/de\/1271647\/"},"modified":"2026-08-31T10:53:29","modified_gmt":"2026-08-31T10:53:29","slug":"finanzinvestor-beteiligt-sich-am-aachener-softwarehaus","status":"publish","type":"post","link":"https:\/\/www.europesays.com\/de\/1271647\/","title":{"rendered":"Finanzinvestor beteiligt sich am Aachener Softwarehaus"},"content":{"rendered":"<p class=\"wp-block-paragraph\">Mittlerweile besch\u00e4ftigt das Softwarehaus aus Aachen \u00fcber 100 Mitarbeiter und hat in den vergangenen zwanzig Jahren \u00fcber 1.000 Kundenprojekte abgeschlossen. Im Fokus stehen dabei \u201eVerticals\u201c wie die Pharmabranche, Unternehmen aus dem Bereich Transport &amp; Logistik, Energieversorger und Netzbetreiber, die fertigende Industrie und sowie sozialen Dienstleister wie Pflegeheime und Lebenshilfewerkst\u00e4tten.<\/p>\n<p class=\"wp-block-paragraph\">Diese Erfolge haben das Interesse von Investoren geweckt, und im August 2026 hat sich <a href=\"https:\/\/maguar.com\/de\/\" target=\"_blank\" rel=\"noreferrer noopener nofollow\">Maguar Capital<\/a> aus M\u00fcnchen an ConSense beteiligt. Die drei gesch\u00e4ftsf\u00fchrenden Gesellschafter Iris Bruns, Alexander K\u00fcnzer und Stephan Killich bleiben am Unternehmen beteiligt. Sie sollen nun das Softwarehaus gemeinsam mit Maguar in die n\u00e4chste Entwicklungsphase f\u00fchren. Auch f\u00fcr ConSense-Kunden soll sich nichts \u00e4ndern: die Ansprechpartner und Standorte (Aachen Wien und \u00dcberlingen am Bodensee) bleiben, wo sie sind.<\/p>\n<p class=\"wp-block-paragraph\">\u201eWir wollen unsere Marktposition im deutschsprachigen Mittelstand ausbauen, unsere Go-to-Market-Organisation weiterentwickeln und Schritt f\u00fcr Schritt international expandieren\u201c, so begr\u00fcndet Stephan Killich, gesch\u00e4ftsf\u00fchrender Gesellschafter von ConSense, den Einstieg eines Investors in sein Unternehmen. Auch die Mitgesellschafter Iris Bruns und Alexander K\u00fcnzer sind \u00fcberzeugt, dass Maguar Capital das daf\u00fcr notwendige Netzwerk und die passende Erfahrung mitbringt.<\/p>\n","protected":false},"excerpt":{"rendered":"Mittlerweile besch\u00e4ftigt das Softwarehaus aus Aachen \u00fcber 100 Mitarbeiter und hat in den vergangenen zwanzig Jahren \u00fcber 1.000&hellip;\n","protected":false},"author":2,"featured_media":1271648,"comment_status":"","ping_status":"","sticky":false,"template":"","format":"standard","meta":{"footnotes":"","_share_on_mastodon":"0"},"categories":[1853],"tags":[1424,3364,29,548,663,3934,30,13,14,15,1209,12],"class_list":["post-1271647","post","type-post","status-publish","format-standard","has-post-thumbnail","category-aachen","tag-aachen","tag-de","tag-deutschland","tag-eu","tag-europa","tag-europe","tag-germany","tag-headlines","tag-nachrichten","tag-news","tag-nordrhein-westfalen","tag-schlagzeilen"],"share_on_mastodon":{"url":"https:\/\/pubeurope.com\/@de\/117189752116873373","error":""},"_links":{"self":[{"href":"https:\/\/www.europesays.com\/de\/wp-json\/wp\/v2\/posts\/1271647","targetHints":{"allow":["GET"]}}],"collection":[{"href":"https:\/\/www.europesays.com\/de\/wp-json\/wp\/v2\/posts"}],"about":[{"href":"https:\/\/www.europesays.com\/de\/wp-json\/wp\/v2\/types\/post"}],"author":[{"embeddable":true,"href":"https:\/\/www.europesays.com\/de\/wp-json\/wp\/v2\/users\/2"}],"replies":[{"embeddable":true,"href":"https:\/\/www.europesays.com\/de\/wp-json\/wp\/v2\/comments?post=1271647"}],"version-history":[{"count":0,"href":"https:\/\/www.europesays.com\/de\/wp-json\/wp\/v2\/posts\/1271647\/revisions"}],"wp:featuredmedia":[{"embeddable":true,"href":"https:\/\/www.europesays.com\/de\/wp-json\/wp\/v2\/media\/1271648"}],"wp:attachment":[{"href":"https:\/\/www.europesays.com\/de\/wp-json\/wp\/v2\/media?parent=1271647"}],"wp:term":[{"taxonomy":"category","embeddable":true,"href":"https:\/\/www.europesays.com\/de\/wp-json\/wp\/v2\/categories?post=1271647"},{"taxonomy":"post_tag","embeddable":true,"href":"https:\/\/www.europesays.com\/de\/wp-json\/wp\/v2\/tags?post=1271647"}],"curies":[{"name":"wp","href":"https:\/\/api.w.org\/{rel}","templated":true}]}}