{"id":1271649,"date":"2026-08-31T10:55:39","date_gmt":"2026-08-31T10:55:39","guid":{"rendered":"https:\/\/www.europesays.com\/de\/1271649\/"},"modified":"2026-08-31T10:55:39","modified_gmt":"2026-08-31T10:55:39","slug":"die-neuen-leiden-des-1-fc-magdeburg-und-die-abkehr-vom-ballbesitz-dogma","status":"publish","type":"post","link":"https:\/\/www.europesays.com\/de\/1271649\/","title":{"rendered":"Die neuen Leiden des 1. FC Magdeburg und die Abkehr vom Ballbesitz-Dogma"},"content":{"rendered":"<p class=\"topline\">Fu\u00dfball | 2. Bundesliga<\/p>\n<p>\n                Stand: 31.08.2026 11:31 Uhr<\/p>\n<p class=\"preface\">FCM-Trainer Petrik Sander hat nach dem Heimsieg gegen Kiel eine neue Qualit\u00e4t in seinem Team gesehen. Die hat mit Leidensf\u00e4higkeit zu tun. Und mit dem Abschied von einem lange gepflegten Spielstil.<\/p>\n<p class=\"textauthor\">von Dirk Hofmeister<\/p>\n<p class=\"\">Baris Atik war unzufrieden. Nach <a href=\"https:\/\/www.mdr.de\/sport\/fussball_2bl\/2-bundesliga-1-fc-magdeburg-holstein-kiel-,spielbericht-fcm-ksv-100.html\" title=\"Effizienz besiegt Dominanz: 1. FC Magdeburg zieht Kiel den Zahn\" rel=\"nofollow noopener\" target=\"_blank\">dem 2:0-Sieg des FCM<\/a> mit zwei atikschen Torbeteiligungen gefiel dem Magdeburger Spielmacher die Frage nach der optischen \u00dcberlegenheit von Gegner Kiel nicht. &#8222;Nein, nein, nein&#8220;, reagierte der 31-J\u00e4hrige energisch: &#8222;Nur, weil sie mehr Ballbesitz hatten. Da waren auch keine gro\u00dfen Chancen. Diese zwei, drei Minichancen, die z\u00e4hle ich nicht dazu.&#8220;<\/p>\n<p>\n            <strong>Video:<\/strong><br \/>\n            FCM-Spielmacher Atik: &#8222;Kiel war nicht die bessere Mannschaft&#8220; (2 Min)\n        <\/p>\n<p>    Kiel-Coach Walter: &#8222;Zur Wahrheit geh\u00f6rt auch &#8230;&#8220;<\/p>\n<p class=\"\">Die Statistik und auch Kiels Trainer Tim Walter widersprachen Atik: &#8222;Wenn Du einen xG-Wert von \u00fcber zwei hast, dann hast Du genug Torchancen&#8220;, sagte Walter mit Verweis auf die in der Expected-Goals-Statistik erfasste Qualit\u00e4t der Einschussm\u00f6glichkeiten. Nach 90 Minuten sahen die Statistiker Kiel mit 2,11 zu 0,83 xGoals vorn.<\/p>\n<p class=\"\">Zudem hatten die &#8222;St\u00f6rche&#8220; mit 14:10 Torsch\u00fcssen, 64:36 Prozent Ballbesitz, 548:303 gespielten P\u00e4ssen und der besseren Passquote (87:80 Prozent angekommene P\u00e4sse) optische Vorteile. In der einzigen Statistik von Wert, den Toren, unterlag Kiel dem effizienten FCM allerdings 0:2. Und so musste auch Walter eingestehen: &#8222;Zur Wahrheit geh\u00f6rt auch, dass man in beiden Strafr\u00e4umen die letzte Konsequenz haben muss.&#8220;<\/p>\n<p>\n            <strong>Video:<\/strong><br \/>\n            Tim Walter (Trainer Kiel): &#8222;Einmal nicht konsequent verteidigt&#8220; (2 Min)\n        <\/p>\n<p>    Atik: &#8222;Solche Spiele haben wir fr\u00fcher verloren&#8220;<\/p>\n<p class=\"\">Und diese zeigte an diesem Sonntag trotz des ungew\u00f6hnlich niedrigen Wertes von 36 Prozent Ballbesitz der FCM. Mittendrin Baris Atik, der das 1:0 mit einem Zauberpass in die F\u00fc\u00dfe von Mateusz Zukowski und das 2:0 mit einem schnell ausgef\u00fchrten Eckball vorbereitet hatte. Und der sich sicher war: &#8222;Solche Spiele h\u00e4tten wir in der Vergangenheit verloren.&#8220;<\/p>\n<p>                    <a href=\"https:\/\/www.europesays.com\/de\/wp-content\/uploads\/2026\/08\/fcm-atik-104.webp\" class=\"zoomimage\" title=\"Bild vergr\u00f6\u00dfern\"><\/p>\n<p>        <img decoding=\"async\" src=\"https:\/\/www.europesays.com\/de\/wp-content\/uploads\/2026\/08\/fcm-atik-104.webp\" alt=\"Baris Atik (1. FC Magdeburg, 23) jubelt. GER, 1. FC Magdeburg vs Holstein Kiel, 2. Bundesliga, 3. Spieltag, Saison 2026-27, Avnet Arena, Magdeburg\" title=\"Baris Atik jubelt. | IMAGO \/ Eibner\" class=\"responsive\" loading=\"lazy\"\/><\/p>\n<p>                    <\/a><\/p>\n<p>                    Baris Atik jubelt.<\/p>\n<p>    Sander: &#8222;Den-Ball-haben-Wollen f\u00fchrt nicht zwingend zum Erfolg&#8220;<\/p>\n<p class=\"\">Und auch FCM-Trainer Petrik Sander erkl\u00e4rte: &#8222;Ich erinnere an Spiele, wo wir, ich wei\u00df nicht, wie viel Prozent Ballbesitz hatten und alle anderen Statistiken auf unserer Seite waren. Und zum Schluss standen wir mit leeren H\u00e4nden da.&#8220; Beim FCM vollzieht sich in diesen Tagen m\u00f6glicherweise eine Abkehr vom einstigen Dogma der Spielkontrolle \u00fcber Ballbesitz. Sander erkl\u00e4rte bei SPORT IM OSTEN: &#8222;Ich glaube, man kann schon sagen, dass dieser Hurra-Fu\u00dfball und dieses unbedingte den-Ball-haben-Wollen, nicht zwingend zum Erfolg f\u00fchren. Das mussten wir bitter in der letzten Saison erfahren.&#8220;<\/p>\n<p>\n            <strong>Video:<\/strong><br \/>\n            Petrik Sander (Trainer FCM): &#8222;Kiel hat uns leiden lassen&#8220; (3 Min)\n        <\/p>\n<p>    FCM nur noch Neunter in Ballbesitz-Statistik<\/p>\n<p class=\"\">In der Ballbesitzstatistik war der FCM seit dem Aufstieg mit Ex-Trainer Christian Titz in den vergangenen Jahren best\u00e4ndig auf Rang eins oder zwei. Aktuell sind die Magdeburger hier Tabellenneunter. Sander legt mehr und mehr Wert auf andere Qualit\u00e4ten: &#8222;Ich habe der Mannschaft gesagt, dass wir leiden m\u00fcssen. Kiel hat uns leiden lassen. Wir mussten viel laufen.&#8220;<\/p>\n<p class=\"\">Und Geduld haben, auf den richtigen Moment zu warten. &#8222;Eine wachsende Qualit\u00e4t der Mannschaft ist, in solchen Spielen auch Dinge auszuhalten, im tiefen Block gut zu verteidigen. Der eine kann sich auf den anderen verlassen. Das ist eine Qualit\u00e4t, die war nicht so da, die ist jetzt da. Das war die Basis und der Grundstein f\u00fcr diesen Sieg&#8220;, erkl\u00e4rte Sander.<\/p>\n<p>    Atik: &#8222;Haben verstanden, dass wir Leiden m\u00fcssen&#8220;<\/p>\n<p class=\"\">Nach der deftigen <a href=\"https:\/\/www.mdr.de\/sport\/fussball_2bl\/zweite-bundesliga-1-fc-magdeburg-eintracht-braunschweig-,spielbericht-fcm-btsv-100.html\" title=\"1. FC Magdeburg erlebt Heimdebakel gegen Braunschweig\" rel=\"nofollow noopener\" target=\"_blank\">1:6-Auftaktniederlage gegen Braunschweig ist der FCM<\/a> jetzt wettbewerbs\u00fcbergreifend drei Spiele in Serie ungeschlagen. Und das mit einer Tordifferenz von 9:0 (<a href=\"https:\/\/www.mdr.de\/sport\/fussball_2bl\/2-bundesliga-vfl-osnabrueck1-fc-magdeburg-,spielbericht-vfl-fcm-100.html\" title=\"Wiedergutmachung gegl\u00fcckt: 1. FC Magdeburg feiert 3:0 in Osnabr\u00fcck\" rel=\"nofollow noopener\" target=\"_blank\">3:0 gegen Osnabr\u00fcck<\/a>, <a href=\"https:\/\/www.mdr.de\/sport\/fussball_pokal\/dfb-pokal\/dfb-pokal-bahlinger-sc-1-fc-magdeburg-,spielbericht-bsc-fcm-100.html\" title=\"1. FC Magdeburg meistert Erstrundenh\u00fcrde gegen Bahlinger SC locker\" rel=\"nofollow noopener\" target=\"_blank\">4:0 im Pokal gegen Bahlingen<\/a>, <a href=\"https:\/\/www.mdr.de\/sport\/fussball_2bl\/2-bundesliga-1-fc-magdeburg-holstein-kiel-,spielbericht-fcm-ksv-100.html\" title=\"Effizienz besiegt Dominanz: 1. FC Magdeburg zieht Kiel den Zahn\" rel=\"nofollow noopener\" target=\"_blank\">2:0 gegen Kiel<\/a>). Dar\u00fcber kann sich auch Spielmacher Atik freuen. &#8222;Wir haben verstanden, dass wir leiden m\u00fcssen. Und ich glaube, dass wir effizienter geworden sind.&#8220; Im n\u00e4chsten Spiel geht es f\u00fcr den FCM nach Berlin zur bisher noch ungeschlagenen Hertha. Dem Team, das in der Tore- und Zweikampfstatistik auf Rang zwei liegt. K\u00f6nnte sein, dass Sander, Atik und Co. auch in Berlin leiden m\u00fcssen und die neu entdeckte Effizienz ben\u00f6tigen.<\/p>\n<p>        <img decoding=\"async\" src=\"https:\/\/www.europesays.com\/de\/wp-content\/uploads\/2026\/07\/fc-magdeburg-logo-100.webp\" alt=\"Logo 1. FC Magdeburg\" title=\"Logo 1. FC Magdeburg | Verein\" class=\"responsive\" loading=\"lazy\"\/><\/p>\n<p>        <img decoding=\"async\" src=\"https:\/\/www.europesays.com\/de\/wp-content\/uploads\/2026\/08\/1787969123_972_google-handy-100.webp\" alt=\"Ein Handy liegt auf einer Laptoptastatur. Das Display zeigt das Google Logo\" title=\"Ein Handy liegt auf einer Laptoptastatur. Das Display zeigt das Google Logo |  IMAGO \/ SOPA Images\" class=\"responsive\" loading=\"lazy\"\/><\/p>\n<p>Nachrichten personalisieren<\/p>\n<p>Die Nachrichtenlage ist un\u00fcbersichtlich und Sie wollen aktuelle Informationen aus Ihrer Region, die f\u00fcr Sie relevant sind? Dann legen Sie MDR.de als bevorzugte Quelle in der Google-Suche fest. So funktioniert&#8217;s.<\/p>\n","protected":false},"excerpt":{"rendered":"Fu\u00dfball | 2. Bundesliga Stand: 31.08.2026 11:31 Uhr FCM-Trainer Petrik Sander hat nach dem Heimsieg gegen Kiel eine&hellip;\n","protected":false},"author":2,"featured_media":1271650,"comment_status":"","ping_status":"","sticky":false,"template":"","format":"standard","meta":{"footnotes":"","_share_on_mastodon":"0"},"categories":[1852],"tags":[7973,621,3364,29,548,663,3934,16155,347,30,13,10243,4949,22475,15426,14,15,123920,12,1971,3499,265,3498],"class_list":["post-1271649","post","type-post","status-publish","format-standard","has-post-thumbnail","category-kiel","tag-1-fc-magdeburg","tag-2-bundesliga","tag-de","tag-deutschland","tag-eu","tag-europa","tag-europe","tag-fcm","tag-fussball","tag-germany","tag-headlines","tag-holstein-kiel","tag-kiel","tag-ksv","tag-mdr-sport-im-osten","tag-nachrichten","tag-news","tag-petrik-sander","tag-schlagzeilen","tag-schleswig-holstein","tag-spio","tag-sport","tag-sport-im-osten"],"share_on_mastodon":{"url":"https:\/\/pubeurope.com\/@de\/117189763183399979","error":""},"_links":{"self":[{"href":"https:\/\/www.europesays.com\/de\/wp-json\/wp\/v2\/posts\/1271649","targetHints":{"allow":["GET"]}}],"collection":[{"href":"https:\/\/www.europesays.com\/de\/wp-json\/wp\/v2\/posts"}],"about":[{"href":"https:\/\/www.europesays.com\/de\/wp-json\/wp\/v2\/types\/post"}],"author":[{"embeddable":true,"href":"https:\/\/www.europesays.com\/de\/wp-json\/wp\/v2\/users\/2"}],"replies":[{"embeddable":true,"href":"https:\/\/www.europesays.com\/de\/wp-json\/wp\/v2\/comments?post=1271649"}],"version-history":[{"count":0,"href":"https:\/\/www.europesays.com\/de\/wp-json\/wp\/v2\/posts\/1271649\/revisions"}],"wp:featuredmedia":[{"embeddable":true,"href":"https:\/\/www.europesays.com\/de\/wp-json\/wp\/v2\/media\/1271650"}],"wp:attachment":[{"href":"https:\/\/www.europesays.com\/de\/wp-json\/wp\/v2\/media?parent=1271649"}],"wp:term":[{"taxonomy":"category","embeddable":true,"href":"https:\/\/www.europesays.com\/de\/wp-json\/wp\/v2\/categories?post=1271649"},{"taxonomy":"post_tag","embeddable":true,"href":"https:\/\/www.europesays.com\/de\/wp-json\/wp\/v2\/tags?post=1271649"}],"curies":[{"name":"wp","href":"https:\/\/api.w.org\/{rel}","templated":true}]}}