{"id":127165,"date":"2025-05-21T04:20:09","date_gmt":"2025-05-21T04:20:09","guid":{"rendered":"https:\/\/www.europesays.com\/de\/127165\/"},"modified":"2025-05-21T04:20:09","modified_gmt":"2025-05-21T04:20:09","slug":"brinkmann-hofft-auf-arminia-coup-in-berlin","status":"publish","type":"post","link":"https:\/\/www.europesays.com\/de\/127165\/","title":{"rendered":"Brinkmann hofft auf Arminia-Coup in Berlin"},"content":{"rendered":"<p> <img decoding=\"async\" src=\"https:\/\/www.europesays.com\/de\/wp-content\/uploads\/2025\/05\/ec58c36563e136cd2aa14f500cf707e51609a7f6.jpg\" alt=\"\"\/><br \/>\nErst die Drittliga-Meisterschaft &#8211; und jetzt auch noch der Pokalsieg? F\u00fcr Ansgar Brinkmann w\u00e4re ein DFB-Pokal-Triumph von Arminia Bielefeld in Berlin inklusive Qualifikation f\u00fcr die Europa League kaum zu begreifen. &#8222;Rein hypothetisch &#8211; und ich versuche, sachlich zu bleiben, aber es f\u00e4llt mir schwer &#8211; wir gewinnen das Ding. Wenn da mal Manchester City mit Haaland auf die Alm kommen muss, das w\u00e4re im positiven Sinne schon geisteskrank&#8220;, sagte der fr\u00fchere Arminia-Profi im Gespr\u00e4ch mit dem SID.<\/p>\n<p><img decoding=\"async\" src=\"https:\/\/www.europesays.com\/de\/wp-content\/uploads\/2025\/05\/195e650734c2f295a48f065bde21ae9a4a48e9f7.jpg\" alt=\"Ansgar Brinkmann fiebert mit der Arminia (Foto: IMAGO\/Wedel\/IMAGO\/Wedel\/SID\/IMAGO\/Noah Wedel)\"\/><\/p>\n<p>Ansgar Brinkmann fiebert mit der Arminia<\/p>\n<p>Foto: IMAGO\/Wedel\/IMAGO\/Wedel\/SID\/IMAGO\/Noah Wedel<\/p>\n<p>Schon jetzt seien alle, &#8222;die es mit Bielefeld gut meinen&#8220;, in einem &#8222;permanenten Rausch&#8220;, so Brinkmann. Auf ihrem Weg ins Finale von Berlin, wo die Mannschaft von Trainer Mitch Kniat am Samstag (20.00 Uhr\/ZDF und Sky) auf den VfB Stuttgart trifft, hatten die Ostwestfalen insgesamt vier Bundesligisten ausgeschaltet &#8211; darunter im Halbfinale Bayer Leverkusen. <\/p>\n<p>&#8222;Das ist legend\u00e4r und historisch. Finale in Berlin. Da kannst du wahrscheinlich am helllichten Tag in Bielefeld einbrechen, es ist keiner da. Die werden alle in Berlin sein&#8220;, sagte Brinkmann. Und eine \u00dcberraschung durch die formstarke Arminia, die als Meister in die 2. Bundesliga aufsteigt, ist nicht ausgeschlossen. &#8222;Wir werden es versuchen&#8220;, sagte Brinkmann: &#8222;Wer keinen Mut hat, zu tr\u00e4umen, der hat auch keine Kraft zum K\u00e4mpfen.&#8220;<\/p>\n<p>Brinkmann hatte zwischen 2001 und 2003 f\u00fcr die Arminia gespielt und war mit dem Verein 2002 in die Bundesliga aufgestiegen, 2009 gab er sein Abschiedsspiel auf der Bielefelder Alm. <\/p>\n<p class=\"text-secondary\">\u00a9 2025 SID<\/p>\n","protected":false},"excerpt":{"rendered":"Erst die Drittliga-Meisterschaft &#8211; und jetzt auch noch der Pokalsieg? F\u00fcr Ansgar Brinkmann w\u00e4re ein DFB-Pokal-Triumph von Arminia&hellip;\n","protected":false},"author":2,"featured_media":127166,"comment_status":"","ping_status":"","sticky":false,"template":"","format":"standard","meta":{"footnotes":""},"categories":[1825],"tags":[47611,2368,296,29,47610,5855,30],"class_list":{"0":"post-127165","1":"post","2":"type-post","3":"status-publish","4":"format-standard","5":"has-post-thumbnail","7":"category-berlin","8":"tag-ansgar-brinkmann","9":"tag-arminia-bielefeld","10":"tag-berlin","11":"tag-deutschland","12":"tag-dfb-pokal-triumph","13":"tag-europa-league","14":"tag-germany"},"share_on_mastodon":{"url":"https:\/\/pubeurope.com\/@de\/114543907481835820","error":""},"_links":{"self":[{"href":"https:\/\/www.europesays.com\/de\/wp-json\/wp\/v2\/posts\/127165","targetHints":{"allow":["GET"]}}],"collection":[{"href":"https:\/\/www.europesays.com\/de\/wp-json\/wp\/v2\/posts"}],"about":[{"href":"https:\/\/www.europesays.com\/de\/wp-json\/wp\/v2\/types\/post"}],"author":[{"embeddable":true,"href":"https:\/\/www.europesays.com\/de\/wp-json\/wp\/v2\/users\/2"}],"replies":[{"embeddable":true,"href":"https:\/\/www.europesays.com\/de\/wp-json\/wp\/v2\/comments?post=127165"}],"version-history":[{"count":0,"href":"https:\/\/www.europesays.com\/de\/wp-json\/wp\/v2\/posts\/127165\/revisions"}],"wp:featuredmedia":[{"embeddable":true,"href":"https:\/\/www.europesays.com\/de\/wp-json\/wp\/v2\/media\/127166"}],"wp:attachment":[{"href":"https:\/\/www.europesays.com\/de\/wp-json\/wp\/v2\/media?parent=127165"}],"wp:term":[{"taxonomy":"category","embeddable":true,"href":"https:\/\/www.europesays.com\/de\/wp-json\/wp\/v2\/categories?post=127165"},{"taxonomy":"post_tag","embeddable":true,"href":"https:\/\/www.europesays.com\/de\/wp-json\/wp\/v2\/tags?post=127165"}],"curies":[{"name":"wp","href":"https:\/\/api.w.org\/{rel}","templated":true}]}}